{"id":14486,"date":"2013-03-11T10:44:55","date_gmt":"2013-03-11T13:44:55","guid":{"rendered":"https:\/\/www.mpal.mp.br\/?p=14486"},"modified":"2022-08-02T10:45:35","modified_gmt":"2022-08-02T13:45:35","slug":"mpe-recebe-visita-da-corregedoria-geral-de-justica-para-definir-acoes-integradas","status":"publish","type":"post","link":"https:\/\/www.mpal.mp.br\/?p=14486","title":{"rendered":"MPE recebe visita da Corregedoria Geral de Justi\u00e7a para definir a\u00e7\u00f5es integradas"},"content":{"rendered":"<p class=\"western\" style=\"text-align: justify;\"><span style=\"font-size: 14pt;\">Participaram da reuni\u00e3o o corregedor-geral, M\u00e1rcio Roberto Ten\u00f3rio; o corregedor-geral substituto, Vicente F\u00e9lix Correia; os promotores de Justi\u00e7a Roberto Salom\u00e3o Nascimento, Humberto Henrique Bulh\u00f5es e Adriana Gomes Moreira dos Santos. A ju\u00edza auxiliar da Corregedoria Geral da Justi\u00e7a, Maria de F\u00e1tima Barbosa Pirau\u00e1, tamb\u00e9m esteve presente.<\/span><\/p>\n<p class=\"western\" style=\"text-align: justify;\"><span style=\"font-size: 14pt;\">As autoridades discutiram a revis\u00e3o no m\u00e9todo de aplica\u00e7\u00e3o dos plant\u00f5es dos membros do MPE e do Poder Judici\u00e1rio, de modo a garantir agilidade dos tr\u00e2mites jur\u00eddicos e o atendimento \u00e0 popula\u00e7\u00e3o. Como sugest\u00e3o para aperfei\u00e7oar a escala de promotores e ju\u00edzes, foi citada a substitui\u00e7\u00e3o do plant\u00e3o de sobreaviso pelo plant\u00e3o presencial.<\/span><\/p>\n<p class=\"western\" style=\"text-align: justify;\"><span style=\"font-size: 14pt;\">O corregedor-geral do MPE, M\u00e1rcio Roberto Ten\u00f3rio, ressaltou que existe ainda uma demanda de promotores de Justi\u00e7a no estado e que, com a realiza\u00e7\u00e3o do concurso para ingresso no Minist\u00e9rio P\u00fablico, j\u00e1 em fase avan\u00e7ada, o problema ser\u00e1 amenizado.<\/span><\/p>\n<p class=\"western\" style=\"text-align: justify;\"><span style=\"font-size: 14pt;\">\u201cCom o reduzido n\u00famero de membros, torna-se inevit\u00e1vel a sobrecarga de trabalho dos promotores, principalmente daqueles que trabalham no interior. De toda forma, a Corregedoria est\u00e1 aberta para receber den\u00fancias a respeito de falhas na atua\u00e7\u00e3o ministerial, desde que fundamentada, de quem quer seja\u201d, afirma M\u00e1rcio Roberto.<\/span><\/p>\n","protected":false},"excerpt":{"rendered":"<p> [&hellip;]<\/p>\n","protected":false},"author":5,"featured_media":14488,"comment_status":"open","ping_status":"open","sticky":false,"template":"","format":"standard","meta":{"om_disable_all_campaigns":false,"_monsterinsights_skip_tracking":false,"_monsterinsights_sitenote_active":false,"_monsterinsights_sitenote_note":"","_monsterinsights_sitenote_category":0,"_uf_show_specific_survey":0,"_uf_disable_surveys":false,"footnotes":""},"categories":[2],"tags":[],"class_list":["post-14486","post","type-post","status-publish","format-standard","has-post-thumbnail","hentry","category-not_mpal"],"aioseo_notices":[],"_links":{"self":[{"href":"https:\/\/www.mpal.mp.br\/index.php?rest_route=\/wp\/v2\/posts\/14486","targetHints":{"allow":["GET"]}}],"collection":[{"href":"https:\/\/www.mpal.mp.br\/index.php?rest_route=\/wp\/v2\/posts"}],"about":[{"href":"https:\/\/www.mpal.mp.br\/index.php?rest_route=\/wp\/v2\/types\/post"}],"author":[{"embeddable":true,"href":"https:\/\/www.mpal.mp.br\/index.php?rest_route=\/wp\/v2\/users\/5"}],"replies":[{"embeddable":true,"href":"https:\/\/www.mpal.mp.br\/index.php?rest_route=%2Fwp%2Fv2%2Fcomments&post=14486"}],"version-history":[{"count":1,"href":"https:\/\/www.mpal.mp.br\/index.php?rest_route=\/wp\/v2\/posts\/14486\/revisions"}],"predecessor-version":[{"id":14489,"href":"https:\/\/www.mpal.mp.br\/index.php?rest_route=\/wp\/v2\/posts\/14486\/revisions\/14489"}],"wp:featuredmedia":[{"embeddable":true,"href":"https:\/\/www.mpal.mp.br\/index.php?rest_route=\/wp\/v2\/media\/14488"}],"wp:attachment":[{"href":"https:\/\/www.mpal.mp.br\/index.php?rest_route=%2Fwp%2Fv2%2Fmedia&parent=14486"}],"wp:term":[{"taxonomy":"category","embeddable":true,"href":"https:\/\/www.mpal.mp.br\/index.php?rest_route=%2Fwp%2Fv2%2Fcategories&post=14486"},{"taxonomy":"post_tag","embeddable":true,"href":"https:\/\/www.mpal.mp.br\/index.php?rest_route=%2Fwp%2Fv2%2Ftags&post=14486"}],"curies":[{"name":"wp","href":"https:\/\/api.w.org\/{rel}","templated":true}]}}