{"id":14484,"date":"2013-03-12T10:43:58","date_gmt":"2013-03-12T13:43:58","guid":{"rendered":"https:\/\/www.mpal.mp.br\/?p=14484"},"modified":"2022-08-02T10:44:43","modified_gmt":"2022-08-02T13:44:43","slug":"mpe-e-corregedoria-de-justica-promoverao-forum-que-discutira-medidas-socioeducativas-em-alagoas","status":"publish","type":"post","link":"https:\/\/www.mpal.mp.br\/?p=14484","title":{"rendered":"MPE e Corregedoria de Justi\u00e7a promover\u00e3o F\u00f3rum que discutir\u00e1 medidas socioeducativas em Alagoas"},"content":{"rendered":"<p style=\"text-align: justify;\"><span style=\"font-size: 14pt;\">O Minist\u00e9rio P\u00fablico Estadual de Alagoas, atrav\u00e9s da Corregedoria-Geral do MPE \u00a0e a Corregedoria Geral da Justi\u00e7a, realizar\u00e3o, no pr\u00f3ximo dia 22 de mar\u00e7o, o F\u00f3rum Alagoano de Medidas Socioeducativas em Meio Aberto. O evento ter\u00e1 in\u00edcio \u00e0s 9h, no audit\u00f3rio da Escola Superior de Magistratura (Esmal), que fica na Rua C\u00f4nego Machado, no bairro do Farol. As Secretarias de Estado da Promo\u00e7\u00e3o da Paz (Sepaz) e da Mulher, da Cidadania e dos Direitos Humanos (SEMCDH), assim como o Conselho Estadual dos Direitos da Crian\u00e7a e do Adolescente tamb\u00e9m integram a organiza\u00e7\u00e3o do evento. O F\u00f3rum Alagoano de Medidas Socioeducativas em Meio Aberto conta tamb\u00e9m com o apoio da Corregedoria-Geral do MPE.<\/span><\/p>\n<p class=\"western\" style=\"text-align: justify;\" align=\"JUSTIFY\"><span style=\"font-size: 14pt;\">Com o F\u00f3rum, as quatro institui\u00e7\u00f5es p\u00fablicas querem debater a municipaliza\u00e7\u00e3o do atendimento das medidas socioeducativas em meio aberto no Estado. O p\u00fablico-alvo \u00e9 a Rede de Atendimento \u00e0 Crian\u00e7a e ao Adolescente de 13 munic\u00edpios de Alagoas, espalhados em v\u00e1rias regi\u00f5es. Por conta disso, o evento pretende reunir os promotores de Justi\u00e7a que atuam nas varas da Inf\u00e2ncia e da Juventude das comarcas de Macei\u00f3, Atalaia, Uni\u00e3o dos Palmares, Arapiraca, S\u00e3o Miguel dos Campos, P\u00e3o de A\u00e7\u00facar, Boca da Mata, Rio Largo, Palmeira dos \u00cdndios, Coruripe, Porto Real do Col\u00e9gio, Maragogi e Delmiro Gouveia.<\/span><\/p>\n<p class=\"western\" style=\"text-align: justify;\" align=\"JUSTIFY\"><span style=\"font-size: 14pt;\"><strong>Programa\u00e7\u00e3o<\/strong><\/span><\/p>\n<p class=\"western\" style=\"text-align: justify;\" align=\"JUSTIFY\"><span style=\"font-size: 14pt;\">9h \u2013 Abertura oficial (Corregedor-geral da Justi\u00e7a do Estado de Alagoas, Alcides Gusm\u00e3o da Silva);<\/span><\/p>\n<p class=\"western\" style=\"text-align: justify;\" align=\"JUSTIFY\"><span style=\"font-size: 14pt;\">9h30 \u2013 Sistema Nacional de Atendimento Socioeducativo &#8211; Sinase (Juiz da C\u00e2mara Criminal\/TJAL);<\/span><\/p>\n<p class=\"western\" style=\"text-align: justify;\" align=\"JUSTIFY\"><span style=\"font-size: 14pt;\">10h \u2013 Cadastro Nacional de Adolescentes em Conflito com a Lei (Ju\u00edza Auxiliar e Presidente da CEJAI, F\u00e1tima Pirau\u00e1);<\/span><\/p>\n<p class=\"western\" style=\"text-align: justify;\" align=\"JUSTIFY\"><span style=\"font-size: 14pt;\">10h30 \u2013 Breves considera\u00e7\u00f5es sobre o art.122, inciso III, da Lei n\u00ba 8.069\/90 (Procurador-geral de Justi\u00e7a do MPE, S\u00e9rgio Juc\u00e1);<\/span><\/p>\n<p class=\"western\" style=\"text-align: justify;\" align=\"JUSTIFY\"><span style=\"font-size: 14pt;\">11h \u2013 An\u00e1lise diagn\u00f3stica do relat\u00f3rio do programa Justi\u00e7a ao Jovem do CNJ: Panorama Nordeste (Superintendente da Crian\u00e7a e presidente do CEDCA, Cl\u00e1udio Soriano)<\/span><\/p>\n<p class=\"western\" style=\"text-align: justify;\" align=\"JUSTIFY\"><span style=\"font-size: 14pt;\">11h30 \u2013 Municipaliza\u00e7\u00e3o do Atendimento Socioeducativo em Meio Aberto (Diretora de Meio Aberto pela SEMCDH e Sepaz);<\/span><\/p>\n<p class=\"western\" style=\"text-align: justify;\" align=\"JUSTIFY\"><span style=\"font-size: 14pt;\">12h \u2013 Os programas de execu\u00e7\u00e3o de medidas socioeducativas e o SUAS (Diretora de Prote\u00e7\u00e3o Social Especial da SEADES, Marluce Pereira);<\/span><\/p>\n<p class=\"western\" style=\"text-align: justify;\" align=\"JUSTIFY\"><span style=\"font-size: 14pt;\">12h30 \u2013 Experi\u00eancias Exitosas (promotores de Justi\u00e7a Alexandra Beurlen e Rog\u00e9rio Paranhos e o juiz de Direito, Igor Vieira).<\/span><\/p>\n","protected":false},"excerpt":{"rendered":"<p> [&hellip;]<\/p>\n","protected":false},"author":5,"featured_media":8732,"comment_status":"open","ping_status":"open","sticky":false,"template":"","format":"standard","meta":{"om_disable_all_campaigns":false,"_monsterinsights_skip_tracking":false,"_monsterinsights_sitenote_active":false,"_monsterinsights_sitenote_note":"","_monsterinsights_sitenote_category":0,"_uf_show_specific_survey":0,"_uf_disable_surveys":false,"footnotes":""},"categories":[2],"tags":[],"class_list":["post-14484","post","type-post","status-publish","format-standard","has-post-thumbnail","hentry","category-not_mpal"],"aioseo_notices":[],"_links":{"self":[{"href":"https:\/\/www.mpal.mp.br\/index.php?rest_route=\/wp\/v2\/posts\/14484","targetHints":{"allow":["GET"]}}],"collection":[{"href":"https:\/\/www.mpal.mp.br\/index.php?rest_route=\/wp\/v2\/posts"}],"about":[{"href":"https:\/\/www.mpal.mp.br\/index.php?rest_route=\/wp\/v2\/types\/post"}],"author":[{"embeddable":true,"href":"https:\/\/www.mpal.mp.br\/index.php?rest_route=\/wp\/v2\/users\/5"}],"replies":[{"embeddable":true,"href":"https:\/\/www.mpal.mp.br\/index.php?rest_route=%2Fwp%2Fv2%2Fcomments&post=14484"}],"version-history":[{"count":1,"href":"https:\/\/www.mpal.mp.br\/index.php?rest_route=\/wp\/v2\/posts\/14484\/revisions"}],"predecessor-version":[{"id":14485,"href":"https:\/\/www.mpal.mp.br\/index.php?rest_route=\/wp\/v2\/posts\/14484\/revisions\/14485"}],"wp:featuredmedia":[{"embeddable":true,"href":"https:\/\/www.mpal.mp.br\/index.php?rest_route=\/wp\/v2\/media\/8732"}],"wp:attachment":[{"href":"https:\/\/www.mpal.mp.br\/index.php?rest_route=%2Fwp%2Fv2%2Fmedia&parent=14484"}],"wp:term":[{"taxonomy":"category","embeddable":true,"href":"https:\/\/www.mpal.mp.br\/index.php?rest_route=%2Fwp%2Fv2%2Fcategories&post=14484"},{"taxonomy":"post_tag","embeddable":true,"href":"https:\/\/www.mpal.mp.br\/index.php?rest_route=%2Fwp%2Fv2%2Ftags&post=14484"}],"curies":[{"name":"wp","href":"https:\/\/api.w.org\/{rel}","templated":true}]}}