{"id":14479,"date":"2013-04-03T10:43:13","date_gmt":"2013-04-03T13:43:13","guid":{"rendered":"https:\/\/www.mpal.mp.br\/?p=14479"},"modified":"2022-08-02T10:43:51","modified_gmt":"2022-08-02T13:43:51","slug":"relatorio-de-correicoes-sera-publicado-no-site-corregedoria-classificara-o-desempenho-das-promotorias-de-justica","status":"publish","type":"post","link":"https:\/\/www.mpal.mp.br\/?p=14479","title":{"rendered":"Relat\u00f3rio de correi\u00e7\u00f5es ser\u00e1 publicado no site; Corregedoria classificar\u00e1 o desempenho das Promotorias de Justi\u00e7a"},"content":{"rendered":"<p class=\"western\" style=\"text-align: justify;\"><span style=\"font-size: 14pt;\">Nesta quarta-feira (3), o Conselho Superior do Minist\u00e9rio P\u00fablico aprovou a proposta da Corregedoria Geral do Minist\u00e9rio P\u00fablico de publicar no site da Institui\u00e7\u00e3o os relat\u00f3rios das correi\u00e7\u00f5es com o objetivo de aumentar a publicidade dos servi\u00e7os prestados pelo \u00f3rg\u00e3o \u00e0 sociedade. Os relat\u00f3rios ser\u00e3o publicados na se\u00e7\u00e3o da pr\u00f3pria Corregedoria.<\/span><\/p>\n<p class=\"western\" style=\"text-align: justify;\"><span style=\"font-size: 14pt;\">A segunda novidade \u00e9 que os relat\u00f3rios conclusivos das correi\u00e7\u00f5es realizadas nas Promotorias de Justi\u00e7a passar\u00e3o a receber conceitos. \u201cIremos conceituar o trabalho da Promotoria de Justi\u00e7a em Excelente, Muito Bom, Bom, Regular e Insuficiente. Se a classifica\u00e7\u00e3o for Insuficiente, abriremos um procedimento administrativo contra o membro do MPE. Isso j\u00e1 vale para as correi\u00e7\u00f5es que fizemos em mar\u00e7o\u201d, explicou o corregedor-geral do MPE, M\u00e1rcio Roberto Ten\u00f3rio.<\/span><\/p>\n<p class=\"western\" style=\"text-align: justify;\"><span style=\"font-size: 14pt;\"><strong>Correi\u00e7\u00f5es de mar\u00e7o<\/strong><\/span><\/p>\n<p class=\"western\" style=\"text-align: justify;\"><span style=\"font-size: 14pt;\">A Corregedoria Geral do Minist\u00e9rio P\u00fablico Estadual (MPE) realizou no m\u00eas de mar\u00e7o correi\u00e7\u00f5es nas Promotorias de Justi\u00e7a Penedo, Pia\u00e7abu\u00e7u, Coruripe e Porto Real do Col\u00e9gio. Em Macei\u00f3, o \u00f3rg\u00e3o visitou a 12\u00ba Promotoria da Capital. Foi o terceiro m\u00eas seguido de correi\u00e7\u00f5es da Corregedoria, que deve visitar todas as Promotorias do estado at\u00e9 o final de 2015, conforme exig\u00eancia do Conselho Nacional do Minist\u00e9rio P\u00fablico (CNMP).<\/span><\/p>\n<p class=\"western\" style=\"text-align: justify;\"><span style=\"font-size: 14pt;\">O corregedor-geral do MPE, M\u00e1rcio Roberto Ten\u00f3rio, e os promotores de Justi\u00e7a Roberto Salom\u00e3o Nascimento e Humberto Bulh\u00f5es foram os respons\u00e1veis por avaliarem a atua\u00e7\u00e3o dos \u00f3rg\u00e3os ministeriais. \u201cA princ\u00edpio, em nenhuma delas constatamos qualquer irregularidade, ou seja, os processos est\u00e3o tramitando normalmente e os promotores est\u00e3o atendendo ao p\u00fablico, al\u00e9m de comparecerem a todos os atos em que s\u00e3o exigidas sua presen\u00e7a. Vamos agora estudar as informa\u00e7\u00f5es recolhidas para elaborar o relat\u00f3rio conclusivo\u201d, afirmou M\u00e1rcio Roberto.<\/span><\/p>\n","protected":false},"excerpt":{"rendered":"<p> [&hellip;]<\/p>\n","protected":false},"author":5,"featured_media":14482,"comment_status":"open","ping_status":"open","sticky":false,"template":"","format":"standard","meta":{"om_disable_all_campaigns":false,"_monsterinsights_skip_tracking":false,"_monsterinsights_sitenote_active":false,"_monsterinsights_sitenote_note":"","_monsterinsights_sitenote_category":0,"_uf_show_specific_survey":0,"_uf_disable_surveys":false,"footnotes":""},"categories":[2],"tags":[],"class_list":["post-14479","post","type-post","status-publish","format-standard","has-post-thumbnail","hentry","category-not_mpal"],"aioseo_notices":[],"_links":{"self":[{"href":"https:\/\/www.mpal.mp.br\/index.php?rest_route=\/wp\/v2\/posts\/14479","targetHints":{"allow":["GET"]}}],"collection":[{"href":"https:\/\/www.mpal.mp.br\/index.php?rest_route=\/wp\/v2\/posts"}],"about":[{"href":"https:\/\/www.mpal.mp.br\/index.php?rest_route=\/wp\/v2\/types\/post"}],"author":[{"embeddable":true,"href":"https:\/\/www.mpal.mp.br\/index.php?rest_route=\/wp\/v2\/users\/5"}],"replies":[{"embeddable":true,"href":"https:\/\/www.mpal.mp.br\/index.php?rest_route=%2Fwp%2Fv2%2Fcomments&post=14479"}],"version-history":[{"count":1,"href":"https:\/\/www.mpal.mp.br\/index.php?rest_route=\/wp\/v2\/posts\/14479\/revisions"}],"predecessor-version":[{"id":14483,"href":"https:\/\/www.mpal.mp.br\/index.php?rest_route=\/wp\/v2\/posts\/14479\/revisions\/14483"}],"wp:featuredmedia":[{"embeddable":true,"href":"https:\/\/www.mpal.mp.br\/index.php?rest_route=\/wp\/v2\/media\/14482"}],"wp:attachment":[{"href":"https:\/\/www.mpal.mp.br\/index.php?rest_route=%2Fwp%2Fv2%2Fmedia&parent=14479"}],"wp:term":[{"taxonomy":"category","embeddable":true,"href":"https:\/\/www.mpal.mp.br\/index.php?rest_route=%2Fwp%2Fv2%2Fcategories&post=14479"},{"taxonomy":"post_tag","embeddable":true,"href":"https:\/\/www.mpal.mp.br\/index.php?rest_route=%2Fwp%2Fv2%2Ftags&post=14479"}],"curies":[{"name":"wp","href":"https:\/\/api.w.org\/{rel}","templated":true}]}}