{"id":14468,"date":"2013-05-03T10:40:03","date_gmt":"2013-05-03T13:40:03","guid":{"rendered":"https:\/\/www.mpal.mp.br\/?p=14468"},"modified":"2022-08-02T10:40:38","modified_gmt":"2022-08-02T13:40:38","slug":"corregedoria-geral-do-mpe-participa-de-treinamento-em-brasilia","status":"publish","type":"post","link":"https:\/\/www.mpal.mp.br\/?p=14468","title":{"rendered":"Corregedoria Geral do MPE participa de treinamento em Bras\u00edlia"},"content":{"rendered":"<p style=\"text-align: justify;\"><span style=\"font-size: 14pt;\">A Corregedoria Geral do Minist\u00e9rio P\u00fablico do Estado de Alagoas (MPE) participou na segunda-feira (29), do treinamento sobre o Sistema de Cadastro de Membros do Minist\u00e9rio P\u00fablico, realizado em Bras\u00edlia. A secret\u00e1ria-geral e promotora de Justi\u00e7a Adriana Gomes e a servidora M\u00e1rcia Barros representaram o MPE no evento. O cadastro ir\u00e1 reunir, numa base de dados \u00fanica, informa\u00e7\u00f5es pessoais de aproximadamente 14 mil procuradores e promotores de Justi\u00e7a de todo o Minist\u00e9rio P\u00fablico Brasileiro. O projeto esta sob coordena\u00e7\u00e3o da Corregedoria Nacional do MP.<\/span><\/p>\n<p style=\"text-align: justify;\"><span style=\"font-size: 14pt;\">O Cadastro de Membros do Minist\u00e9rio P\u00fablico poder\u00e1 ser acessado pela Corregedoria Nacional para verificar o cumprimento das resolu\u00e7\u00f5es que tratam de exerc\u00edcio de magist\u00e9rio e de resid\u00eancia na comarca, por exemplo, e pelos pr\u00f3prios Minist\u00e9rios P\u00fablicos. Al\u00e9m disso, quando estiver completamente implantado, ir\u00e1 permitir que o p\u00fablico consulte, numa mesma p\u00e1gina, o endere\u00e7o, o telefone e o hor\u00e1rio de expediente de todas as Procuradorias e Promotorias do pa\u00eds.<\/span><\/p>\n<p style=\"text-align: justify;\"><span style=\"font-size: 14pt;\">No treinamento, membros e servidores com atua\u00e7\u00e3o nas Corregedorias Gerais e nas \u00e1reas de gest\u00e3o de pessoas e de tecnologia da informa\u00e7\u00e3o navegaram pelo sistema desenvolvido pelo \u00f3rg\u00e3o nacional, aprenderam como inserir as informa\u00e7\u00f5es e conheceram a resolu\u00e7\u00e3o que institui o cadastro e atos normativos relacionados. O curso foi ministrado por F\u00e1bio Kosaka, membro auxiliar da Corregedoria Nacional do MP e procurador do Trabalho na 15\u00aa Regi\u00e3o.<\/span><\/p>\n<p style=\"text-align: justify;\"><span style=\"font-size: 14pt;\">O sistema ser\u00e1 implantado em tr\u00eas etapas. A primeira etapa ou itera\u00e7\u00e3o j\u00e1 est\u00e1 dispon\u00edvel para inser\u00e7\u00e3o de dados pelos Minist\u00e9rios P\u00fablicos. A expectativa \u00e9 que uma alimenta\u00e7\u00e3o inicial dos dados da primeira intera\u00e7\u00e3o seja feita pelos MPs no prazo de 30 dias. A implanta\u00e7\u00e3o das pr\u00f3ximas itera\u00e7\u00f5es ou etapas deve acontecer em julho e agosto. A previs\u00e3o \u00e9 realizar novo treinamento em setembro deste ano.<\/span><\/p>\n","protected":false},"excerpt":{"rendered":"<p> [&hellip;]<\/p>\n","protected":false},"author":5,"featured_media":8970,"comment_status":"open","ping_status":"open","sticky":false,"template":"","format":"standard","meta":{"om_disable_all_campaigns":false,"_monsterinsights_skip_tracking":false,"_monsterinsights_sitenote_active":false,"_monsterinsights_sitenote_note":"","_monsterinsights_sitenote_category":0,"_uf_show_specific_survey":0,"_uf_disable_surveys":false,"footnotes":""},"categories":[2],"tags":[],"class_list":["post-14468","post","type-post","status-publish","format-standard","has-post-thumbnail","hentry","category-not_mpal"],"aioseo_notices":[],"_links":{"self":[{"href":"https:\/\/www.mpal.mp.br\/index.php?rest_route=\/wp\/v2\/posts\/14468","targetHints":{"allow":["GET"]}}],"collection":[{"href":"https:\/\/www.mpal.mp.br\/index.php?rest_route=\/wp\/v2\/posts"}],"about":[{"href":"https:\/\/www.mpal.mp.br\/index.php?rest_route=\/wp\/v2\/types\/post"}],"author":[{"embeddable":true,"href":"https:\/\/www.mpal.mp.br\/index.php?rest_route=\/wp\/v2\/users\/5"}],"replies":[{"embeddable":true,"href":"https:\/\/www.mpal.mp.br\/index.php?rest_route=%2Fwp%2Fv2%2Fcomments&post=14468"}],"version-history":[{"count":1,"href":"https:\/\/www.mpal.mp.br\/index.php?rest_route=\/wp\/v2\/posts\/14468\/revisions"}],"predecessor-version":[{"id":14470,"href":"https:\/\/www.mpal.mp.br\/index.php?rest_route=\/wp\/v2\/posts\/14468\/revisions\/14470"}],"wp:featuredmedia":[{"embeddable":true,"href":"https:\/\/www.mpal.mp.br\/index.php?rest_route=\/wp\/v2\/media\/8970"}],"wp:attachment":[{"href":"https:\/\/www.mpal.mp.br\/index.php?rest_route=%2Fwp%2Fv2%2Fmedia&parent=14468"}],"wp:term":[{"taxonomy":"category","embeddable":true,"href":"https:\/\/www.mpal.mp.br\/index.php?rest_route=%2Fwp%2Fv2%2Fcategories&post=14468"},{"taxonomy":"post_tag","embeddable":true,"href":"https:\/\/www.mpal.mp.br\/index.php?rest_route=%2Fwp%2Fv2%2Ftags&post=14468"}],"curies":[{"name":"wp","href":"https:\/\/api.w.org\/{rel}","templated":true}]}}