{"id":14463,"date":"2013-07-09T10:38:38","date_gmt":"2013-07-09T13:38:38","guid":{"rendered":"https:\/\/www.mpal.mp.br\/?p=14463"},"modified":"2022-08-02T10:39:30","modified_gmt":"2022-08-02T13:39:30","slug":"promotorias-de-arapiraca-e-da-capital-serao-alvos-de-correicao-ordinaria-em-julho","status":"publish","type":"post","link":"https:\/\/www.mpal.mp.br\/?p=14463","title":{"rendered":"Promotorias de Arapiraca e da Capital ser\u00e3o alvos de correi\u00e7\u00e3o ordin\u00e1ria em julho"},"content":{"rendered":"<p style=\"text-align: justify;\" align=\"JUSTIFY\"><span style=\"font-size: 14pt;\">A Corregedoria Geral do Minist\u00e9rio P\u00fablico visitar\u00e1 em julho as Promotorias de Justi\u00e7a de Arapiraca e 39\u00aa da Capital no per\u00edodo de 17 a 24 de julho. O corregedor-geral M\u00e1rcio Roberto e os promotores Roberto Salom\u00e3o e Humberto Bulh\u00f5es realizar\u00e3o a s\u00e9tima rodada de correi\u00e7\u00f5es ordin\u00e1rias do ano.<\/span><\/p>\n<p style=\"text-align: justify;\" align=\"JUSTIFY\"><span style=\"font-size: 14pt;\">As primeiras Promotorias a receberem os representantes da Corregedoria s\u00e3o a 1\u00aa, 2\u00aa, 3\u00aa de Arapiraca, no dia 17 de julho. No dia seguinte, ser\u00e1 a vez das 4\u00aa, 5\u00aa, 6\u00aa e 7\u00aa Promotorias de Justi\u00e7a do munic\u00edpio. As demais ocorrem nos dias 23 de julho, sendo a correi\u00e7\u00e3o da 39\u00aa Promotoria de Justi\u00e7a da Capital no dia 24.<\/span><\/p>\n<p style=\"text-align: justify;\" align=\"JUSTIFY\"><span style=\"font-size: 14pt;\">As correi\u00e7\u00f5es t\u00eam como objetivos avaliar a atua\u00e7\u00e3o dos \u00f3rg\u00e3os ministeriais e repassar as orienta\u00e7\u00f5es que se fizerem necess\u00e1rias. Durante a realiza\u00e7\u00e3o das correi\u00e7\u00f5es, qualquer pessoa pode oferecer reclama\u00e7\u00f5es, por escrito ou oral, sobre a respectiva unidade.<\/span><\/p>\n<p style=\"text-align: justify;\" align=\"JUSTIFY\"><span style=\"font-size: 14pt;\"><strong>Rio Largo e 32\u00aa PJ da Capital<\/strong><\/span><\/p>\n<p style=\"text-align: justify;\" align=\"JUSTIFY\"><span style=\"font-size: 14pt;\">Em junho, a Corregedoria realizou correi\u00e7\u00f5es ordin\u00e1rias em cinco promotorias. Dessa vez, a 1\u00aa, 2\u00aa , 3\u00aa e 4\u00aa Promotorias de Justi\u00e7a de Rio Largo, al\u00e9m da 32\u00aa da Capital, receberam o grupo comandado pelo corregedor-geral M\u00e1rcio Roberto.<\/span><\/p>\n","protected":false},"excerpt":{"rendered":"<p> [&hellip;]<\/p>\n","protected":false},"author":5,"featured_media":14465,"comment_status":"open","ping_status":"open","sticky":false,"template":"","format":"standard","meta":{"om_disable_all_campaigns":false,"_monsterinsights_skip_tracking":false,"_monsterinsights_sitenote_active":false,"_monsterinsights_sitenote_note":"","_monsterinsights_sitenote_category":0,"_uf_show_specific_survey":0,"_uf_disable_surveys":false,"footnotes":""},"categories":[2],"tags":[],"class_list":["post-14463","post","type-post","status-publish","format-standard","has-post-thumbnail","hentry","category-not_mpal"],"aioseo_notices":[],"_links":{"self":[{"href":"https:\/\/www.mpal.mp.br\/index.php?rest_route=\/wp\/v2\/posts\/14463","targetHints":{"allow":["GET"]}}],"collection":[{"href":"https:\/\/www.mpal.mp.br\/index.php?rest_route=\/wp\/v2\/posts"}],"about":[{"href":"https:\/\/www.mpal.mp.br\/index.php?rest_route=\/wp\/v2\/types\/post"}],"author":[{"embeddable":true,"href":"https:\/\/www.mpal.mp.br\/index.php?rest_route=\/wp\/v2\/users\/5"}],"replies":[{"embeddable":true,"href":"https:\/\/www.mpal.mp.br\/index.php?rest_route=%2Fwp%2Fv2%2Fcomments&post=14463"}],"version-history":[{"count":1,"href":"https:\/\/www.mpal.mp.br\/index.php?rest_route=\/wp\/v2\/posts\/14463\/revisions"}],"predecessor-version":[{"id":14467,"href":"https:\/\/www.mpal.mp.br\/index.php?rest_route=\/wp\/v2\/posts\/14463\/revisions\/14467"}],"wp:featuredmedia":[{"embeddable":true,"href":"https:\/\/www.mpal.mp.br\/index.php?rest_route=\/wp\/v2\/media\/14465"}],"wp:attachment":[{"href":"https:\/\/www.mpal.mp.br\/index.php?rest_route=%2Fwp%2Fv2%2Fmedia&parent=14463"}],"wp:term":[{"taxonomy":"category","embeddable":true,"href":"https:\/\/www.mpal.mp.br\/index.php?rest_route=%2Fwp%2Fv2%2Fcategories&post=14463"},{"taxonomy":"post_tag","embeddable":true,"href":"https:\/\/www.mpal.mp.br\/index.php?rest_route=%2Fwp%2Fv2%2Ftags&post=14463"}],"curies":[{"name":"wp","href":"https:\/\/api.w.org\/{rel}","templated":true}]}}