{"id":14460,"date":"2013-08-12T10:37:45","date_gmt":"2013-08-12T13:37:45","guid":{"rendered":"https:\/\/www.mpal.mp.br\/?p=14460"},"modified":"2022-08-02T10:38:23","modified_gmt":"2022-08-02T13:38:23","slug":"corregedoria-do-mpe-al-participa-de-87a-reuniao-do-cncgmp","status":"publish","type":"post","link":"https:\/\/www.mpal.mp.br\/?p=14460","title":{"rendered":"Corregedoria do MPE\/AL participa de 87\u00aa Reuni\u00e3o do CNCGMP"},"content":{"rendered":"<p style=\"text-align: justify;\" align=\"JUSTIFY\"><span style=\"font-size: 14pt;\">O Minist\u00e9rio P\u00fablico do Estado de Alagoas (MP\/AL) participou, nos dias 01 e 02 de agosto, da 87\u00aa Reuni\u00e3o Ordin\u00e1ria do Conselho Nacional dos Corregedores-Gerais do Minist\u00e9rio P\u00fablico (CNCGMP), realizado em S\u00e3o Paulo, na sede da Federa\u00e7\u00e3o das Ind\u00fastrias do Estado de S\u00e3o Paulo (Fiesp). Pelo Parquet alagoano, estiveram presentes o corregedor-geral, M\u00e1rcio Roberto Ten\u00f3rio, e a secret\u00e1ria-geral da Corregedoria do MP\/AL, Adriana Gomes.<\/span><\/p>\n<p style=\"text-align: justify;\" align=\"JUSTIFY\"><span style=\"font-size: 14pt;\">No evento, foram discutidos temas como o est\u00e1gio probat\u00f3rio dos membros do Minist\u00e9rio P\u00fablico; Conselho Nacional do Minist\u00e9rio P\u00fablico (CNMP); Proposta de Emenda Constitucional n\u00ba 37\/2011 (PEC 37); a concess\u00e3o de medidas liminares inaudita altera pars contra atos das Corregedorias Gerais em procedimentos disciplinares pelo CNMP; e limites da independ\u00eancia funcional face ao deve de atuar. Tamb\u00e9m foi tema de debate assuntos administrativos do CNCGMP.<\/span><\/p>\n<p style=\"text-align: justify;\" align=\"JUSTIFY\"><span style=\"font-size: 14pt;\"><strong>Correi\u00e7\u00f5es de agosto<\/strong><\/span><\/p>\n<p style=\"text-align: justify;\" align=\"JUSTIFY\"><span style=\"font-size: 14pt;\">Agosto ser\u00e1 o m\u00eas de Palmeira dos \u00cdndios receber a equipe da Corregedoria Geral do Minist\u00e9rio P\u00fablico para a realiza\u00e7\u00e3o da oitava rodada de correi\u00e7\u00f5es ordin\u00e1rias do ano. Neste m\u00eas, o corregedor-geral M\u00e1rcio Roberto e os promotores Roberto Salom\u00e3o e Humberto Bulh\u00f5es j\u00e1 passaram pela Promotoria de Justi\u00e7a de Capela e pela 34\u00ba Promotoria de Justi\u00e7a da Capital.<\/span><\/p>\n<p style=\"text-align: justify;\" align=\"JUSTIFY\"><span style=\"font-size: 14pt;\">A partir desta ter\u00e7a-feira (13), a Corregedoria inicia a nova s\u00e9rie de correi\u00e7\u00f5es pelas 1\u00aa, 2\u00aa, 3\u00aa Promotorias de Justi\u00e7a de Palmeira dos \u00cdndios. No dia 22 de agosto, ser\u00e1 a vez da 4\u00ba e 6\u00ba Promotorias de Justi\u00e7a do munic\u00edpio que fica no agreste alagoano serem analisadas. Antes delas, a Corregedoria passar\u00e1 pela 10\u00ba Promotoria de Justi\u00e7a da Capital.<\/span><\/p>\n<p style=\"text-align: justify;\" align=\"JUSTIFY\"><span style=\"font-size: 14pt;\">As correi\u00e7\u00f5es t\u00eam como objetivos avaliar a atua\u00e7\u00e3o dos \u00f3rg\u00e3os ministeriais e repassar as orienta\u00e7\u00f5es que se fizerem necess\u00e1rias. Durante a realiza\u00e7\u00e3o das correi\u00e7\u00f5es, qualquer pessoa pode oferecer reclama\u00e7\u00f5es, por escrito ou oral, sobre a respectiva unidade.<\/span><\/p>\n","protected":false},"excerpt":{"rendered":"<p> [&hellip;]<\/p>\n","protected":false},"author":5,"featured_media":14461,"comment_status":"open","ping_status":"open","sticky":false,"template":"","format":"standard","meta":{"om_disable_all_campaigns":false,"_monsterinsights_skip_tracking":false,"_monsterinsights_sitenote_active":false,"_monsterinsights_sitenote_note":"","_monsterinsights_sitenote_category":0,"_uf_show_specific_survey":0,"_uf_disable_surveys":false,"footnotes":""},"categories":[2],"tags":[],"class_list":["post-14460","post","type-post","status-publish","format-standard","has-post-thumbnail","hentry","category-not_mpal"],"aioseo_notices":[],"_links":{"self":[{"href":"https:\/\/www.mpal.mp.br\/index.php?rest_route=\/wp\/v2\/posts\/14460","targetHints":{"allow":["GET"]}}],"collection":[{"href":"https:\/\/www.mpal.mp.br\/index.php?rest_route=\/wp\/v2\/posts"}],"about":[{"href":"https:\/\/www.mpal.mp.br\/index.php?rest_route=\/wp\/v2\/types\/post"}],"author":[{"embeddable":true,"href":"https:\/\/www.mpal.mp.br\/index.php?rest_route=\/wp\/v2\/users\/5"}],"replies":[{"embeddable":true,"href":"https:\/\/www.mpal.mp.br\/index.php?rest_route=%2Fwp%2Fv2%2Fcomments&post=14460"}],"version-history":[{"count":1,"href":"https:\/\/www.mpal.mp.br\/index.php?rest_route=\/wp\/v2\/posts\/14460\/revisions"}],"predecessor-version":[{"id":14462,"href":"https:\/\/www.mpal.mp.br\/index.php?rest_route=\/wp\/v2\/posts\/14460\/revisions\/14462"}],"wp:featuredmedia":[{"embeddable":true,"href":"https:\/\/www.mpal.mp.br\/index.php?rest_route=\/wp\/v2\/media\/14461"}],"wp:attachment":[{"href":"https:\/\/www.mpal.mp.br\/index.php?rest_route=%2Fwp%2Fv2%2Fmedia&parent=14460"}],"wp:term":[{"taxonomy":"category","embeddable":true,"href":"https:\/\/www.mpal.mp.br\/index.php?rest_route=%2Fwp%2Fv2%2Fcategories&post=14460"},{"taxonomy":"post_tag","embeddable":true,"href":"https:\/\/www.mpal.mp.br\/index.php?rest_route=%2Fwp%2Fv2%2Ftags&post=14460"}],"curies":[{"name":"wp","href":"https:\/\/api.w.org\/{rel}","templated":true}]}}