{"id":14454,"date":"2013-11-14T10:34:25","date_gmt":"2013-11-14T12:34:25","guid":{"rendered":"https:\/\/www.mpal.mp.br\/?p=14454"},"modified":"2022-08-02T10:37:27","modified_gmt":"2022-08-02T13:37:27","slug":"tres-vezes-chefe-do-mpe-al-procurador-de-justica-recebera-homenagem-da-corregedoria","status":"publish","type":"post","link":"https:\/\/www.mpal.mp.br\/?p=14454","title":{"rendered":"Tr\u00eas vezes chefe do MPE\/AL, procurador de Justi\u00e7a receber\u00e1 homenagem da Corregedoria"},"content":{"rendered":"<p style=\"text-align: justify;\" align=\"JUSTIFY\"><span style=\"font-size: 14pt;\">O procurador de Justi\u00e7a Dilmar Lopes Camerino, que j\u00e1 foi eleito procurador-geral de Justi\u00e7a do Minist\u00e9rio P\u00fablico do Estado de Alagoas (MPE\/AL) por tr\u00eas vezes, receber\u00e1, na pr\u00f3xima ter\u00e7a-feira (19), o Diploma de Honra ao M\u00e9rito Doutor Carlos Guido Ferr\u00e1rio Lobo. A homenagem organizada pela Corregedoria Geral ser\u00e1 realizada no audit\u00f3rio Edgar Valente de Lima Filho, na sede do MPE\/AL, a partir das 11h. Membros, servidores, familiares, amigos e autoridades dos Tr\u00eas Poderes v\u00e3o prestigiar Camerino na solenidade.<\/span><\/p>\n<p style=\"text-align: justify;\" align=\"JUSTIFY\"><span style=\"font-size: 14pt;\">O corregedor-geral M\u00e1rcio Roberto Ten\u00f3rio ressaltou o processo criterioso na escolha de membro do MPE\/AL para receber o diploma. \u201cA Corregedoria Geral busca homenagear algum promotor ou procurador de Justi\u00e7a que vem sendo parte significativa do Minist\u00e9rio P\u00fablico nessa busca pela excel\u00eancia no desempenho da fun\u00e7\u00e3o social. Tanto que apenas cinco membros foram escolhidos desde a cria\u00e7\u00e3o da homenagem, j\u00e1 contando com o procurador Dilmar Camerino\u201d, explica M\u00e1rcio Roberto.<\/span><\/p>\n<p style=\"text-align: justify;\"><span style=\"font-size: 14pt;\"><strong>A homenagem<\/strong><\/span><\/p>\n<p style=\"text-align: justify;\" align=\"JUSTIFY\"><span style=\"font-size: 14pt;\">Com objetivo de premiar e incentivar os membros do MPE\/AL, a homenagem foi institu\u00edda a partir do Ato CGMPAL N\u00ba 04\/2009 durante a gest\u00e3o do ent\u00e3o corregedor-geral Francisco Jos\u00e9 Sarmento Azevedo. Procuradores e promotores recebem o diploma como reconhecimento pelo exerc\u00edcio pleno das fun\u00e7\u00f5es, de um modo geral, e em espec\u00edfico, da sua atua\u00e7\u00e3o funcional. O esfor\u00e7o no aprimoramento profissional, cultural e intelectual tamb\u00e9m s\u00e3o considerados na homenagem.<\/span><\/p>\n<p style=\"text-align: justify;\" align=\"JUSTIFY\"><span style=\"font-size: 14pt;\">J\u00e1 receberam o diploma os promotores de Justi\u00e7a Maria Aparecida de Gouveia Carna\u00faba (2012), Alexandra Beurlen (2011), Maur\u00edcio Wanderley (2010) e Rog\u00e9rio Paranhos (2010). O jurista Carlos Guido d\u00e1 nome \u00e0 homenagem por for\u00e7a dos relevantes servi\u00e7os que prestou \u00e0 Institui\u00e7\u00e3o por longos anos, como promotor, procurador e procurador-geral de Justi\u00e7a.<\/span><\/p>\n","protected":false},"excerpt":{"rendered":"<p> [&hellip;]<\/p>\n","protected":false},"author":5,"featured_media":14455,"comment_status":"open","ping_status":"open","sticky":false,"template":"","format":"standard","meta":{"om_disable_all_campaigns":false,"_monsterinsights_skip_tracking":false,"_monsterinsights_sitenote_active":false,"_monsterinsights_sitenote_note":"","_monsterinsights_sitenote_category":0,"_uf_show_specific_survey":0,"_uf_disable_surveys":false,"footnotes":""},"categories":[2],"tags":[],"class_list":["post-14454","post","type-post","status-publish","format-standard","has-post-thumbnail","hentry","category-not_mpal"],"aioseo_notices":[],"_links":{"self":[{"href":"https:\/\/www.mpal.mp.br\/index.php?rest_route=\/wp\/v2\/posts\/14454","targetHints":{"allow":["GET"]}}],"collection":[{"href":"https:\/\/www.mpal.mp.br\/index.php?rest_route=\/wp\/v2\/posts"}],"about":[{"href":"https:\/\/www.mpal.mp.br\/index.php?rest_route=\/wp\/v2\/types\/post"}],"author":[{"embeddable":true,"href":"https:\/\/www.mpal.mp.br\/index.php?rest_route=\/wp\/v2\/users\/5"}],"replies":[{"embeddable":true,"href":"https:\/\/www.mpal.mp.br\/index.php?rest_route=%2Fwp%2Fv2%2Fcomments&post=14454"}],"version-history":[{"count":1,"href":"https:\/\/www.mpal.mp.br\/index.php?rest_route=\/wp\/v2\/posts\/14454\/revisions"}],"predecessor-version":[{"id":14457,"href":"https:\/\/www.mpal.mp.br\/index.php?rest_route=\/wp\/v2\/posts\/14454\/revisions\/14457"}],"wp:featuredmedia":[{"embeddable":true,"href":"https:\/\/www.mpal.mp.br\/index.php?rest_route=\/wp\/v2\/media\/14455"}],"wp:attachment":[{"href":"https:\/\/www.mpal.mp.br\/index.php?rest_route=%2Fwp%2Fv2%2Fmedia&parent=14454"}],"wp:term":[{"taxonomy":"category","embeddable":true,"href":"https:\/\/www.mpal.mp.br\/index.php?rest_route=%2Fwp%2Fv2%2Fcategories&post=14454"},{"taxonomy":"post_tag","embeddable":true,"href":"https:\/\/www.mpal.mp.br\/index.php?rest_route=%2Fwp%2Fv2%2Ftags&post=14454"}],"curies":[{"name":"wp","href":"https:\/\/api.w.org\/{rel}","templated":true}]}}