{"id":14448,"date":"2013-11-19T10:30:37","date_gmt":"2013-11-19T12:30:37","guid":{"rendered":"https:\/\/www.mpal.mp.br\/?p=14448"},"modified":"2022-08-02T10:31:12","modified_gmt":"2022-08-02T13:31:12","slug":"procurador-de-justica-dilmar-camerino-e-homenageado-com-diploma-de-honra-ao-merito","status":"publish","type":"post","link":"https:\/\/www.mpal.mp.br\/?p=14448","title":{"rendered":"Procurador de Justi\u00e7a Dilmar Camerino \u00e9 homenageado com diploma de honra ao m\u00e9rito"},"content":{"rendered":"<p style=\"text-align: justify;\" align=\"JUSTIFY\"><span style=\"font-size: 14pt;\">A grandeza n\u00e3o consiste em receber honras,\u00a0<em>mas, em merec\u00ea-las\u201d. Foi parafraseando o fil\u00f3sofo Arist\u00f3teles que o\u00a0<\/em><em>pr<\/em>ocurador de Justi\u00e7a Dilmar Lopes Camerino, que j\u00e1 foi eleito procurador-geral de Justi\u00e7a do Minist\u00e9rio P\u00fablico do Estado de Alagoas por tr\u00eas vezes, iniciou seu discurso de agradecimento pela honraria concedida a ele na manh\u00e3 desta ter\u00e7a-feira (19), no pr\u00e9dio do MPE\/AL. Durante solenidade bastante concorrida, prestigiada por autoridades dos tr\u00eas Poderes, Camerino foi agraciado com o Diploma de Honra ao M\u00e9rito Doutor Carlos Guido Ferr\u00e1rio Lobo, homenagem organizada pela Corregedoria Geral de Justi\u00e7a.<\/span><\/p>\n<p style=\"text-align: justify;\"><span style=\"font-size: 14pt;\">\u201cQuando fui comunicado sobre a homenagem, fiquei pensando se eu era merecedor dela. E, ent\u00e3o, comecei a fazer uma retrospectiva da minha vida funcional. Tive a oportunidade de participar da Ampal, tanto como diretor de Rela\u00e7\u00f5es P\u00fablicas, quanto como presidente da entidade. Foram nessas oportunidades que pude me aproximar mais dos meus colegas de Minist\u00e9rio P\u00fablico. Quando presidimos a Associa\u00e7\u00e3o, tivemos, por exemplo, a sorte de conseguir um gabinete odontol\u00f3gico para atender aos associados e o terreno onde hoje est\u00e1 instalada a Ampal. Tamb\u00e9m levamos capacita\u00e7\u00e3o aos promotores e procuradores de Justi\u00e7a atrav\u00e9s de ciclos de palestras. Foram gest\u00f5es din\u00e2micas\u201d, lembrou Dilmar Camerino.<\/span><\/p>\n<p style=\"text-align: justify;\"><span style=\"font-size: 14pt;\">O homenageado tamb\u00e9m recordou sua passagem como procurador-geral de Justi\u00e7a. Ele foi chefe do MPE\/AL por tr\u00eas vezes. \u201cConquistamos a independ\u00eancia financeira do Minist\u00e9rio P\u00fablico ao termos o nosso or\u00e7amento desvinculado do Estado. Antes dessa vit\u00f3ria, por muitas vezes, promotores e procuradores, especialmente aqueles j\u00e1 aposentados, passavam por constrangimentos ao ter que esperar por seus contracheques na Secretaria da Fazenda. \u00c0 \u00e9poca, o MPE\/AL tamb\u00e9m andava em descompasso com a Constitui\u00e7\u00e3o Federal e, para nos atualizarmos a ela, conseguimos a aprova\u00e7\u00e3o de um projeto de lei que dava ao Minist\u00e9rio P\u00fablico a sua pr\u00f3pria lei, tornando-o ainda mais aut\u00f4nomo. Al\u00e9m disso, regulamentamos o Controle Externo da Atividade Policial, constru\u00edmos e reformamos v\u00e1rias sedes de promotorias no interior, montamos uma assessoria t\u00e9cnica que, de t\u00e3o qualificada, at\u00e9 hoje continua sendo aproveitada pelos procuradores-gerais que me sucederam e intensificamos o combate \u00e0 improbidade administrativa\u201d, disse ele.<\/span><\/p>\n<p style=\"text-align: justify;\"><span style=\"font-size: 14pt;\">\u201cSer promotor de Justi\u00e7a \u00e9 exercer uma das mais belas profiss\u00f5es que existe. Tenho orgulho de integrar a carreira de membro do Minist\u00e9rio P\u00fablico e, se sacrifiquei minha fam\u00edlia com a minha aus\u00eancia durante os anos em que chefiei essa institui\u00e7\u00e3o, tenham certeza que foi porque eu queria trabalhar a servi\u00e7o da sociedade e, para ela, ajudar a construir uma realidade nova e melhor\u201d, concluiu o procurador Dilmar Camerino.<\/span><\/p>\n<p style=\"text-align: justify;\"><span style=\"font-size: 14pt;\"><strong>Reconhecimento<\/strong><\/span><\/p>\n<p style=\"text-align: justify;\"><span style=\"font-size: 14pt;\">O corregedor-geral M\u00e1rcio Roberto Ten\u00f3rio de<strong>\u00a0<\/strong><strong>Albuquerque<\/strong><strong>\u00a0<\/strong>ressaltou o processo criterioso na escolha de membro do MPE\/AL para receber o diploma e destacou a dedica\u00e7\u00e3o e o trabalho desenvolvido pelo ex-procurador-geral de Justi\u00e7a. \u201cA Corregedoria Geral busca homenagear algum promotor ou procurador de Justi\u00e7a que vem sendo parte significativa do Minist\u00e9rio P\u00fablico nessa busca pela excel\u00eancia no desempenho da fun\u00e7\u00e3o social. Para esta homenagem, escolhemos um membro, em 2\u00b0 grau, que j\u00e1 derramou suor e l\u00e1grima ao Minist\u00e9rio P\u00fablico e trabalhou pelo engrandecimento da nossa institui\u00e7\u00e3o. Quero dizer que n\u00e3o foi \u00e1cil fazer essa escolha, mas, sabemos que a honraria \u00e9 merecida por tudo o que o procurador Dilmar Camerino representa\u201d, explicou o corregedor-geral, M\u00e1rcio Roberto.<\/span><\/p>\n<p style=\"text-align: justify;\"><span style=\"font-size: 14pt;\">Coube ao corregedor-geral M\u00e1rcio Roberto Ten\u00f3rio de<strong>\u00a0<\/strong><strong>Albuquerque, ao c<\/strong>orregedor-geral substituto V<strong>icente F\u00e9lix Correia, a secret\u00e1ria-geral da Corregedoria, promotora de Justi\u00e7a Adriana Gomes Moreira dos Santos, e aos promotores de Justi\u00e7a e a<\/strong>ssessores da Corregedoria, R<strong>oberto Salom\u00e3o do Nascimento e Humberto Henrique Bulh\u00f5es Barros Paula Nunes, al\u00e9m da a<\/strong>ssessoria administrativa, a escolha do nome do procurador de Justi\u00e7a Dilmar Camerino para receber o diploma.<\/span><\/p>\n<p style=\"text-align: justify;\"><span style=\"font-size: 14pt;\">&#8220;O que justifica algu\u00e9m ficar tanto tempo conduzindo uma institui\u00e7\u00e3o? A aplica\u00e7\u00e3o da conduta de humildade, sem, claro, a pr\u00e1tica da subservi\u00eancia \u00e9 a resposta certa. Sua postura, sempre, de correi\u00e7\u00e3o, \u00e9tica e baseada na fiel observ\u00e2ncia aos princ\u00edpios constitucionais que regem o Minist\u00e9rio P\u00fablico foram os fatores preponderantes que levaram Dilmar Camerino a conquistar a confian\u00e7a e o respeito dos membros e servidores desta institui\u00e7\u00e3o&#8221;, declarou Adilza In\u00e1cio de Freitas, presidente da Ampal.<\/span><\/p>\n<p style=\"text-align: justify;\"><span style=\"font-size: 14pt;\">Com o discurso que encerrou a solenidade, o procurador-geral de Justi\u00e7a, S\u00e9rgio Juc\u00e1, afirmou que a honraria prestada ao colega Dilmar Camerino foi um \u201cato de justi\u00e7a\u201d. \u201cEsse est\u00e1 sendo um ato de justi\u00e7a porque se trata do reconhecimento dado a um membro do Minist\u00e9rio P\u00fablico que traduz a hist\u00f3ria da nossa institui\u00e7\u00e3o. Seu legado foi deixado ao longo de anos, desde a entrada dele no MPE\/AL e, especialmente, a frente de tr\u00eas grandes gest\u00f5es. Jamais vamos nos esquecer dos m\u00e9ritos de Dilmar Camerino, que come\u00e7aram a ser percebidos quando ele ainda era promotor de Justi\u00e7a e seguiram at\u00e9 a sua chegada ao cargo de procurador\u201d, afirmou S\u00e9rgio Juc\u00e1.<\/span><\/p>\n<p style=\"text-align: justify;\"><span style=\"font-size: 14pt;\"><strong>\u201cO seu lugar ser\u00e1 de destaque quando algu\u00e9m resolver escrever a hist\u00f3ria do Minist\u00e9rio P\u00fablico Estadual de Alagoas. Se hoje temos um MPE\/AL respeit\u00e1vel, isso se deu, tamb\u00e9m, pela interven\u00e7\u00e3o por uma institui\u00e7\u00e3o independente e s\u00e9ria, que defende os hiposuficientes, os idosos, as crian\u00e7as e os adolescentes, o meio ambiente, a probidade administrativa. E essa heran\u00e7a eu herdei dos procuradores que me antecederam, a exemplo de Dilmar Camerino, Eduardo Tavares, Coaracy Fonseca e Lean Ara\u00fajo\u201d, completou Juc\u00e1.<\/strong><\/span><\/p>\n<p style=\"text-align: justify;\"><span style=\"font-size: 14pt;\"><strong>A homenagem<\/strong><\/span><\/p>\n<p style=\"text-align: justify;\"><span style=\"font-size: 14pt;\">Com objetivo de premiar e incentivar os membros do MPE\/AL, o Diploma de Honra ao M\u00e9rito Doutor Carlos Guido Ferr\u00e1rio Lobo foi institu\u00eddo a partir do Ato CGMPAL N\u00ba 04\/2009 durante a gest\u00e3o do ent\u00e3o corregedor-geral Francisco Jos\u00e9 Sarmento Azevedo. Procuradores e promotores recebem o diploma como reconhecimento pelo exerc\u00edcio pleno das fun\u00e7\u00f5es, de um modo geral, e em espec\u00edfico, da sua atua\u00e7\u00e3o funcional. O esfor\u00e7o no aprimoramento profissional, cultural e intelectual tamb\u00e9m s\u00e3o considerados na homenagem.<\/span><\/p>\n<p style=\"text-align: justify;\"><span style=\"font-size: 14pt;\">J\u00e1 receberam o diploma os promotores de Justi\u00e7a Maria Aparecida de Gouveia Carna\u00faba (2012), Alexandra Beurlen (2011), Maur\u00edcio Wanderley (2010) e Rog\u00e9rio Paranhos (2010). O jurista Carlos Guido d\u00e1 nome \u00e0 homenagem por for\u00e7a dos relevantes servi\u00e7os que prestou \u00e0 Institui\u00e7\u00e3o por longos anos, como promotor, procurador e procurador-geral de Justi\u00e7a.<\/span><\/p>\n<p style=\"text-align: justify;\">\n","protected":false},"excerpt":{"rendered":"<p> [&hellip;]<\/p>\n","protected":false},"author":5,"featured_media":14449,"comment_status":"open","ping_status":"open","sticky":false,"template":"","format":"standard","meta":{"om_disable_all_campaigns":false,"_monsterinsights_skip_tracking":false,"_monsterinsights_sitenote_active":false,"_monsterinsights_sitenote_note":"","_monsterinsights_sitenote_category":0,"_uf_show_specific_survey":0,"_uf_disable_surveys":false,"footnotes":""},"categories":[2],"tags":[],"class_list":["post-14448","post","type-post","status-publish","format-standard","has-post-thumbnail","hentry","category-not_mpal"],"aioseo_notices":[],"_links":{"self":[{"href":"https:\/\/www.mpal.mp.br\/index.php?rest_route=\/wp\/v2\/posts\/14448","targetHints":{"allow":["GET"]}}],"collection":[{"href":"https:\/\/www.mpal.mp.br\/index.php?rest_route=\/wp\/v2\/posts"}],"about":[{"href":"https:\/\/www.mpal.mp.br\/index.php?rest_route=\/wp\/v2\/types\/post"}],"author":[{"embeddable":true,"href":"https:\/\/www.mpal.mp.br\/index.php?rest_route=\/wp\/v2\/users\/5"}],"replies":[{"embeddable":true,"href":"https:\/\/www.mpal.mp.br\/index.php?rest_route=%2Fwp%2Fv2%2Fcomments&post=14448"}],"version-history":[{"count":1,"href":"https:\/\/www.mpal.mp.br\/index.php?rest_route=\/wp\/v2\/posts\/14448\/revisions"}],"predecessor-version":[{"id":14451,"href":"https:\/\/www.mpal.mp.br\/index.php?rest_route=\/wp\/v2\/posts\/14448\/revisions\/14451"}],"wp:featuredmedia":[{"embeddable":true,"href":"https:\/\/www.mpal.mp.br\/index.php?rest_route=\/wp\/v2\/media\/14449"}],"wp:attachment":[{"href":"https:\/\/www.mpal.mp.br\/index.php?rest_route=%2Fwp%2Fv2%2Fmedia&parent=14448"}],"wp:term":[{"taxonomy":"category","embeddable":true,"href":"https:\/\/www.mpal.mp.br\/index.php?rest_route=%2Fwp%2Fv2%2Fcategories&post=14448"},{"taxonomy":"post_tag","embeddable":true,"href":"https:\/\/www.mpal.mp.br\/index.php?rest_route=%2Fwp%2Fv2%2Ftags&post=14448"}],"curies":[{"name":"wp","href":"https:\/\/api.w.org\/{rel}","templated":true}]}}