{"id":14445,"date":"2013-12-12T10:29:21","date_gmt":"2013-12-12T12:29:21","guid":{"rendered":"https:\/\/www.mpal.mp.br\/?p=14445"},"modified":"2022-08-02T10:30:07","modified_gmt":"2022-08-02T13:30:07","slug":"corregedoria-do-mpe-al-homenageia-promotora-micheline-tenorio-com-diploma-carlos-guido-ferrario-lobo","status":"publish","type":"post","link":"https:\/\/www.mpal.mp.br\/?p=14445","title":{"rendered":"Corregedoria do MPE\/AL homenageia promotora Micheline Ten\u00f3rio com Diploma Carlos Guido Ferr\u00e1rio Lobo"},"content":{"rendered":"<p style=\"text-align: justify;\" align=\"JUSTIFY\"><span style=\"font-size: 14pt;\">Refer\u00eancia na defesa de uma sa\u00fade p\u00fablica de qualidade, a promotora de Justi\u00e7a Micheline Ten\u00f3rio foi a grande homenageada desta quinta-feira (12), em solenidade que aconteceu na sede da Procuradoria Geral de Justi\u00e7a, no bairro do Po\u00e7o. Isso porque a Corregedoria Geral do Minist\u00e9rio P\u00fablico do Estado de Alagoas (MPE\/AL) escolheu Micheline para ser agraciada com o Diploma de Honra ao M\u00e9rito Doutor Carlos Guido Ferr\u00e1rio Lobo, honraria m\u00e1xima do \u00f3rg\u00e3o, que reconhece os trabalhos prestados pelo promotor ou procurador de Justi\u00e7a \u00e0 sociedade em nome do MPE\/AL.<\/span><\/p>\n<p style=\"text-align: justify;\" align=\"JUSTIFY\"><span style=\"font-size: 14pt;\">No evento de entrega do diploma, estiveram presentes familiares, amigos, servidores, estagi\u00e1rios e membros da Institui\u00e7\u00e3o. Compuseram a mesa o procurador-geral de Justi\u00e7a, S\u00e9rgio Juc\u00e1; o subprocurador-geral Judicial, Anti\u00f3genes Marques de Lira; o corregedor-geral M\u00e1rcio Roberto Ten\u00f3rio; o corregedor-geral Substituto Vicente Felix Correia, a presidente da Associa\u00e7\u00e3o do Minist\u00e9rio P\u00fablico de Alagoas (Ampal), Adilza In\u00e1cio de Freitas, a presidente da Associa\u00e7\u00e3o Alagoana dos Magistrados (Almagis), F\u00e1tima Pirau\u00e1; e o juiz de Direito, Geraldo Ten\u00f3rio J\u00fanior.<\/span><\/p>\n<p style=\"text-align: justify;\" align=\"JUSTIFY\"><span style=\"font-size: 14pt;\">O procurador-geral de Justi\u00e7a, S\u00e9rgio Juc\u00e1, destacou que, entre as principais caracter\u00edsticas da atua\u00e7\u00e3o funcional de Micheline est\u00e1 a voca\u00e7\u00e3o para atuar como promotora, o que a torna um membro emblem\u00e1tico n\u00e3o s\u00f3 para o Minist\u00e9rio P\u00fablico Estadual, como tamb\u00e9m para todo o Minist\u00e9rio P\u00fablico Brasileiro, principalmente quando se trata dos trabalhos desenvolvidos na \u00e1rea de sa\u00fade. Juc\u00e1 lembrou tamb\u00e9m que por pouco n\u00e3o perdeu Micheline para a carreira da magistratura, j\u00e1 que ela tem hist\u00f3ria familiar de incurs\u00e3o no Poder Judici\u00e1rio.<\/span><\/p>\n<p style=\"text-align: justify;\" align=\"JUSTIFY\"><span style=\"font-size: 14pt;\">\u201cPoucos t\u00eam ideia do benef\u00edcio que Micheline Ten\u00f3rio trouxe \u00e0 sociedade porque, como promotora de Justi\u00e7a, ela propicia o bem para as pessoas que s\u00e3o destinat\u00e1rias das execu\u00e7\u00f5es de sua Promotoria. Ora, se a Promotoria de Micheline trabalha com sa\u00fade e a sa\u00fade atende a um interesse difuso, a promotora beneficia milhares de pessoas que ela mesma desconhece seja na capital ou no estado. Alagoas tem a ventura de t\u00ea-la como anjo da guarda da sa\u00fade p\u00fablica e isto nos orgulha muito\u201d, disse S\u00e9rgio Juc\u00e1.<\/span><\/p>\n<p style=\"text-align: justify;\" align=\"JUSTIFY\"><span style=\"font-size: 14pt;\">J\u00e1 o corregedor-geral do MPE\/AL, M\u00e1rcio Roberto Ten\u00f3rio, afirmou que a Corregedoria consultou os assessores que trabalham no setor para definir qual promotora, integrante do 2\u00ba grau, com tivesse relevantes servi\u00e7os prestados, receberia a homenagem. Todos foram un\u00edssonos em lembrar de Micheline. O corregedor lembrou que ela reflete a imagem de credibilidade da Institui\u00e7\u00e3o, num momento em que o MPE\/AL assume o papel de protagonista no combate a diversas modalidades de crimes, como os de natureza pol\u00edtica, que envolvem corrup\u00e7\u00e3o e atos de improbidade administrativa.<\/span><\/p>\n<p style=\"text-align: justify;\" align=\"JUSTIFY\"><span style=\"font-size: 14pt;\">\u201cN\u00e3o \u00e9 f\u00e1cil ser membro do Minist\u00e9rio P\u00fablico em Alagoas porque estamos passando por uma situa\u00e7\u00e3o dif\u00edcil. Na rela\u00e7\u00e3o com os outros poderes, h\u00e1 toda uma press\u00e3o por combatermos os males advindos dos gestores p\u00fablicos desonestos. No ambiente interno, sofremos com a concentra\u00e7\u00e3o de fun\u00e7\u00f5es nas m\u00e3os de um mesmo membro. Quase todos os promotores est\u00e3o com mais de uma Promotoria na Capital ou no Interior. Somos ainda a Casa mais cobrada pela sociedade porque abrimos a porta dessa institui\u00e7\u00e3o para todos, sem discrimina\u00e7\u00e3o\u201d, completou M\u00e1rcio Roberto Ten\u00f3rio.<\/span><\/p>\n<p style=\"text-align: justify;\" align=\"JUSTIFY\"><span style=\"font-size: 14pt;\"><strong>Promotora agradece apoio de familiares e companheiros de trabalho<\/strong><\/span><\/p>\n<p style=\"text-align: justify;\" align=\"JUSTIFY\"><span style=\"font-size: 14pt;\">Na sua vez de falar, a coordenadora do N\u00facleo de Sa\u00fade do 1\u00aa Centro de Atendimento Operacional do Minist\u00e9rio P\u00fablico Estadual e promotora de Justi\u00e7a titular 26\u00aa Promotoria de Justi\u00e7a da Capital \u2013 Defesa da Sa\u00fade, Micheline Ten\u00f3rio, emocionou-se ao lembrar de todas as pessoas que a ajudaram no seu cotidiano profissional. Seja em casa, com seus amigos e familiares, seja na Institui\u00e7\u00e3o, ao lado de membros, servidores e estagi\u00e1rios, Micheline afirmou se sentir orgulhosa da sua trajet\u00f3ria como promotora de Justi\u00e7a, que, segundo ela, ocorre sempre de \u201ccabe\u00e7a erguida\u201d e sem jamais se omitir diante de uma injusti\u00e7a presenciada.<\/span><\/p>\n<p style=\"text-align: justify;\" align=\"JUSTIFY\"><span style=\"font-size: 14pt;\">\u201cReconhecer-me como merecedora plena desta honraria, que \u00e9 o Diploma Carlos Guido Ferr\u00e1rio Lobo, equivale a acreditar que trilhei caminhos sem retoques, o que n\u00e3o \u00e9 o caso porque sou um ser humano, portanto fal\u00edvel. Reconhe\u00e7o meus limites, mas tamb\u00e9m reconhe\u00e7o que sou persistente naquilo que acredito e tento fazer o melhor poss\u00edvel para manter a indigna\u00e7\u00e3o e nunca me resignar diante de tantas mazelas\u201d, disse a promotora.<\/span><\/p>\n<p style=\"text-align: justify;\" align=\"JUSTIFY\"><span style=\"font-size: 14pt;\">\u201cCertamente, seria incapaz de receber essa homenagem caso n\u00e3o contasse com a ajuda de servidores e estagi\u00e1rios dedicados, dos quais posso citar o nome de cada um que passou pelas Promotorias que comandei, tamanha a import\u00e2ncia deles. No entanto, citarei apenas o da servidora Marina Ara\u00fajo, na figura de quem agrade\u00e7o a todos por esse momento de celebra\u00e7\u00e3o\u201d, completou.<\/span><\/p>\n<p style=\"text-align: justify;\" align=\"JUSTIFY\"><span style=\"font-size: 14pt;\"><strong>Hist\u00f3rico da promotora<\/strong><\/span><\/p>\n<p style=\"text-align: justify;\" align=\"JUSTIFY\"><span style=\"font-size: 14pt;\">A trajet\u00f3ria de. Micheline Laurindo Ten\u00f3rio Silveira dos Anjos no Minist\u00e9rio P\u00fablico teve in\u00edcio no dia 13 de janeiro de 1997, em virtude de habilita\u00e7\u00e3o em concurso p\u00fablico, para o cargo de promotor de Justi\u00e7a substituto de 1\u00aa Entr\u00e2ncia, tendo atuado em diversas Promotorias de Justi\u00e7a do Estado de Alagoas. A promotora passou por Uni\u00e3o dos Palmares, Novo Lino e Messias.<\/span><\/p>\n<p style=\"text-align: justify;\" align=\"JUSTIFY\"><span style=\"font-size: 14pt;\">Em 22 de dezembro de 1997 foi promovida, pelo crit\u00e9rio de merecimento, para o cargo de promotor de Justi\u00e7a Substituto de 2\u00aa Entr\u00e2ncia, atuando nas Promotorias de Justi\u00e7a de Satuba, Porto Calvo, S\u00e3o Miguel dos Campos e da Capital. J\u00e1 no dia 02 de junho, recebeu nova promo\u00e7\u00e3o, mais uma vez pelo crit\u00e9rio de merecimento, para o cargo de promotor de Justi\u00e7a Substituto de 3\u00aa Entr\u00e2ncia<\/span><\/p>\n<p style=\"text-align: justify;\" align=\"JUSTIFY\"><span style=\"font-size: 14pt;\">No final de 2002, Micheline foi removida, pelo mesmo crit\u00e9rio, para o 2\u00ba Cargo da Promotoria de Justi\u00e7a Coletiva Especializada de Defesa da Sa\u00fade, Idoso e Deficiente da Capital. O meticuloso trabalho que atualmente desenvolve, com destaque na defesa da sa\u00fade da popula\u00e7\u00e3o da Capital, retrata a clarividente percep\u00e7\u00e3o da promotora de como a grandeza do resguardo da Carta Magna e da Legisla\u00e7\u00e3o Espec\u00edfica na \u00e1rea da sa\u00fade afeta diretamente a estrutura e a forma\u00e7\u00e3o do Estado Democr\u00e1tico de Direito.<\/span><\/p>\n<p style=\"text-align: justify;\" align=\"JUSTIFY\"><span style=\"font-size: 14pt;\"><strong>A homenagem<\/strong><\/span><\/p>\n<p style=\"text-align: justify;\" align=\"JUSTIFY\"><span style=\"font-size: 14pt;\">Com objetivo de premiar e incentivar os membros do MPE\/AL, o Diploma de Honra ao M\u00e9rito Doutor Carlos Guido Ferr\u00e1rio Lobo foi institu\u00eddo a partir do Ato CGMPAL N\u00ba 04\/2009 durante a gest\u00e3o do ent\u00e3o corregedor-geral Francisco Jos\u00e9 Sarmento Azevedo. Procuradores e promotores recebem o diploma como reconhecimento pelo exerc\u00edcio pleno das fun\u00e7\u00f5es, de um modo geral, e em espec\u00edfico, da sua atua\u00e7\u00e3o funcional. O esfor\u00e7o no aprimoramento profissional, cultural e intelectual tamb\u00e9m s\u00e3o considerados na homenagem.<\/span><\/p>\n<p style=\"text-align: justify;\" align=\"JUSTIFY\"><span style=\"font-size: 14pt;\">J\u00e1 receberam o diploma o procurador de Justi\u00e7a Dilmar Camerino (novembro de 2013), os promotores de Justi\u00e7a Maria Aparecida de Gouveia Carna\u00faba (2012), Alexandra Beurlen (2011), Maur\u00edcio Wanderley (2010) e Rog\u00e9rio Paranhos (2010). O jurista Carlos Guido d\u00e1 nome \u00e0 homenagem por for\u00e7a dos relevantes servi\u00e7os que prestou \u00e0 Institui\u00e7\u00e3o por longos anos, como promotor, procurador e procurador-geral de Justi\u00e7a.<\/span><\/p>\n<p style=\"text-align: justify;\" align=\"JUSTIFY\"><span style=\"font-size: 14pt;\">Entre os membros do MPE\/AL presentes na homenagem, acompanharam a cerim\u00f4nia o procurador de Justi\u00e7a Jos\u00e9 Artur Melo e os promotores Adriana Accioly, Adriana Gomes, Alexandra Beurlen, Almir Cresc\u00eancio, C\u00edntia Calumbi, Cec\u00edlia Carna\u00faba, Fernanda Moreira, Helder Juc\u00e1, Humberto Bulh\u00f5es, Jos\u00e9 Carlos Castro, Lav\u00ednia Fragoso, Marluce Caldas, Myri\u00e3 Ferro, Rog\u00e9rio Paranhos, Saulo Ventura, Vicente Porci\u00fancula.<\/span><\/p>\n<p style=\"text-align: justify;\" align=\"JUSTIFY\">\n","protected":false},"excerpt":{"rendered":"<p> [&hellip;]<\/p>\n","protected":false},"author":5,"featured_media":14446,"comment_status":"open","ping_status":"open","sticky":false,"template":"","format":"standard","meta":{"om_disable_all_campaigns":false,"_monsterinsights_skip_tracking":false,"_monsterinsights_sitenote_active":false,"_monsterinsights_sitenote_note":"","_monsterinsights_sitenote_category":0,"_uf_show_specific_survey":0,"_uf_disable_surveys":false,"footnotes":""},"categories":[2],"tags":[],"class_list":["post-14445","post","type-post","status-publish","format-standard","has-post-thumbnail","hentry","category-not_mpal"],"aioseo_notices":[],"_links":{"self":[{"href":"https:\/\/www.mpal.mp.br\/index.php?rest_route=\/wp\/v2\/posts\/14445","targetHints":{"allow":["GET"]}}],"collection":[{"href":"https:\/\/www.mpal.mp.br\/index.php?rest_route=\/wp\/v2\/posts"}],"about":[{"href":"https:\/\/www.mpal.mp.br\/index.php?rest_route=\/wp\/v2\/types\/post"}],"author":[{"embeddable":true,"href":"https:\/\/www.mpal.mp.br\/index.php?rest_route=\/wp\/v2\/users\/5"}],"replies":[{"embeddable":true,"href":"https:\/\/www.mpal.mp.br\/index.php?rest_route=%2Fwp%2Fv2%2Fcomments&post=14445"}],"version-history":[{"count":1,"href":"https:\/\/www.mpal.mp.br\/index.php?rest_route=\/wp\/v2\/posts\/14445\/revisions"}],"predecessor-version":[{"id":14447,"href":"https:\/\/www.mpal.mp.br\/index.php?rest_route=\/wp\/v2\/posts\/14445\/revisions\/14447"}],"wp:featuredmedia":[{"embeddable":true,"href":"https:\/\/www.mpal.mp.br\/index.php?rest_route=\/wp\/v2\/media\/14446"}],"wp:attachment":[{"href":"https:\/\/www.mpal.mp.br\/index.php?rest_route=%2Fwp%2Fv2%2Fmedia&parent=14445"}],"wp:term":[{"taxonomy":"category","embeddable":true,"href":"https:\/\/www.mpal.mp.br\/index.php?rest_route=%2Fwp%2Fv2%2Fcategories&post=14445"},{"taxonomy":"post_tag","embeddable":true,"href":"https:\/\/www.mpal.mp.br\/index.php?rest_route=%2Fwp%2Fv2%2Ftags&post=14445"}],"curies":[{"name":"wp","href":"https:\/\/api.w.org\/{rel}","templated":true}]}}