{"id":14438,"date":"2014-02-25T10:27:39","date_gmt":"2014-02-25T13:27:39","guid":{"rendered":"https:\/\/www.mpal.mp.br\/?p=14438"},"modified":"2022-08-02T10:28:14","modified_gmt":"2022-08-02T13:28:14","slug":"corregedores-do-mpe-al-participam-de-90a-reuniao-ordinaria-do-cncgmp","status":"publish","type":"post","link":"https:\/\/www.mpal.mp.br\/?p=14438","title":{"rendered":"Corregedores do MPE\/AL participam de 90\u00aa reuni\u00e3o ordin\u00e1ria do CNCGMP"},"content":{"rendered":"<div class=\"content-wrapper-1\">\n<div class=\"content-wrapper-2\">\n<div id=\"mainmiddle\">\n<div id=\"mainmiddle-expand\">\n<div id=\"content\">\n<div id=\"content-shift\">\n<div class=\"floatbox\">\n<div class=\"joomla \">\n<div class=\"article\">\n<div id=\"articlepxfontsize1\">\n<p style=\"text-align: justify;\" align=\"JUSTIFY\"><span style=\"font-size: 14pt;\">Os procuradores de Justi\u00e7a M\u00e1rcio Roberto Ten\u00f3rio e Vicente F\u00e9lix representaram a Corregedoria Geral do Minist\u00e9rio P\u00fablico do Estado de Alagoas (MPE\/AL) na 90\u00aa reuni\u00e3o ordin\u00e1ria do Conselho Nacional dos Corregedores-Gerais do Minist\u00e9rio P\u00fablico (CNCGMP). O encontro foi realizado nos dias 20 e 21 de fevereiro, na sede do MP de S\u00e3o Paulo, e contou com a participa\u00e7\u00e3o de corregedores do Minist\u00e9rio P\u00fablico dos 27 estados da Federa\u00e7\u00e3o, do Distrito Federal, do MP Militar, do MP do Trabalho e do MP Federal.<\/span><\/p>\n<p style=\"text-align: justify;\" align=\"JUSTIFY\"><span style=\"font-size: 14pt;\">Na ocasi\u00e3o, o corregedor-geral do MP do Estado de S\u00e3o Paulo, Nelson Gonzaga de Oliveira, assumiu solenemente a presid\u00eancia do \u00f3rg\u00e3o colegiado. A nova diretoria do Conselho Nacional, eleita em outubro para mandato de um ano, \u00e9 composta ainda pelos corregedores Benis Silva Queiroz Bastos (1\u00ba vice-presidente), Mauro Viveiros (2\u00ba vice-presidente), Luiz Ant\u00f4nio Sasdelli Prudente (1\u00ba secret\u00e1rio), Ruben Giugno Abruzzi (2\u00ba secret\u00e1rio), Suvamy Vivekananda Meireles (diretor de Finan\u00e7as) e Maria de Lourdes Medeiros de Azev\u00eado (diretora de comunica\u00e7\u00e3o).<\/span><\/p>\n<p style=\"text-align: justify;\" align=\"JUSTIFY\"><span style=\"font-size: 14pt;\">Os dois corregedores do MPE\/AL tamb\u00e9m participaram da tradicional mesa de di\u00e1logos com o Conselho Nacional do Minist\u00e9rio P\u00fablico (CNMP), dessa vez representados pelos conselheiros Jeferson Luiz Pereira Coelho, Jarbas Soares J\u00fanior e Marcelo Ferra de Carvalho. Na tarde do dia 20, o conselheiro Cl\u00e1udio Henrique Portela do Rego, do CNMP, proferiu a palestra sobre o tema &#8220;Tabelas Unificadas&#8221;. Na sequ\u00eancia, o promotor de Justi\u00e7a Marcelo Pedroso Goulart, diretor da Escola Superior do Minist\u00e9rio P\u00fablico de S\u00e3o Paulo, abordou o tema &#8220;Reorganiza\u00e7\u00e3o espacial do Minist\u00e9rio P\u00fablico&#8221;.<\/span><\/p>\n<p style=\"text-align: justify;\" align=\"JUSTIFY\"><span style=\"font-size: 14pt;\">No final da tarde do primeiro dia 20 e na manh\u00e3 do segundo foram discutidos temas administrativos do CNCGMP. Durante o encontro, o ex-Corregedor-Geral do MPAC, Ubirajara Braga de Albuquerque recebeu homenagem pelo seu desempenho frente \u00e0 institui\u00e7\u00e3o. A pr\u00f3xima reuni\u00e3o ordin\u00e1ria do CNCGMP ser\u00e1 realizada em Manaus, nos dias 29 e 30 de abril de 2014.<\/span><\/p>\n<\/div>\n<\/div>\n<\/div>\n<\/div>\n<\/div>\n<\/div>\n<\/div>\n<\/div>\n<\/div>\n<\/div>\n<div class=\"content-wrapper-b1\">\n<div class=\"content-wrapper-b2\" style=\"text-align: justify;\"><\/div>\n<\/div>\n","protected":false},"excerpt":{"rendered":"<p> [&hellip;]<\/p>\n","protected":false},"author":5,"featured_media":14361,"comment_status":"open","ping_status":"open","sticky":false,"template":"","format":"standard","meta":{"om_disable_all_campaigns":false,"_monsterinsights_skip_tracking":false,"_monsterinsights_sitenote_active":false,"_monsterinsights_sitenote_note":"","_monsterinsights_sitenote_category":0,"_uf_show_specific_survey":0,"_uf_disable_surveys":false,"footnotes":""},"categories":[2],"tags":[],"class_list":["post-14438","post","type-post","status-publish","format-standard","has-post-thumbnail","hentry","category-not_mpal"],"aioseo_notices":[],"_links":{"self":[{"href":"https:\/\/www.mpal.mp.br\/index.php?rest_route=\/wp\/v2\/posts\/14438","targetHints":{"allow":["GET"]}}],"collection":[{"href":"https:\/\/www.mpal.mp.br\/index.php?rest_route=\/wp\/v2\/posts"}],"about":[{"href":"https:\/\/www.mpal.mp.br\/index.php?rest_route=\/wp\/v2\/types\/post"}],"author":[{"embeddable":true,"href":"https:\/\/www.mpal.mp.br\/index.php?rest_route=\/wp\/v2\/users\/5"}],"replies":[{"embeddable":true,"href":"https:\/\/www.mpal.mp.br\/index.php?rest_route=%2Fwp%2Fv2%2Fcomments&post=14438"}],"version-history":[{"count":1,"href":"https:\/\/www.mpal.mp.br\/index.php?rest_route=\/wp\/v2\/posts\/14438\/revisions"}],"predecessor-version":[{"id":14439,"href":"https:\/\/www.mpal.mp.br\/index.php?rest_route=\/wp\/v2\/posts\/14438\/revisions\/14439"}],"wp:featuredmedia":[{"embeddable":true,"href":"https:\/\/www.mpal.mp.br\/index.php?rest_route=\/wp\/v2\/media\/14361"}],"wp:attachment":[{"href":"https:\/\/www.mpal.mp.br\/index.php?rest_route=%2Fwp%2Fv2%2Fmedia&parent=14438"}],"wp:term":[{"taxonomy":"category","embeddable":true,"href":"https:\/\/www.mpal.mp.br\/index.php?rest_route=%2Fwp%2Fv2%2Fcategories&post=14438"},{"taxonomy":"post_tag","embeddable":true,"href":"https:\/\/www.mpal.mp.br\/index.php?rest_route=%2Fwp%2Fv2%2Ftags&post=14438"}],"curies":[{"name":"wp","href":"https:\/\/api.w.org\/{rel}","templated":true}]}}