{"id":14425,"date":"2014-03-28T10:02:30","date_gmt":"2014-03-28T13:02:30","guid":{"rendered":"https:\/\/www.mpal.mp.br\/?p=14425"},"modified":"2022-08-02T10:03:21","modified_gmt":"2022-08-02T13:03:21","slug":"corregedoria-realiza-inspecoes-em-procuradorias-de-justica","status":"publish","type":"post","link":"https:\/\/www.mpal.mp.br\/?p=14425","title":{"rendered":"Corregedoria realiza inspe\u00e7\u00f5es em Procuradorias de Justi\u00e7a"},"content":{"rendered":"<div class=\"content-wrapper-1\">\n<div class=\"content-wrapper-2\">\n<div id=\"mainmiddle\">\n<div id=\"mainmiddle-expand\">\n<div id=\"content\">\n<div id=\"content-shift\">\n<div class=\"floatbox\">\n<div class=\"joomla \">\n<div class=\"article\">\n<div id=\"articlepxfontsize1\">\n<p style=\"text-align: justify;\" align=\"JUSTIFY\"><span style=\"font-size: 14pt;\">No per\u00edodo de 11 a 27 de mar\u00e7o, a Corregedoria Geral do Minist\u00e9rio P\u00fablico Estadual (MPE\/AL) deu in\u00edcio ao seu calend\u00e1rio de inspe\u00e7\u00f5es nas Procuradorias de Justi\u00e7a C\u00edveis e Criminais. As 1\u00aa e 2\u00aa Procuradorias C\u00edveis foram as primeiras a receberem a visita do da equipe comandada pelo corregedor-geral do Minist\u00e9rio P\u00fablico Estadual de Alagoas (MPE\/AL), procurador M\u00e1rcio Roberto Ten\u00f3rio.<\/span><\/p>\n<p style=\"text-align: justify;\" align=\"JUSTIFY\"><span style=\"font-size: 14pt;\">O encontro do corregedor com os procuradores respons\u00e1veis pelas dois \u00f3rg\u00e3os de 2\u00aa inst\u00e2ncia do MPE\/AL ocorreu \u00a0no dia 11 de mar\u00e7o. No dia 13, foi a vez das 3\u00aa e 4\u00aa Procuradorias C\u00edveis. No dia 18, a Corregedoria visitou as 5\u00aa e 6\u00aa Procuradorias C\u00edveis. J\u00e1 no dia 25, as 9\u00aa e 10\u00aa Procuradorias receberam o corregedor, encerrando no dia 27 com as 1\u00aa e 2\u00aa Procuradorias Criminais.<\/span><\/p>\n<p style=\"text-align: justify;\" align=\"JUSTIFY\"><span style=\"font-size: 14pt;\">As inspe\u00e7\u00f5es t\u00eam como objetivos avaliar a atua\u00e7\u00e3o dos \u00f3rg\u00e3os ministeriais e repassar as orienta\u00e7\u00f5es que se fizerem necess\u00e1rias. Durante a realiza\u00e7\u00e3o das correi\u00e7\u00f5es, qualquer pessoa pode oferecer reclama\u00e7\u00f5es, por escrito ou oralmente, sobre a respectiva unidade. Os promotores de Justi\u00e7a Roberto Salom\u00e3o do Nascimento e Humberto Bulh\u00f5es, junto com o corregedor-geral substituto, procurador Vicente F\u00e9lix, integram a equipe de M\u00e1rcio Roberto.<\/span><\/p>\n<\/div>\n<\/div>\n<\/div>\n<\/div>\n<\/div>\n<\/div>\n<\/div>\n<\/div>\n<\/div>\n<\/div>\n<div class=\"content-wrapper-b1\">\n<div class=\"content-wrapper-b2\" style=\"text-align: justify;\"><\/div>\n<\/div>\n","protected":false},"excerpt":{"rendered":"<p> [&hellip;]<\/p>\n","protected":false},"author":5,"featured_media":14426,"comment_status":"open","ping_status":"open","sticky":false,"template":"","format":"standard","meta":{"om_disable_all_campaigns":false,"_monsterinsights_skip_tracking":false,"_monsterinsights_sitenote_active":false,"_monsterinsights_sitenote_note":"","_monsterinsights_sitenote_category":0,"_uf_show_specific_survey":0,"_uf_disable_surveys":false,"footnotes":""},"categories":[2],"tags":[],"class_list":["post-14425","post","type-post","status-publish","format-standard","has-post-thumbnail","hentry","category-not_mpal"],"aioseo_notices":[],"_links":{"self":[{"href":"https:\/\/www.mpal.mp.br\/index.php?rest_route=\/wp\/v2\/posts\/14425","targetHints":{"allow":["GET"]}}],"collection":[{"href":"https:\/\/www.mpal.mp.br\/index.php?rest_route=\/wp\/v2\/posts"}],"about":[{"href":"https:\/\/www.mpal.mp.br\/index.php?rest_route=\/wp\/v2\/types\/post"}],"author":[{"embeddable":true,"href":"https:\/\/www.mpal.mp.br\/index.php?rest_route=\/wp\/v2\/users\/5"}],"replies":[{"embeddable":true,"href":"https:\/\/www.mpal.mp.br\/index.php?rest_route=%2Fwp%2Fv2%2Fcomments&post=14425"}],"version-history":[{"count":1,"href":"https:\/\/www.mpal.mp.br\/index.php?rest_route=\/wp\/v2\/posts\/14425\/revisions"}],"predecessor-version":[{"id":14427,"href":"https:\/\/www.mpal.mp.br\/index.php?rest_route=\/wp\/v2\/posts\/14425\/revisions\/14427"}],"wp:featuredmedia":[{"embeddable":true,"href":"https:\/\/www.mpal.mp.br\/index.php?rest_route=\/wp\/v2\/media\/14426"}],"wp:attachment":[{"href":"https:\/\/www.mpal.mp.br\/index.php?rest_route=%2Fwp%2Fv2%2Fmedia&parent=14425"}],"wp:term":[{"taxonomy":"category","embeddable":true,"href":"https:\/\/www.mpal.mp.br\/index.php?rest_route=%2Fwp%2Fv2%2Fcategories&post=14425"},{"taxonomy":"post_tag","embeddable":true,"href":"https:\/\/www.mpal.mp.br\/index.php?rest_route=%2Fwp%2Fv2%2Ftags&post=14425"}],"curies":[{"name":"wp","href":"https:\/\/api.w.org\/{rel}","templated":true}]}}