{"id":14422,"date":"2014-08-05T10:01:28","date_gmt":"2014-08-05T13:01:28","guid":{"rendered":"https:\/\/www.mpal.mp.br\/?p=14422"},"modified":"2022-08-02T10:02:15","modified_gmt":"2022-08-02T13:02:15","slug":"corregedoria-geral-do-mpe-al-participa-de-92a-reuniao-ordinaria-do-cncgmp","status":"publish","type":"post","link":"https:\/\/www.mpal.mp.br\/?p=14422","title":{"rendered":"Corregedoria-Geral do MPE\/AL participa de 92\u00aa reuni\u00e3o ordin\u00e1ria do CNCGMP"},"content":{"rendered":"<p style=\"text-align: justify;\"><span style=\"font-size: 14pt;\">Acontece nos dias 07 e 08 de agosto, no Minist\u00e9rio P\u00fablico do Estado de Minas Gerais, que fica em \u00a0Belo Horizonte, a 92\u00aa Reuni\u00e3o Ordin\u00e1ria do Conselho Nacional dos Corregedores-Gerais do Minist\u00e9rio P\u00fablico (CNCGMP). \u00a0Representando o Minist\u00e9rio P\u00fablico Estadual de Alagoas (MPE\/AL), participar\u00e3o desta reuni\u00e3o o corregedor-geral substituto, Vicente F\u00e9lix Correia, e o promotor de Justi\u00e7a Roberto Salom\u00e3o do Nascimento.<\/span><\/p>\n<p style=\"text-align: justify;\"><span style=\"font-size: 14pt;\">O primeiro dia do evento ser\u00e1 marcado pela tradicional mesa de di\u00e1logos com conselheiros do Conselho Nacional do Minist\u00e9rio P\u00fablico (CNMP). Estar\u00e3o presentes no debate, o procurador de Justi\u00e7a do Minist\u00e9rio P\u00fablico de Minas Gerais, Jarbas Soares J\u00fanior e o senador Leonardo Henrique de Cavalcante Carvalho, ambos conselheiros do CNMP.<\/span><\/p>\n<p style=\"text-align: justify;\"><span style=\"font-size: 14pt;\">No per\u00edodo da tarde, ocorrer\u00e1 a apresenta\u00e7\u00e3o de tr\u00eas temas. O primeiro ser\u00e1 sobre os aspectos hist\u00f3ricos do Conselho Nacional de Corregedores-Gerais do Minist\u00e9rio P\u00fablico, o qual ser\u00e1 ministrado pelo procurador de Justi\u00e7a aposentado, Joaquim Cabral.<\/span><\/p>\n<p style=\"text-align: justify;\"><span style=\"font-size: 14pt;\">J\u00e1 o segundo tema ser\u00e1 sobre a atua\u00e7\u00e3o da Corregedoria Geral no Estado de Minas Gerais e quem apresentar\u00e1 \u00e9 o corregedor-geral do Minist\u00e9rio P\u00fablico de Minas Gerais, Luis Antonio Sasdelli Prudente.<\/span><\/p>\n<p style=\"text-align: justify;\"><span style=\"font-size: 14pt;\">Para finalizar as apresenta\u00e7\u00f5es de temas, a corregedora-geral do Minist\u00e9rio P\u00fablico do Distrito Federal e Territ\u00f3rios, Benis Silva Queiroz Bastos discorrer\u00e1 sobre a proposta de altera\u00e7\u00e3o da Resolu\u00e7\u00e3o n\u00ba. 36 do CNMP. Em seguida, haver\u00e1 um coffee break e depois ser\u00e3o analisados assuntos administrativos.<\/span><\/p>\n<p style=\"text-align: justify;\"><span style=\"font-size: 14pt;\">No segundo dia do evento, al\u00e9m da an\u00e1lise de assuntos administrativos e aprova\u00e7\u00e3o da ata da reuni\u00e3o anterior, haver\u00e1 uma homenagem a uma ex-corregedora-geral.<\/span><\/p>\n<p style=\"text-align: justify;\">\n<p style=\"text-align: justify;\"><span style=\"font-size: 14pt;\"><strong>O CNMP<\/strong><\/span><\/p>\n<p style=\"text-align: justify;\"><span style=\"font-size: 14pt;\">O Conselho Nacional do Minist\u00e9rio P\u00fablico (CNMP) atua\u00a0em prol do cidad\u00e3o, executando a fiscaliza\u00e7\u00e3o administrativa, financeira e disciplinar do\u00a0Minist\u00e9rio P\u00fablico (MP) no Brasil e de seus membros, respeitando a autonomia da institui\u00e7\u00e3o.<\/span><\/p>\n<p style=\"text-align: justify;\"><span style=\"font-size: 14pt;\"><strong>O CNCGMP<\/strong><\/span><\/p>\n<p style=\"text-align: justify;\"><span style=\"font-size: 14pt;\">O Conselho Nacional dos Corregedores-Gerais do Minist\u00e9rio P\u00fablico dos Estados e da Uni\u00e3o foi institu\u00eddo em Corumb\u00e1, Mato Grosso do Sul, em 25 de mar\u00e7o de 1994. Nos termos do artigo 2\u00ba de seu Estatuto, s\u00e3o as seguintes suas finalidades:<\/span><\/p>\n<p style=\"text-align: justify;\"><span style=\"font-size: 14pt;\">&#8211; contribuir para a defesa dos princ\u00edpios, prerrogativas e fun\u00e7\u00f5es institucionais do Minist\u00e9rio P\u00fablico;<\/span><\/p>\n<p><span style=\"font-size: 14pt;\">&#8211; incentivar a integra\u00e7\u00e3o das Corregedorias-Gerais do Minist\u00e9rios P\u00fablico dos Estados e da Uni\u00e3o;<\/span><\/p>\n<p><span style=\"font-size: 14pt;\">&#8211; promover o interc\u00e2mbio de experi\u00eancias funcionais e administrativas;<\/span><\/p>\n<p><span style=\"font-size: 14pt;\">&#8211; respeitadas as peculiaridades locais, tra\u00e7ar pol\u00edticas e planos de atua\u00e7\u00e3o uniforme ou integrada, mediante a an\u00e1lise de dados estat\u00edsticos e sociais levantados nos diversos pontos do pa\u00eds;<\/span><\/p>\n<p><span style=\"font-size: 14pt;\">&#8211; promover o interc\u00e2mbio entre os m\u00e9todos de correi\u00e7\u00f5es, inspe\u00e7\u00f5es e levantamentos estat\u00edsticos das atividades das Promotorias e Procuradorias de Justi\u00e7a;<\/span><\/p>\n<p><span style=\"font-size: 14pt;\">&#8211; eleger metas e estabelecer diretrizes relacionadas ao aperfei\u00e7oamento funcional dos integrantes da institui\u00e7\u00e3o;<\/span><\/p>\n<p><span style=\"font-size: 14pt;\">&#8211; editar s\u00famulas acerca de quest\u00f5es relevantes \u00e0 atua\u00e7\u00e3o ministerial, contribuindo para a expedi\u00e7\u00e3o de sugest\u00f5es e recomenda\u00e7\u00f5es, sem car\u00e1ter vinculativo, aos \u00f3rg\u00e3os do Minist\u00e9rio P\u00fablico;<\/span><\/p>\n<p><span style=\"font-size: 14pt;\">&#8211; promover estudos relacionados \u00e0 natureza e conte\u00fado das infra\u00e7\u00f5es de car\u00e1ter disciplinar, observadas as legisla\u00e7\u00f5es estaduais e federal.<\/span><\/p>\n","protected":false},"excerpt":{"rendered":"<p> [&hellip;]<\/p>\n","protected":false},"author":5,"featured_media":14361,"comment_status":"open","ping_status":"open","sticky":false,"template":"","format":"standard","meta":{"om_disable_all_campaigns":false,"_monsterinsights_skip_tracking":false,"_monsterinsights_sitenote_active":false,"_monsterinsights_sitenote_note":"","_monsterinsights_sitenote_category":0,"_uf_show_specific_survey":0,"_uf_disable_surveys":false,"footnotes":""},"categories":[2],"tags":[],"class_list":["post-14422","post","type-post","status-publish","format-standard","has-post-thumbnail","hentry","category-not_mpal"],"aioseo_notices":[],"_links":{"self":[{"href":"https:\/\/www.mpal.mp.br\/index.php?rest_route=\/wp\/v2\/posts\/14422","targetHints":{"allow":["GET"]}}],"collection":[{"href":"https:\/\/www.mpal.mp.br\/index.php?rest_route=\/wp\/v2\/posts"}],"about":[{"href":"https:\/\/www.mpal.mp.br\/index.php?rest_route=\/wp\/v2\/types\/post"}],"author":[{"embeddable":true,"href":"https:\/\/www.mpal.mp.br\/index.php?rest_route=\/wp\/v2\/users\/5"}],"replies":[{"embeddable":true,"href":"https:\/\/www.mpal.mp.br\/index.php?rest_route=%2Fwp%2Fv2%2Fcomments&post=14422"}],"version-history":[{"count":1,"href":"https:\/\/www.mpal.mp.br\/index.php?rest_route=\/wp\/v2\/posts\/14422\/revisions"}],"predecessor-version":[{"id":14424,"href":"https:\/\/www.mpal.mp.br\/index.php?rest_route=\/wp\/v2\/posts\/14422\/revisions\/14424"}],"wp:featuredmedia":[{"embeddable":true,"href":"https:\/\/www.mpal.mp.br\/index.php?rest_route=\/wp\/v2\/media\/14361"}],"wp:attachment":[{"href":"https:\/\/www.mpal.mp.br\/index.php?rest_route=%2Fwp%2Fv2%2Fmedia&parent=14422"}],"wp:term":[{"taxonomy":"category","embeddable":true,"href":"https:\/\/www.mpal.mp.br\/index.php?rest_route=%2Fwp%2Fv2%2Fcategories&post=14422"},{"taxonomy":"post_tag","embeddable":true,"href":"https:\/\/www.mpal.mp.br\/index.php?rest_route=%2Fwp%2Fv2%2Ftags&post=14422"}],"curies":[{"name":"wp","href":"https:\/\/api.w.org\/{rel}","templated":true}]}}