{"id":14372,"date":"2014-10-17T11:04:26","date_gmt":"2014-10-17T14:04:26","guid":{"rendered":"https:\/\/www.mpal.mp.br\/?p=14372"},"modified":"2022-08-01T11:05:59","modified_gmt":"2022-08-01T14:05:59","slug":"jose-antonio-malta-marques-e-homenageado-com-o-diploma-de-honra-ao-merito-dr-carlos-guido-ferrario-lobo","status":"publish","type":"post","link":"https:\/\/www.mpal.mp.br\/?p=14372","title":{"rendered":"Jos\u00e9 Ant\u00f4nio Malta Marques \u00e9 homenageado com o diploma de honra ao M\u00e9rito Dr. Carlos Guido Ferr\u00e1rio Lobo"},"content":{"rendered":"<p style=\"text-align: justify;\"><span style=\"font-size: 14pt;\">O promotor de Justi\u00e7a Jos\u00e9 Ant\u00f4nio Malta Marques foi homenageado, na manh\u00e3 desta sexta-feira (17), com o diploma de honra ao M\u00e9rito Dr. Carlos Guido Ferr\u00e1rio Lobo. A honraria \u00e9 concedida pela Corregedoria-Geral do Minist\u00e9rio P\u00fablico do Estado de Alagoas a membros da institui\u00e7\u00e3o que se destacaram durante atua\u00e7\u00e3o funcional. A solenidade aconteceu no audit\u00f3rio Edgar Valente de Lima Filho, no pr\u00e9dio-sede da Procuradoria Geral de Justi\u00e7a, no Po\u00e7o e foi prestigiada por dezenas de autoridades.<\/span><\/p>\n<p style=\"text-align: justify;\"><span style=\"font-size: 14pt;\">A cerim\u00f4nia, que foi prestigiada por dezenas de procuradores e promotores de Justi\u00e7a, desembargadores, ju\u00edzes, advogados, familiares do homenageado, servidores e estagi\u00e1rios do Minist\u00e9rio P\u00fablico e do Poder Judici\u00e1rio, aconteceu durante todo o tempo em clima de emo\u00e7\u00e3o. Ela foi iniciada com o Hino Nacional Brasileiro sendo tocado pelo m\u00fasico Luas Rojas, da Pol\u00edcia Militar de Alagoas, e teve sequ\u00eancia com a exibi\u00e7\u00e3o de dois v\u00eddeos, um falando sobre o trabalho desenvolvido por Jos\u00e9 Ant\u00f4nio enquanto promotor de Justi\u00e7a, e, outro, feito especialmente pelos filhos dele.<\/span><\/p>\n<p style=\"text-align: justify;\"><span style=\"font-size: 14pt;\">Na sequ\u00eancia, o corregedor-geral do MPE\/AL, M\u00e1rcio Ten\u00f3rio de Albuquerque, explicou os motivos que levaram a Corregedoria a escolher Jos\u00e9 Ant\u00f4nio Malta Marques como homenageado. \u201cEsta \u00e9 uma das honrarias mais importantes concedidas pelo Minist\u00e9rio P\u00fablico e apenas oito integrantes da nossa institui\u00e7\u00e3o foram agraciados com o diploma de honra ao M\u00e9rito Dr. Carlos Guido Ferr\u00e1rio Lobo. O promotor Jos\u00e9 Ant\u00f4nio recebe esta homenagem porque preserva e prima pelo nome do Minist\u00e9rio P\u00fablico e pauta a sua vida pelos princ\u00edpios da honradez, \u00e9tica e profissionalismo\u201d, destacou M\u00e1rcio Ten\u00f3rio de Albuquerque.<\/span><\/p>\n<p style=\"text-align: justify;\"><span style=\"font-size: 14pt;\">\u201cO Minist\u00e9rio P\u00fablico \u00e9 uma casa de Justi\u00e7a, e, exatamente por isso, faz, neste momento, justi\u00e7a a um dos seus membros mais queridos. Homenagear Jos\u00e9 Ant\u00f4nio Malta Marques \u00e9 o mesmo que homenagear a hist\u00f3ria dessa nossa brava institui\u00e7\u00e3o. Ele \u00e9 um promotor que possui trajet\u00f3ria e conduta exemplares, tem ideais f\u00e9rreos e n\u00e3o transgride com seus princ\u00edpios. Temos orgulho de t\u00ea-lo como colega de trabalho. Sem d\u00favida alguma, \u00e9 um dos homens mais ador\u00e1veis que integra o Minist\u00e9rio P\u00fablico de Alagoas\u201d, afirmou o procurador-geral de Justi\u00e7a, S\u00e9rgio Juc\u00e1.<\/span><\/p>\n<p style=\"text-align: justify;\"><span style=\"font-size: 14pt;\">O presidente do Tribunal de Justi\u00e7a de Alagoas, desembargador Jos\u00e9 Carlos Malta Marques, tamb\u00e9m estava presente \u00e0 solenidade. \u201c\u00c9 muito dif\u00edcil ver essa homenagem linda acontecer e n\u00e3o me emocionar, principalmente porque pude ver imagens dos nossos pais, que j\u00e1 n\u00e3o est\u00e3o mais aqui conosco. Hoje, estou nesta cerim\u00f4nia n\u00e3o na condi\u00e7\u00e3o de desembargador, mas, sim, como familiar. Vim aqui apenas para aplaudir ao meu irm\u00e3o\u201d, disse ele.<\/span><\/p>\n<p style=\"text-align: justify;\"><span style=\"font-size: 14pt;\">\u201cAs conquistas que a gente obt\u00e9m na vida n\u00e3o chegam por acaso. Elas s\u00e3o fruto de muita coragem, trabalho e perseveran\u00e7a. Jos\u00e9 Ant\u00f4nio re\u00fane todas essas virtudes e por isso est\u00e1 sendo homenageado neste momento. E, al\u00e9m de tudo, tem um grande cora\u00e7\u00e3o\u201d, defendeu a promotora de Justi\u00e7a Adilza In\u00e1cio de Freitas, presidente da A Associa\u00e7\u00e3o do Minist\u00e9rio P\u00fablico de Alagoas (Ampal).<\/span><\/p>\n<p style=\"text-align: justify;\"><span style=\"font-size: 14pt;\"><strong>Agradecimentos<\/strong><\/span><\/p>\n<p style=\"text-align: justify;\"><span style=\"font-size: 14pt;\">Jos\u00e9 Ant\u00f4nio Malta Marques come\u00e7ou seu discurso agradecendo a honraria e afirmou que a homenagem foi um dos reconhecimentos mais bonitos que ele j\u00e1 conquistou em sua vida profissional. \u201cFiquei lisonjeado ao saber da aprova\u00e7\u00e3o do meu nome e, a partir daquele momento, come\u00e7ou a passar um filme em minha cabe\u00e7a. Lembrei-me de tantos enfrentamentos que precisei fazer, dos combates aos crimes de roubo, \u00e0 explora\u00e7\u00e3o sexual infanto-juvenil, ao tr\u00e1fico de drogas, ao furto de \u00e1gua. Recordei-me da minha atua\u00e7\u00e3o como vice-presidente e presidente da Ampal, na luta pela valoriza\u00e7\u00e3o da nossa classe. Pensei em quantas vezes precisei me ausentar de casa e deixar a minha fam\u00edlia, para, ent\u00e3o, poder cumprir a minha obriga\u00e7\u00e3o como promotor de Justi\u00e7a. O recebimento desta comenda me faz ter a certeza que todas as lutas e ren\u00fancias valeram a pena\u201d, declarou.<\/span><\/p>\n<p style=\"text-align: justify;\"><span style=\"font-size: 14pt;\">\u201c\u00c9 por isso que agrade\u00e7o a compreens\u00e3o e paci\u00eancia da minha esposa e dos meus filhos, o apoio e incentivo dos colegas procuradores e promotores de Justi\u00e7a e a dedica\u00e7\u00e3o e a parceria das equipes das promotorias por onde passei e dos ju\u00edzes, servidores e estagi\u00e1rios com quem j\u00e1 trabalhei e ainda trabalho. Muito aprendi com eles e \u00e9 por isso que divido com cada um, essa homenagem\u201d, explicou Jos\u00e9 Ant\u00f4nio Malta Marques.<\/span><\/p>\n<p style=\"text-align: justify;\"><span style=\"font-size: 14pt;\">E no rosto dos familiares, a express\u00e3o de orgulho pela homenagem ora recebida pelo promotor. \u201cN\u00e3o caibo em mim de tanto orgulho. Ele \u00e9 um pai maravilhoso e a gente se inspira muito nele para sermos pessoas do bem\u201d, comentou Ant\u00f4nio Rodolfo Malta Marques, filho de Jos\u00e9 Ant\u00f4nio.<\/span><\/p>\n<p style=\"text-align: justify;\"><span style=\"font-size: 14pt;\">\u201cEstamos todos muito felizes com esse reconhecimento. O Jos\u00e9 Ant\u00f4nio sempre dedicou grande parte da sua vida ao Minist\u00e9rio P\u00fablico e essa homenagem \u00e9 uma forma da institui\u00e7\u00e3o dizer que tudo o que ele fez, \u00e9 motivo de honra ao \u00f3rg\u00e3o. Hoje o dia realmente \u00e9 de celebra\u00e7\u00e3o\u201d, garantiu L\u00facia Laranjeira Marques, esposa do homenageado.<\/span><\/p>\n<p style=\"text-align: justify;\"><span style=\"font-size: 14pt;\"><strong>Hist\u00f3rico<\/strong><\/span><\/p>\n<p style=\"text-align: justify;\"><span style=\"font-size: 14pt;\">Natural do munic\u00edpio de Santana do Ipanema, Jos\u00e9 Ant\u00f4nio Malta Marques j\u00e1 possui uma rela\u00e7\u00e3o de trabalho e paix\u00e3o pelo Minist\u00e9rio P\u00fablico Estadual de Alagoas h\u00e1 27 anos. Foi nomeado, tomou posse e entrou em exerc\u00edcio no dia 28 de fevereiro de 1987 em virtude de habilita\u00e7\u00e3o em concurso p\u00fablico para o cargo de promotor de Justi\u00e7a substituto de 1\u00aa Entr\u00e2ncia. E, desde ent\u00e3o, vem sendo um expoente do \u00f3rg\u00e3o ministerial, por seu esfor\u00e7o di\u00e1rio, feito com responsabilidade, dedica\u00e7\u00e3o e coragem, na defesa da sociedade alagoana, contribuindo diretamente na efetiva\u00e7\u00e3o dos direitos e garantias consagrados no ordenamento jur\u00eddico.<\/span><\/p>\n<p style=\"text-align: justify;\"><span style=\"font-size: 14pt;\">Como promotor de 1\u00aa Entr\u00e2ncia, j\u00e1 trabalhou nas Promotorias de Justi\u00e7a de Mata Grande, Santana do Ipanema e Maravilha. Na 2\u00aa Entr\u00e2ncia, assumiu as Promotorias de Justi\u00e7a de Delmiro Gouveia e \u00c1gua Branca. Em 13 de maio de 2009, pelo crit\u00e9rio de antiguidade, foi promovido para a 49\u00aa Promotoria de Justi\u00e7a da Capital, de 3\u00aa Entr\u00e2ncia, local em que, at\u00e9 hoje desenvolve a sua miss\u00e3o.<\/span><\/p>\n<p style=\"text-align: justify;\"><span style=\"font-size: 14pt;\">Ap\u00f3s a promo\u00e7\u00e3o para a 49\u00aa Promotoria de Justi\u00e7a, foi tamb\u00e9m designado para responder cumulativamente por outras diversas Promotorias de Justi\u00e7a do Estado, com destaque na Promotoria de Justi\u00e7a de Porto de Pedras.<\/span><\/p>\n<p style=\"text-align: justify;\"><span style=\"font-size: 14pt;\">Sua atua\u00e7\u00e3o como membro do MPE\/AL lhe rendeu v\u00e1rias homenagens, a exemplo do T\u00edtulo de Cidad\u00e3o Honor\u00e1rio nos munic\u00edpios de Mata Grande, Maravilha, \u00c1gua Branca e Delmiro Gouveia. Foi tamb\u00e9m homenageado pela Associa\u00e7\u00e3o do Minist\u00e9rio P\u00fablico de Alagoas (Ampal) e pela Associa\u00e7\u00e3o Nacional do Minist\u00e9rio P\u00fablico (Conamp) pelos relevantes servi\u00e7os prestados ao MP brasileiro.<\/span><\/p>\n<p style=\"text-align: justify;\"><span style=\"font-size: 14pt;\">Tamb\u00e9m por conta da sua liga\u00e7\u00e3o com o MPE\/AL, foi eleito vice-presidente da Ampal para o bi\u00eanio 2001-2003 e presidente para o bi\u00eanio 2003-2005. Al\u00e9m disso, foi diretor regional Nordeste e membro do Conselho Fiscal do Conamp.<\/span><\/p>\n<p style=\"text-align: justify;\"><span style=\"font-size: 14pt;\">E Jos\u00e9 Ant\u00f4nio Malta Marques n\u00e3o possui apenas forma\u00e7\u00e3o em Direito. Ele \u00e9 ainda t\u00e9cnico em estradas pela antiga Escola T\u00e9cnica Federal de Alagoas e t\u00e9cnico em Contabilidade.<\/span><\/p>\n<p style=\"text-align: justify;\"><span style=\"font-size: 14pt;\"><strong>O diploma<\/strong><\/span><\/p>\n<p style=\"text-align: justify;\"><span style=\"font-size: 14pt;\">O diploma de honra ao M\u00e9rito Dr. Carlos Guido Ferr\u00e1rio Lobo destina-se a premiar e a incentivar os integrantes do Minist\u00e9rio P\u00fablico do Estado de Alagoas como reconhecimento pelo exerc\u00edcio pleno das fun\u00e7\u00f5es de modo geral e em \u00e1reas espec\u00edficas de atua\u00e7\u00e3o do MPE\/AL, bem como pelo esfor\u00e7o nos aprimoramentos profissional, cultural e intelectual.<\/span><\/p>\n<p style=\"text-align: justify;\">\n","protected":false},"excerpt":{"rendered":"<p> [&hellip;]<\/p>\n","protected":false},"author":5,"featured_media":14373,"comment_status":"open","ping_status":"open","sticky":false,"template":"","format":"standard","meta":{"om_disable_all_campaigns":false,"_monsterinsights_skip_tracking":false,"_monsterinsights_sitenote_active":false,"_monsterinsights_sitenote_note":"","_monsterinsights_sitenote_category":0,"_uf_show_specific_survey":0,"_uf_disable_surveys":false,"footnotes":""},"categories":[2],"tags":[],"class_list":["post-14372","post","type-post","status-publish","format-standard","has-post-thumbnail","hentry","category-not_mpal"],"aioseo_notices":[],"_links":{"self":[{"href":"https:\/\/www.mpal.mp.br\/index.php?rest_route=\/wp\/v2\/posts\/14372","targetHints":{"allow":["GET"]}}],"collection":[{"href":"https:\/\/www.mpal.mp.br\/index.php?rest_route=\/wp\/v2\/posts"}],"about":[{"href":"https:\/\/www.mpal.mp.br\/index.php?rest_route=\/wp\/v2\/types\/post"}],"author":[{"embeddable":true,"href":"https:\/\/www.mpal.mp.br\/index.php?rest_route=\/wp\/v2\/users\/5"}],"replies":[{"embeddable":true,"href":"https:\/\/www.mpal.mp.br\/index.php?rest_route=%2Fwp%2Fv2%2Fcomments&post=14372"}],"version-history":[{"count":1,"href":"https:\/\/www.mpal.mp.br\/index.php?rest_route=\/wp\/v2\/posts\/14372\/revisions"}],"predecessor-version":[{"id":14374,"href":"https:\/\/www.mpal.mp.br\/index.php?rest_route=\/wp\/v2\/posts\/14372\/revisions\/14374"}],"wp:featuredmedia":[{"embeddable":true,"href":"https:\/\/www.mpal.mp.br\/index.php?rest_route=\/wp\/v2\/media\/14373"}],"wp:attachment":[{"href":"https:\/\/www.mpal.mp.br\/index.php?rest_route=%2Fwp%2Fv2%2Fmedia&parent=14372"}],"wp:term":[{"taxonomy":"category","embeddable":true,"href":"https:\/\/www.mpal.mp.br\/index.php?rest_route=%2Fwp%2Fv2%2Fcategories&post=14372"},{"taxonomy":"post_tag","embeddable":true,"href":"https:\/\/www.mpal.mp.br\/index.php?rest_route=%2Fwp%2Fv2%2Ftags&post=14372"}],"curies":[{"name":"wp","href":"https:\/\/api.w.org\/{rel}","templated":true}]}}