{"id":14370,"date":"2014-11-05T11:03:10","date_gmt":"2014-11-05T13:03:10","guid":{"rendered":"https:\/\/www.mpal.mp.br\/?p=14370"},"modified":"2022-08-01T11:04:08","modified_gmt":"2022-08-01T14:04:08","slug":"colegio-de-procuradores-elege-vicente-felix-e-dilmar-camerino-para-corregedoria-geral","status":"publish","type":"post","link":"https:\/\/www.mpal.mp.br\/?p=14370","title":{"rendered":"Col\u00e9gio de Procuradores elege Vicente Felix e Dilmar Camerino para Corregedoria-Geral"},"content":{"rendered":"<p style=\"text-align: justify;\"><span style=\"font-size: 14pt;\">O Col\u00e9gio de Procuradores de Justi\u00e7a elegeu, na tarde desta quarta-feira (05), os novos membros que v\u00e3o chefiar a Corregedoria-Geral do Minist\u00e9rio P\u00fablico Estadual de Alagoas (MPE\/AL). Os procuradores de Justi\u00e7a Vicente Felix Correia e Dilmar Lopes Camerino, foram eleitos para os cargos de corregedor e corregedor substituto, respectivamente. Com mandato de dois anos, as autoridades iniciar\u00e3o a gest\u00e3o 2015-2016 no dia 2 de janeiro.<\/span><\/p>\n<p style=\"text-align: justify;\"><span style=\"font-size: 14pt;\">A elei\u00e7\u00e3o, que foi comandada pelo subprocurador-geral Administrativo-Institucional, Walber Jos\u00e9 Valente de Lima, atualmente no comando do MPE\/AL, contou com a participa\u00e7\u00e3o de 16 procuradores de Justi\u00e7a. Para o cargo de corregedor-geral, Vicente F\u00e9lix Correia recebeu 15 votos. Apenas um voto nulo foi registrado e n\u00e3o houve concorr\u00eancia.<\/span><\/p>\n<p style=\"text-align: justify;\"><span style=\"font-size: 14pt;\">\u201cQuero agradecer os votos de confian\u00e7a dados a mim. Sinto-me honrado em ter sido escolhido por 15 colegas. Inicie meu trabalho na Corregedoria como substituto, acompanhando o atual corregedor-geral, M\u00e1rcio Ten\u00f3rio de Albuquerque e, ao lado dele, tive a oportunidade de aprender bastante. Ent\u00e3o, agora, como mais experi\u00eancia, quero poder emprestar meu trabalho a este \u00f3rg\u00e3o. Com honradez continuarei dedicado \u00e0 Corregedoria\u201d, declarou Vicente Felix Correia.<\/span><\/p>\n<p style=\"text-align: justify;\"><span style=\"font-size: 14pt;\"><strong>Corregedor-geral substituto<\/strong><\/span><\/p>\n<p style=\"text-align: justify;\"><span style=\"font-size: 14pt;\">Atendendo a um requerimento apresentado pelo procurador de Justi\u00e7a Marcos Barros M\u00e9ro, o Col\u00e9gio de Procuradores tamb\u00e9m formou, nesta quarta-feira, uma lista tr\u00edplice com os nomes dos candidatos aos cargos de corregedor-geral substituto. Concorreram na ocasi\u00e3o os procuradores de Justi\u00e7a Lean Ant\u00f4nio Ferreira de Ara\u00fajo, Dilmar Lopes Camerino e o pr\u00f3prio Marcos Barros M\u00e9ro. O segundo saiu vencedor do pleito.<\/span><\/p>\n<p style=\"text-align: justify;\"><span style=\"font-size: 14pt;\">Como \u00f3rg\u00e3o da administra\u00e7\u00e3o superior, s\u00e3o atividades da Corregedoria-Geral a realiza\u00e7\u00e3o de correi\u00e7\u00f5es e inspe\u00e7\u00f5es nos \u00f3rg\u00e3os de execu\u00e7\u00e3o do MPE, al\u00e9m da expedi\u00e7\u00e3o de recomenda\u00e7\u00f5es e instaura\u00e7\u00e3o de processo disciplinar para apura\u00e7\u00e3o da conduta do agente ministerial.<\/span><\/p>\n","protected":false},"excerpt":{"rendered":"<p> [&hellip;]<\/p>\n","protected":false},"author":5,"featured_media":14340,"comment_status":"open","ping_status":"open","sticky":false,"template":"","format":"standard","meta":{"om_disable_all_campaigns":false,"_monsterinsights_skip_tracking":false,"_monsterinsights_sitenote_active":false,"_monsterinsights_sitenote_note":"","_monsterinsights_sitenote_category":0,"_uf_show_specific_survey":0,"_uf_disable_surveys":false,"footnotes":""},"categories":[2],"tags":[],"class_list":["post-14370","post","type-post","status-publish","format-standard","has-post-thumbnail","hentry","category-not_mpal"],"aioseo_notices":[],"_links":{"self":[{"href":"https:\/\/www.mpal.mp.br\/index.php?rest_route=\/wp\/v2\/posts\/14370","targetHints":{"allow":["GET"]}}],"collection":[{"href":"https:\/\/www.mpal.mp.br\/index.php?rest_route=\/wp\/v2\/posts"}],"about":[{"href":"https:\/\/www.mpal.mp.br\/index.php?rest_route=\/wp\/v2\/types\/post"}],"author":[{"embeddable":true,"href":"https:\/\/www.mpal.mp.br\/index.php?rest_route=\/wp\/v2\/users\/5"}],"replies":[{"embeddable":true,"href":"https:\/\/www.mpal.mp.br\/index.php?rest_route=%2Fwp%2Fv2%2Fcomments&post=14370"}],"version-history":[{"count":1,"href":"https:\/\/www.mpal.mp.br\/index.php?rest_route=\/wp\/v2\/posts\/14370\/revisions"}],"predecessor-version":[{"id":14371,"href":"https:\/\/www.mpal.mp.br\/index.php?rest_route=\/wp\/v2\/posts\/14370\/revisions\/14371"}],"wp:featuredmedia":[{"embeddable":true,"href":"https:\/\/www.mpal.mp.br\/index.php?rest_route=\/wp\/v2\/media\/14340"}],"wp:attachment":[{"href":"https:\/\/www.mpal.mp.br\/index.php?rest_route=%2Fwp%2Fv2%2Fmedia&parent=14370"}],"wp:term":[{"taxonomy":"category","embeddable":true,"href":"https:\/\/www.mpal.mp.br\/index.php?rest_route=%2Fwp%2Fv2%2Fcategories&post=14370"},{"taxonomy":"post_tag","embeddable":true,"href":"https:\/\/www.mpal.mp.br\/index.php?rest_route=%2Fwp%2Fv2%2Ftags&post=14370"}],"curies":[{"name":"wp","href":"https:\/\/api.w.org\/{rel}","templated":true}]}}