{"id":14367,"date":"2015-01-02T11:02:16","date_gmt":"2015-01-02T13:02:16","guid":{"rendered":"https:\/\/www.mpal.mp.br\/?p=14367"},"modified":"2022-08-01T11:02:57","modified_gmt":"2022-08-01T14:02:57","slug":"vicente-felix-toma-posse-como-corregedor-geral","status":"publish","type":"post","link":"https:\/\/www.mpal.mp.br\/?p=14367","title":{"rendered":"Vicente Felix toma posse como corregedor-geral"},"content":{"rendered":"<div class=\"content-wrapper-1\">\n<div class=\"content-wrapper-2\">\n<div id=\"mainmiddle\">\n<div id=\"mainmiddle-expand\">\n<div id=\"content\">\n<div id=\"content-shift\">\n<div class=\"floatbox\">\n<div class=\"joomla \">\n<div class=\"article\">\n<div id=\"articlepxfontsize1\">\n<p style=\"text-align: justify;\"><span style=\"font-size: 14pt;\">O procurador de Justi\u00e7a Vicente Felix Correia \u00e9 o mais novo corregedor-geral do Minist\u00e9rio P\u00fablico. A partir desta sexta-feira (2), caber\u00e1 a ele, dentre outras fun\u00e7\u00f5es, a realiza\u00e7\u00e3o de correi\u00e7\u00f5es e inspe\u00e7\u00f5es nos \u00f3rg\u00e3os de execu\u00e7\u00e3o do MPE\/AL, al\u00e9m da expedi\u00e7\u00e3o de recomenda\u00e7\u00f5es e instaura\u00e7\u00e3o de processo disciplinar para apura\u00e7\u00e3o da conduta do agente ministerial.<\/span><\/p>\n<p style=\"text-align: justify;\"><span style=\"font-size: 14pt;\">\u201cPenso que para desenvolver esse mister, \u00e9 necess\u00e1rio compreender que o trabalho correcional n\u00e3o se resume a penalizar ou simplesmente criticar, mais acima de tudo, tem um car\u00e1ter de antecipar-se e prevenir os poss\u00edveis erros ou omiss\u00f5es do profissional, buscando, cada vez mais, aperfei\u00e7oar a qualidade da presta\u00e7\u00e3o de servi\u00e7o. Para tanto, \u00e9 preciso buscarmos meios modernos e eficazes de acompanhamento do exerc\u00edcio das fun\u00e7\u00f5es ministeriais para possibilitar uma atua\u00e7\u00e3o correta e priorit\u00e1ria\u201d, argumentou Vicente Felix Correia.<\/span><\/p>\n<p style=\"text-align: justify;\"><span style=\"font-size: 14pt;\">A cerim\u00f4nia de posse foi prestigiada por dezenas de autoridades, dentre elas, o governador de Alagoas, Renan Filho. Na ocasi\u00e3o, tamb\u00e9m foram empossados os novos procurador-geral de Justi\u00e7a e ouvidor-geral, S\u00e9rgio Rocha Cavalcanti Juc\u00e1 e Afr\u00e2nio Roberto Pereira de Queiroz.<\/span><\/p>\n<\/div>\n<\/div>\n<\/div>\n<\/div>\n<\/div>\n<\/div>\n<\/div>\n<\/div>\n<\/div>\n<\/div>\n<div class=\"content-wrapper-b1\">\n<div class=\"content-wrapper-b2\" style=\"text-align: justify;\"><\/div>\n<\/div>\n","protected":false},"excerpt":{"rendered":"<p> [&hellip;]<\/p>\n","protected":false},"author":5,"featured_media":14368,"comment_status":"open","ping_status":"open","sticky":false,"template":"","format":"standard","meta":{"om_disable_all_campaigns":false,"_monsterinsights_skip_tracking":false,"_monsterinsights_sitenote_active":false,"_monsterinsights_sitenote_note":"","_monsterinsights_sitenote_category":0,"_uf_show_specific_survey":0,"_uf_disable_surveys":false,"footnotes":""},"categories":[2],"tags":[],"class_list":["post-14367","post","type-post","status-publish","format-standard","has-post-thumbnail","hentry","category-not_mpal"],"aioseo_notices":[],"_links":{"self":[{"href":"https:\/\/www.mpal.mp.br\/index.php?rest_route=\/wp\/v2\/posts\/14367","targetHints":{"allow":["GET"]}}],"collection":[{"href":"https:\/\/www.mpal.mp.br\/index.php?rest_route=\/wp\/v2\/posts"}],"about":[{"href":"https:\/\/www.mpal.mp.br\/index.php?rest_route=\/wp\/v2\/types\/post"}],"author":[{"embeddable":true,"href":"https:\/\/www.mpal.mp.br\/index.php?rest_route=\/wp\/v2\/users\/5"}],"replies":[{"embeddable":true,"href":"https:\/\/www.mpal.mp.br\/index.php?rest_route=%2Fwp%2Fv2%2Fcomments&post=14367"}],"version-history":[{"count":1,"href":"https:\/\/www.mpal.mp.br\/index.php?rest_route=\/wp\/v2\/posts\/14367\/revisions"}],"predecessor-version":[{"id":14369,"href":"https:\/\/www.mpal.mp.br\/index.php?rest_route=\/wp\/v2\/posts\/14367\/revisions\/14369"}],"wp:featuredmedia":[{"embeddable":true,"href":"https:\/\/www.mpal.mp.br\/index.php?rest_route=\/wp\/v2\/media\/14368"}],"wp:attachment":[{"href":"https:\/\/www.mpal.mp.br\/index.php?rest_route=%2Fwp%2Fv2%2Fmedia&parent=14367"}],"wp:term":[{"taxonomy":"category","embeddable":true,"href":"https:\/\/www.mpal.mp.br\/index.php?rest_route=%2Fwp%2Fv2%2Fcategories&post=14367"},{"taxonomy":"post_tag","embeddable":true,"href":"https:\/\/www.mpal.mp.br\/index.php?rest_route=%2Fwp%2Fv2%2Ftags&post=14367"}],"curies":[{"name":"wp","href":"https:\/\/api.w.org\/{rel}","templated":true}]}}