{"id":14365,"date":"2015-02-19T11:00:52","date_gmt":"2015-02-19T13:00:52","guid":{"rendered":"https:\/\/www.mpal.mp.br\/?p=14365"},"modified":"2022-08-01T11:02:02","modified_gmt":"2022-08-01T14:02:02","slug":"corregedoria-geral-realiza-primeira-serie-de-correicoes-em-marco","status":"publish","type":"post","link":"https:\/\/www.mpal.mp.br\/?p=14365","title":{"rendered":"Corregedoria-Geral realiza primeira s\u00e9rie de correi\u00e7\u00f5es em mar\u00e7o"},"content":{"rendered":"<p style=\"text-align: justify;\"><span style=\"font-size: 14pt;\">A Corregedoria-Geral do Minist\u00e9rio P\u00fablico do Estado de Alagoas realizar\u00e1 sua primeira s\u00e9rie de correi\u00e7\u00f5es ordin\u00e1rias em mar\u00e7o, com visitas \u00e0s Promotorias de Justi\u00e7a da Capital, Cajueiro, Paulo Jacinto, Quebrangulo, Satuba e S\u00e3o Jos\u00e9 da Lage.<\/span><\/p>\n<p style=\"text-align: justify;\"><span style=\"font-size: 14pt;\">Os trabalhos ser\u00e3o iniciados na Promotoria de Justi\u00e7a de Cajueiro, que receber\u00e1 a visita da Corregedoria no dia 05 de mar\u00e7o. No dia seguinte, ser\u00e1 a vez das 8\u00aa e 9\u00aa Promotorias de Justi\u00e7a da Capital.<\/span><\/p>\n<p style=\"text-align: justify;\"><span style=\"font-size: 14pt;\">As Promotorias de Paulo Jacinto e Quebr\u00e2ngulo ter\u00e3o oportunidade de mostrar que est\u00e3o em dia com as suas atribui\u00e7\u00f5es no dia 17 de mar\u00e7o, enquanto as Promotorias de Satuba e de S\u00e3o Jos\u00e9 da Lage poder\u00e3o fazer o mesmo nos dias 24 e 31, respectivamente.<\/span><\/p>\n<p style=\"text-align: justify;\"><span style=\"font-size: 14pt;\">\u201cEnquanto perdurar a correi\u00e7\u00e3o ordin\u00e1ria, qualquer do povo que se sentir prejudicado com a atua\u00e7\u00e3o do Minist\u00e9rio P\u00fablico local, poder\u00e1 oferecer as reclama\u00e7\u00f5es que tiver, escritas ou orais, podendo ainda direcion\u00e1-las \u00e0 Corregedoria-Geral do Minist\u00e9rio P\u00fablico de Alagoas\u201d, destaca o corregedor-geralVicente Felix.<\/span><\/p>\n<p style=\"text-align: justify;\"><span style=\"font-size: 14pt;\">Al\u00e9m do chefe da Corregedoria, tamb\u00e9m fazem parte do \u00f3rg\u00e3o do Minist\u00e9rio P\u00fablico Estadual o corregedor-geral substituto Dilmar Camerino, os promotores de Justi\u00e7a Adriana Gomes, Humberto Bulh\u00f5es e Roberto Salom\u00e3o e uma equipe de servidores.<\/span><\/p>\n","protected":false},"excerpt":{"rendered":"<p> [&hellip;]<\/p>\n","protected":false},"author":5,"featured_media":2857,"comment_status":"open","ping_status":"open","sticky":false,"template":"","format":"standard","meta":{"om_disable_all_campaigns":false,"_monsterinsights_skip_tracking":false,"_monsterinsights_sitenote_active":false,"_monsterinsights_sitenote_note":"","_monsterinsights_sitenote_category":0,"_uf_show_specific_survey":0,"_uf_disable_surveys":false,"footnotes":""},"categories":[2],"tags":[],"class_list":["post-14365","post","type-post","status-publish","format-standard","has-post-thumbnail","hentry","category-not_mpal"],"aioseo_notices":[],"_links":{"self":[{"href":"https:\/\/www.mpal.mp.br\/index.php?rest_route=\/wp\/v2\/posts\/14365","targetHints":{"allow":["GET"]}}],"collection":[{"href":"https:\/\/www.mpal.mp.br\/index.php?rest_route=\/wp\/v2\/posts"}],"about":[{"href":"https:\/\/www.mpal.mp.br\/index.php?rest_route=\/wp\/v2\/types\/post"}],"author":[{"embeddable":true,"href":"https:\/\/www.mpal.mp.br\/index.php?rest_route=\/wp\/v2\/users\/5"}],"replies":[{"embeddable":true,"href":"https:\/\/www.mpal.mp.br\/index.php?rest_route=%2Fwp%2Fv2%2Fcomments&post=14365"}],"version-history":[{"count":1,"href":"https:\/\/www.mpal.mp.br\/index.php?rest_route=\/wp\/v2\/posts\/14365\/revisions"}],"predecessor-version":[{"id":14366,"href":"https:\/\/www.mpal.mp.br\/index.php?rest_route=\/wp\/v2\/posts\/14365\/revisions\/14366"}],"wp:featuredmedia":[{"embeddable":true,"href":"https:\/\/www.mpal.mp.br\/index.php?rest_route=\/wp\/v2\/media\/2857"}],"wp:attachment":[{"href":"https:\/\/www.mpal.mp.br\/index.php?rest_route=%2Fwp%2Fv2%2Fmedia&parent=14365"}],"wp:term":[{"taxonomy":"category","embeddable":true,"href":"https:\/\/www.mpal.mp.br\/index.php?rest_route=%2Fwp%2Fv2%2Fcategories&post=14365"},{"taxonomy":"post_tag","embeddable":true,"href":"https:\/\/www.mpal.mp.br\/index.php?rest_route=%2Fwp%2Fv2%2Ftags&post=14365"}],"curies":[{"name":"wp","href":"https:\/\/api.w.org\/{rel}","templated":true}]}}