{"id":14360,"date":"2015-04-30T10:58:20","date_gmt":"2015-04-30T13:58:20","guid":{"rendered":"https:\/\/www.mpal.mp.br\/?p=14360"},"modified":"2022-08-01T10:59:29","modified_gmt":"2022-08-01T13:59:29","slug":"corregedoria-realiza-correicao-no-gecoc-em-maio-vicente-felix-participa-de-96a-reuniao-do-cncgmp","status":"publish","type":"post","link":"https:\/\/www.mpal.mp.br\/?p=14360","title":{"rendered":"Corregedoria realiza correi\u00e7\u00e3o no Gecoc em maio; Vicente Felix participa de 96\u00aa Reuni\u00e3o do CNCGMP"},"content":{"rendered":"<div class=\"content-wrapper-1\">\n<div class=\"content-wrapper-2\">\n<div id=\"mainmiddle\">\n<div id=\"mainmiddle-expand\">\n<div id=\"content\">\n<div id=\"content-shift\">\n<div class=\"floatbox\">\n<div class=\"joomla \">\n<div class=\"article\">\n<div id=\"articlepxfontsize1\">\n<p style=\"text-align: justify;\"><span style=\"font-size: 14pt;\">Conforme delibera\u00e7\u00e3o da 95\u00aa Reuni\u00e3o Ordin\u00e1ria do Conselho Nacional dos Corregedores-Gerais do Minist\u00e9rio P\u00fablico (CNCGMP), todos os Grupos de Combate \u00e0s Organiza\u00e7\u00f5es Criminosas dever\u00e3o passar por correi\u00e7\u00e3o e inspe\u00e7\u00e3o. No Minist\u00e9rio P\u00fablico do Estado de Alagoas (MPE\/AL) n\u00e3o ser\u00e1 diferente. A Corregedoria-Geral visitar\u00e1 o Gecoc da Casa no dia 07 de maio, \u00e0s 10h. A reuni\u00e3o do \u00f3rg\u00e3o colegiado que deliberou a fiscaliza\u00e7\u00e3o ocorreu em Belo Horizonte, nos dias 26 e 27 de fevereiro.<\/span><\/p>\n<p style=\"text-align: justify;\"><span style=\"font-size: 14pt;\">No pr\u00f3ximo m\u00eas, o \u00f3rg\u00e3o de aconselhamento do MPE\/AL tamb\u00e9m realizar\u00e1 correi\u00e7\u00e3o na 51\u00aa Promotoria de Justi\u00e7a da Capital (8), Promotoria de Justi\u00e7a de Olho D&#8217;\u00c1gua das Flores (13), Promotoria de Justi\u00e7a de Batalha (13), Promotor de Justi\u00e7a Substituto que atua perante a 9\u00aa, 10\u00aa e 11\u00aa Varas de C\u00edveis da Capital (15), Promotoria de Justi\u00e7a de S\u00e3o Jos\u00e9 da Tapera (20), Promotoria de Justi\u00e7a de P\u00e3o de A\u00e7\u00facar (20), Promotoria de Justi\u00e7a de Limoeiro de Anadia (26) e Promotoria de Justi\u00e7a de Taquarana (26).<\/span><\/p>\n<p style=\"text-align: justify;\"><span style=\"font-size: 14pt;\">\u201cEnquanto perdurar a correi\u00e7\u00e3o ordin\u00e1ria, qualquer do povo que se sentir prejudicado com a atua\u00e7\u00e3o do Minist\u00e9rio P\u00fablico local, poder\u00e1 oferecer as reclama\u00e7\u00f5es que tiver, escritas ou orais, podendo ainda direcion\u00e1-las \u00e0 Corregedoria-Geral do Minist\u00e9rio P\u00fablico de Alagoas\u201d, destaca o corregedor-geralVicente Felix.<\/span><\/p>\n<p style=\"text-align: justify;\"><span style=\"font-size: 14pt;\"><strong>Abril<\/strong><\/span><\/p>\n<p style=\"text-align: justify;\"><span style=\"font-size: 14pt;\">Na manh\u00e3 desta quinta-feira (30), a Corregedoria-Geral realiza correi\u00e7\u00f5es ordin\u00e1rias nas 1\u00aa e 2\u00aa Promotorias de Justi\u00e7a de Marechal Deodoro. Em abril, o \u00f3rg\u00e3o visitou \u00e0s Promotorias de Justi\u00e7a de S\u00e3o Luiz do Quitunde, Paripueira, Anadia, Teot\u00f4nio Vilela, Junqueiro, al\u00e9m da 50\u00aa Promotoria de Justi\u00e7a da Capital.<\/span><\/p>\n<p style=\"text-align: justify;\"><span style=\"font-size: 14pt;\">Al\u00e9m do chefe da Corregedoria, tamb\u00e9m fazem parte do \u00f3rg\u00e3o do Minist\u00e9rio P\u00fablico Estadual o corregedor-geral substituto Dilmar Camerino, os promotores de Justi\u00e7a Adriana Gomes, Humberto Bulh\u00f5es e Roberto Salom\u00e3o e uma equipe de servidores. A import\u00e2ncia de contar com a equipe se d\u00e1 num momento em que o corregedor-geral participa da 96\u00aa Reuni\u00e3o dos Corregedores Gerais do MP, em Porto Alegre, no Rio Grande do Sul.<\/span><\/p>\n<\/div>\n<\/div>\n<\/div>\n<\/div>\n<\/div>\n<\/div>\n<\/div>\n<\/div>\n<\/div>\n<\/div>\n<div class=\"content-wrapper-b1\">\n<div class=\"content-wrapper-b2\" style=\"text-align: justify;\"><\/div>\n<\/div>\n","protected":false},"excerpt":{"rendered":"<p> [&hellip;]<\/p>\n","protected":false},"author":5,"featured_media":14361,"comment_status":"open","ping_status":"open","sticky":false,"template":"","format":"standard","meta":{"om_disable_all_campaigns":false,"_monsterinsights_skip_tracking":false,"_monsterinsights_sitenote_active":false,"_monsterinsights_sitenote_note":"","_monsterinsights_sitenote_category":0,"_uf_show_specific_survey":0,"_uf_disable_surveys":false,"footnotes":""},"categories":[2],"tags":[],"class_list":["post-14360","post","type-post","status-publish","format-standard","has-post-thumbnail","hentry","category-not_mpal"],"aioseo_notices":[],"_links":{"self":[{"href":"https:\/\/www.mpal.mp.br\/index.php?rest_route=\/wp\/v2\/posts\/14360","targetHints":{"allow":["GET"]}}],"collection":[{"href":"https:\/\/www.mpal.mp.br\/index.php?rest_route=\/wp\/v2\/posts"}],"about":[{"href":"https:\/\/www.mpal.mp.br\/index.php?rest_route=\/wp\/v2\/types\/post"}],"author":[{"embeddable":true,"href":"https:\/\/www.mpal.mp.br\/index.php?rest_route=\/wp\/v2\/users\/5"}],"replies":[{"embeddable":true,"href":"https:\/\/www.mpal.mp.br\/index.php?rest_route=%2Fwp%2Fv2%2Fcomments&post=14360"}],"version-history":[{"count":1,"href":"https:\/\/www.mpal.mp.br\/index.php?rest_route=\/wp\/v2\/posts\/14360\/revisions"}],"predecessor-version":[{"id":14362,"href":"https:\/\/www.mpal.mp.br\/index.php?rest_route=\/wp\/v2\/posts\/14360\/revisions\/14362"}],"wp:featuredmedia":[{"embeddable":true,"href":"https:\/\/www.mpal.mp.br\/index.php?rest_route=\/wp\/v2\/media\/14361"}],"wp:attachment":[{"href":"https:\/\/www.mpal.mp.br\/index.php?rest_route=%2Fwp%2Fv2%2Fmedia&parent=14360"}],"wp:term":[{"taxonomy":"category","embeddable":true,"href":"https:\/\/www.mpal.mp.br\/index.php?rest_route=%2Fwp%2Fv2%2Fcategories&post=14360"},{"taxonomy":"post_tag","embeddable":true,"href":"https:\/\/www.mpal.mp.br\/index.php?rest_route=%2Fwp%2Fv2%2Ftags&post=14360"}],"curies":[{"name":"wp","href":"https:\/\/api.w.org\/{rel}","templated":true}]}}