{"id":14357,"date":"2015-05-07T10:57:21","date_gmt":"2015-05-07T13:57:21","guid":{"rendered":"https:\/\/www.mpal.mp.br\/?p=14357"},"modified":"2022-08-01T10:58:08","modified_gmt":"2022-08-01T13:58:08","slug":"marcio-roberto-tenorio-e-homenageado-na-96a-reuniao-do-cncgmp-procurador-de-justica-comandou-corregedoria-do-mpe-al-no-bienio-2013-14","status":"publish","type":"post","link":"https:\/\/www.mpal.mp.br\/?p=14357","title":{"rendered":"M\u00e1rcio Roberto Ten\u00f3rio \u00e9 homenageado na 96\u00aa Reuni\u00e3o do CNCGMP; procurador de Justi\u00e7a comandou Corregedoria do MPE\/AL no bi\u00eanio 2013\/14"},"content":{"rendered":"<p style=\"text-align: justify;\"><span style=\"font-size: 14pt;\">O ex-corregedor-geral do Minist\u00e9rio P\u00fablico do Estado de Alagoas, procurador de Justi\u00e7a M\u00e1rcio Roberto Ten\u00f3rio, foi homenageado pelos servi\u00e7os prestados \u00e0 categoria na 96\u00aa Reuni\u00e3o Ordin\u00e1ria do Conselho Nacional dos Corregedores-Gerais do Minist\u00e9rio P\u00fablico (CNCGMP), realizada em Porto Alegre, nos dias 29 e 30 de abril. O atual chefe da Corregedoria-Geral do MPE\/AL, procurador de Justi\u00e7a Vicente Felix, esteve presente na homenagem.<\/span><\/p>\n<p style=\"text-align: justify;\"><span style=\"font-size: 14pt;\">No encontro, tamb\u00e9m foi apresentada a nova p\u00e1gina do CNCGMP pelo corregedor-geral do Minist\u00e9rio P\u00fablico do Estado do Rio de Janeiro, Pedro Elias Erthal Sanglard. Al\u00e9m disso, ocorreram momentos tem\u00e1ticos em que se debateu o di\u00e1logo com o Conselho Nacional do Minist\u00e9rio P\u00fablico (CNMP); a correi\u00e7\u00e3o e inspe\u00e7\u00e3o em Grupo de Atua\u00e7\u00e3o Especial de Combate ao Crime Organizado e a resid\u00eancia de membros do MP fora da comarca nos finais de semana.<\/span><\/p>\n<p style=\"text-align: justify;\"><span style=\"font-size: 14pt;\"><strong>Correi\u00e7\u00e3o no Gecoc<\/strong><\/span><\/p>\n<p style=\"text-align: justify;\"><span style=\"font-size: 14pt;\">A Corregedoria-Geral visitou o Grupo Estadual de Combate \u00e0s Organiza\u00e7\u00f5es Criminosas (Gecoc) do Minist\u00e9rio P\u00fablico do Estado de Alagoas, nesta quinta-feira (7) dia 07 de maio, ap\u00f3s delibera\u00e7\u00e3o do CNCGMP, que definiu a correi\u00e7\u00e3o e inspe\u00e7\u00e3o de todos os coletivos de atua\u00e7\u00e3o na \u00e1rea.<\/span><\/p>\n<p style=\"text-align: justify;\"><span style=\"font-size: 14pt;\">Neste m\u00eas, o \u00f3rg\u00e3o de aconselhamento do MPE\/AL tamb\u00e9m realizar\u00e1 correi\u00e7\u00e3o na 51\u00aa Promotoria de Justi\u00e7a da Capital (8), Promotoria de Justi\u00e7a de Olho D&#8217;\u00c1gua das Flores (13), Promotoria de Justi\u00e7a de Batalha (13), Promotor de Justi\u00e7a Substituto que atua perante a 9\u00aa, 10\u00aa e 11\u00aa Varas de C\u00edveis da Capital (15), Promotoria de Justi\u00e7a de S\u00e3o Jos\u00e9 da Tapera (20), Promotoria de Justi\u00e7a de P\u00e3o de A\u00e7\u00facar (20), Promotoria de Justi\u00e7a de Limoeiro de Anadia (26) e Promotoria de Justi\u00e7a de Taquarana (26).<\/span><\/p>\n<p style=\"text-align: justify;\"><span style=\"font-size: 14pt;\">\u201cEnquanto perdurar a correi\u00e7\u00e3o ordin\u00e1ria, qualquer do povo que se sentir prejudicado com a atua\u00e7\u00e3o do Minist\u00e9rio P\u00fablico local, poder\u00e1 oferecer as reclama\u00e7\u00f5es que tiver, escritas ou orais, podendo ainda direcion\u00e1-las \u00e0 Corregedoria-Geral do Minist\u00e9rio P\u00fablico de Alagoas\u201d, destaca o corregedor-geralVicente Felix.<\/span><\/p>\n","protected":false},"excerpt":{"rendered":"<p> [&hellip;]<\/p>\n","protected":false},"author":5,"featured_media":14358,"comment_status":"open","ping_status":"open","sticky":false,"template":"","format":"standard","meta":{"om_disable_all_campaigns":false,"_monsterinsights_skip_tracking":false,"_monsterinsights_sitenote_active":false,"_monsterinsights_sitenote_note":"","_monsterinsights_sitenote_category":0,"_uf_show_specific_survey":0,"_uf_disable_surveys":false,"footnotes":""},"categories":[2],"tags":[],"class_list":["post-14357","post","type-post","status-publish","format-standard","has-post-thumbnail","hentry","category-not_mpal"],"aioseo_notices":[],"_links":{"self":[{"href":"https:\/\/www.mpal.mp.br\/index.php?rest_route=\/wp\/v2\/posts\/14357","targetHints":{"allow":["GET"]}}],"collection":[{"href":"https:\/\/www.mpal.mp.br\/index.php?rest_route=\/wp\/v2\/posts"}],"about":[{"href":"https:\/\/www.mpal.mp.br\/index.php?rest_route=\/wp\/v2\/types\/post"}],"author":[{"embeddable":true,"href":"https:\/\/www.mpal.mp.br\/index.php?rest_route=\/wp\/v2\/users\/5"}],"replies":[{"embeddable":true,"href":"https:\/\/www.mpal.mp.br\/index.php?rest_route=%2Fwp%2Fv2%2Fcomments&post=14357"}],"version-history":[{"count":1,"href":"https:\/\/www.mpal.mp.br\/index.php?rest_route=\/wp\/v2\/posts\/14357\/revisions"}],"predecessor-version":[{"id":14359,"href":"https:\/\/www.mpal.mp.br\/index.php?rest_route=\/wp\/v2\/posts\/14357\/revisions\/14359"}],"wp:featuredmedia":[{"embeddable":true,"href":"https:\/\/www.mpal.mp.br\/index.php?rest_route=\/wp\/v2\/media\/14358"}],"wp:attachment":[{"href":"https:\/\/www.mpal.mp.br\/index.php?rest_route=%2Fwp%2Fv2%2Fmedia&parent=14357"}],"wp:term":[{"taxonomy":"category","embeddable":true,"href":"https:\/\/www.mpal.mp.br\/index.php?rest_route=%2Fwp%2Fv2%2Fcategories&post=14357"},{"taxonomy":"post_tag","embeddable":true,"href":"https:\/\/www.mpal.mp.br\/index.php?rest_route=%2Fwp%2Fv2%2Ftags&post=14357"}],"curies":[{"name":"wp","href":"https:\/\/api.w.org\/{rel}","templated":true}]}}