{"id":14352,"date":"2015-05-21T10:53:29","date_gmt":"2015-05-21T13:53:29","guid":{"rendered":"https:\/\/www.mpal.mp.br\/?p=14352"},"modified":"2022-08-01T10:54:04","modified_gmt":"2022-08-01T13:54:04","slug":"corregedoria-do-mpe-al-e-pre-al-orientam-promotores-eleitorais-a-ajuizarem-acoes-por-doacoes-ilegais-nas-eleicoes-de-2014","status":"publish","type":"post","link":"https:\/\/www.mpal.mp.br\/?p=14352","title":{"rendered":"Corregedoria do MPE\/AL e PRE\/AL orientam promotores eleitorais a ajuizarem a\u00e7\u00f5es por doa\u00e7\u00f5es ilegais nas elei\u00e7\u00f5es de 2014"},"content":{"rendered":"<p style=\"text-align: justify;\"><span style=\"font-size: 14pt;\">A Corregedoria-Geral do Minist\u00e9rio P\u00fablico do Estado de Alagoas e a Procuradoria Regional Eleitoral no Estado de Alagoas (PRE\/AL) expediram uma nota t\u00e9cnica que orienta a atua\u00e7\u00e3o dos promotores eleitorais para propositura de a\u00e7\u00f5es por doa\u00e7\u00f5es ilegais.\u00a0A expedi\u00e7\u00e3o do documento ocorreu no dia 14 de maio.<\/span><\/p>\n<p style=\"text-align: justify;\"><span style=\"font-size: 14pt;\">A PRE\/AL disponibilizar\u00e1 para os membros modelos de peti\u00e7\u00e3o inicial de representa\u00e7\u00e3o eleitoral por doa\u00e7\u00e3o acima do limite, por pessoa f\u00edsica e jur\u00eddica, bem como os arquivos e documentos f\u00edsicos encaminhados pela Receita Federal. Os promotores receber\u00e3o as sugest\u00f5es por e-mail e correio.<\/span><\/p>\n<p style=\"text-align: justify;\"><span style=\"font-size: 14pt;\">Para elaborar a nota t\u00e9cnica, o Minist\u00e9rio P\u00fablico Estadual e a Procuradoria Regional Eleitoral consideraram o prazo limitado de 180 dias, contados a partir da diploma\u00e7\u00e3o dos candidatos eleitos, para a propositura de a\u00e7\u00f5es, conforme entende o Tribunal Superior Eleitoral, consolidado no \u00a7 9\u00ba, do art. 22, da Resolu\u00e7\u00e3o TSE n\u00ba 23.388, de 30 de dezembro de 2013.<\/span><\/p>\n<p style=\"text-align: justify;\"><span style=\"font-size: 14pt;\">\u201c\u00c9 atribui\u00e7\u00e3o do corregedor-geral do Minist\u00e9rio P\u00fablico do Estado de Alagoas orientar seus membros no exerc\u00edcio de suas fun\u00e7\u00f5es e, para tanto, expedir atos visando a regularidade e aperfei\u00e7oamento dos servi\u00e7os, nos limites de suas atribui\u00e7\u00f5es\u201d, disse o procurador de Justi\u00e7a Vicente Felix, que comanda a Corregedoria.<\/span><\/p>\n<p style=\"text-align: justify;\"><span style=\"font-size: 14pt;\">As duas institui\u00e7\u00f5es consideraram ainda o fato da Secretaria da Receita Federal do Brasil s\u00f3 ter encaminhado ao Minist\u00e9rio P\u00fablico Eleitoral as informa\u00e7\u00f5es referentes aos doadores das campanhas eleitorais de 2014 em situa\u00e7\u00e3o irregular no \u00faltimo dia 30 de mar\u00e7o.<\/span><\/p>\n","protected":false},"excerpt":{"rendered":"<p> [&hellip;]<\/p>\n","protected":false},"author":5,"featured_media":14353,"comment_status":"open","ping_status":"open","sticky":false,"template":"","format":"standard","meta":{"om_disable_all_campaigns":false,"_monsterinsights_skip_tracking":false,"_monsterinsights_sitenote_active":false,"_monsterinsights_sitenote_note":"","_monsterinsights_sitenote_category":0,"_uf_show_specific_survey":0,"_uf_disable_surveys":false,"footnotes":""},"categories":[2],"tags":[],"class_list":["post-14352","post","type-post","status-publish","format-standard","has-post-thumbnail","hentry","category-not_mpal"],"aioseo_notices":[],"_links":{"self":[{"href":"https:\/\/www.mpal.mp.br\/index.php?rest_route=\/wp\/v2\/posts\/14352","targetHints":{"allow":["GET"]}}],"collection":[{"href":"https:\/\/www.mpal.mp.br\/index.php?rest_route=\/wp\/v2\/posts"}],"about":[{"href":"https:\/\/www.mpal.mp.br\/index.php?rest_route=\/wp\/v2\/types\/post"}],"author":[{"embeddable":true,"href":"https:\/\/www.mpal.mp.br\/index.php?rest_route=\/wp\/v2\/users\/5"}],"replies":[{"embeddable":true,"href":"https:\/\/www.mpal.mp.br\/index.php?rest_route=%2Fwp%2Fv2%2Fcomments&post=14352"}],"version-history":[{"count":1,"href":"https:\/\/www.mpal.mp.br\/index.php?rest_route=\/wp\/v2\/posts\/14352\/revisions"}],"predecessor-version":[{"id":14354,"href":"https:\/\/www.mpal.mp.br\/index.php?rest_route=\/wp\/v2\/posts\/14352\/revisions\/14354"}],"wp:featuredmedia":[{"embeddable":true,"href":"https:\/\/www.mpal.mp.br\/index.php?rest_route=\/wp\/v2\/media\/14353"}],"wp:attachment":[{"href":"https:\/\/www.mpal.mp.br\/index.php?rest_route=%2Fwp%2Fv2%2Fmedia&parent=14352"}],"wp:term":[{"taxonomy":"category","embeddable":true,"href":"https:\/\/www.mpal.mp.br\/index.php?rest_route=%2Fwp%2Fv2%2Fcategories&post=14352"},{"taxonomy":"post_tag","embeddable":true,"href":"https:\/\/www.mpal.mp.br\/index.php?rest_route=%2Fwp%2Fv2%2Ftags&post=14352"}],"curies":[{"name":"wp","href":"https:\/\/api.w.org\/{rel}","templated":true}]}}