{"id":14350,"date":"2015-06-10T10:52:14","date_gmt":"2015-06-10T13:52:14","guid":{"rendered":"https:\/\/www.mpal.mp.br\/?p=14350"},"modified":"2022-08-01T10:52:58","modified_gmt":"2022-08-01T13:52:58","slug":"corregedoria-inicia-calendario-de-correicoes-dos-meses-de-junho-e-julho","status":"publish","type":"post","link":"https:\/\/www.mpal.mp.br\/?p=14350","title":{"rendered":"Corregedoria inicia calend\u00e1rio de correi\u00e7\u00f5es dos meses de junho e julho"},"content":{"rendered":"<p style=\"text-align: justify;\"><span style=\"font-size: 14pt;\">A Corregedoria-Geral do Minist\u00e9rio P\u00fablico do Estado de Alagoas j\u00e1 iniciou o calend\u00e1rio de correi\u00e7\u00f5es definido para os meses de junho e julho. Nesta sexta-feira (12), a equipe do procurador de Justi\u00e7a Vicente Felix visita a 63\u00aa Promotoria de Justi\u00e7a da Capital, tal como j\u00e1 ocorreu com as Promotorias de Justi\u00e7a de Feira Grande, S\u00e3o Br\u00e1s e Col\u00f4nia Leopoldina recentemente.<\/span><\/p>\n<p style=\"text-align: justify;\"><span style=\"font-size: 14pt;\">No pr\u00f3ximo dia 16, ser\u00e1 a vez das Promotorias de Justi\u00e7a de Passo de Camaragibe e de Porto de Pedra receberem as orienta\u00e7\u00f5es da Corregedoria. J\u00e1 em julho, o corregedor-geral passar\u00e1 por Flexeiras (09), Joaquim Gomes (09), 47\u00aa Promotoria de Justi\u00e7a da Capital (17), Maravilha (21), Canapi, 48\u00aa Promotoria de Justi\u00e7a da Capital (24), Murici (28), Messias (28) e 48\u00aa Promotoria de Justi\u00e7a da Capital (31).<\/span><\/p>\n<p style=\"text-align: justify;\"><span style=\"font-size: 14pt;\">\u201cEnquanto perdurar a correi\u00e7\u00e3o ordin\u00e1ria, qualquer do povo que se sentir prejudicado com a atua\u00e7\u00e3o do Minist\u00e9rio P\u00fablico local, poder\u00e1 oferecer as reclama\u00e7\u00f5es que tiver, escritas ou orais, podendo ainda direcion\u00e1-las \u00e0 Corregedoria-Geral do Minist\u00e9rio P\u00fablico de Alagoas\u201d, destaca o corregedor-geral Vicente Felix.<\/span><\/p>\n<p style=\"text-align: justify;\"><span style=\"font-size: 14pt;\">Al\u00e9m do chefe da Corregedoria, tamb\u00e9m fazem parte do \u00f3rg\u00e3o do Minist\u00e9rio P\u00fablico Estadual o corregedor-geral substituto Dilmar Camerino, os promotores de Justi\u00e7a Adriana Gomes, Humberto Bulh\u00f5es e Roberto Salom\u00e3o e uma equipe de servidores.<\/span><\/p>\n","protected":false},"excerpt":{"rendered":"<p> [&hellip;]<\/p>\n","protected":false},"author":5,"featured_media":2857,"comment_status":"open","ping_status":"open","sticky":false,"template":"","format":"standard","meta":{"om_disable_all_campaigns":false,"_monsterinsights_skip_tracking":false,"_monsterinsights_sitenote_active":false,"_monsterinsights_sitenote_note":"","_monsterinsights_sitenote_category":0,"_uf_show_specific_survey":0,"_uf_disable_surveys":false,"footnotes":""},"categories":[2],"tags":[],"class_list":["post-14350","post","type-post","status-publish","format-standard","has-post-thumbnail","hentry","category-not_mpal"],"aioseo_notices":[],"_links":{"self":[{"href":"https:\/\/www.mpal.mp.br\/index.php?rest_route=\/wp\/v2\/posts\/14350","targetHints":{"allow":["GET"]}}],"collection":[{"href":"https:\/\/www.mpal.mp.br\/index.php?rest_route=\/wp\/v2\/posts"}],"about":[{"href":"https:\/\/www.mpal.mp.br\/index.php?rest_route=\/wp\/v2\/types\/post"}],"author":[{"embeddable":true,"href":"https:\/\/www.mpal.mp.br\/index.php?rest_route=\/wp\/v2\/users\/5"}],"replies":[{"embeddable":true,"href":"https:\/\/www.mpal.mp.br\/index.php?rest_route=%2Fwp%2Fv2%2Fcomments&post=14350"}],"version-history":[{"count":1,"href":"https:\/\/www.mpal.mp.br\/index.php?rest_route=\/wp\/v2\/posts\/14350\/revisions"}],"predecessor-version":[{"id":14351,"href":"https:\/\/www.mpal.mp.br\/index.php?rest_route=\/wp\/v2\/posts\/14350\/revisions\/14351"}],"wp:featuredmedia":[{"embeddable":true,"href":"https:\/\/www.mpal.mp.br\/index.php?rest_route=\/wp\/v2\/media\/2857"}],"wp:attachment":[{"href":"https:\/\/www.mpal.mp.br\/index.php?rest_route=%2Fwp%2Fv2%2Fmedia&parent=14350"}],"wp:term":[{"taxonomy":"category","embeddable":true,"href":"https:\/\/www.mpal.mp.br\/index.php?rest_route=%2Fwp%2Fv2%2Fcategories&post=14350"},{"taxonomy":"post_tag","embeddable":true,"href":"https:\/\/www.mpal.mp.br\/index.php?rest_route=%2Fwp%2Fv2%2Ftags&post=14350"}],"curies":[{"name":"wp","href":"https:\/\/api.w.org\/{rel}","templated":true}]}}