{"id":14348,"date":"2015-08-06T10:51:06","date_gmt":"2015-08-06T13:51:06","guid":{"rendered":"https:\/\/www.mpal.mp.br\/?p=14348"},"modified":"2022-08-01T10:52:03","modified_gmt":"2022-08-01T13:52:03","slug":"corregedoria-geral-do-mpe-al-define-calendario-de-correicoes-de-agosto-e-setembro","status":"publish","type":"post","link":"https:\/\/www.mpal.mp.br\/?p=14348","title":{"rendered":"Corregedoria Geral do MPE\/AL define calend\u00e1rio de correi\u00e7\u00f5es de agosto e setembro"},"content":{"rendered":"<p style=\"text-align: justify;\"><span style=\"font-size: 14pt;\">A Corregedoria Geral do Minist\u00e9rio P\u00fablico do Estado de Alagoas realiza, nesta quinta-feira (6), correi\u00e7\u00e3o ordin\u00e1ria nas Promotorias de Justi\u00e7a de Girau do Ponciano e Traipu.<\/span><\/p>\n<p style=\"text-align: justify;\"><span style=\"font-size: 14pt;\">No dia 18 de agosto, ser\u00e1 a vez das 25\u00aa e 26\u00aa Promotorias de Justi\u00e7a da Capital. Na sequ\u00eancia, no dia 20, a Corregedoria visita as Promotorias de Justi\u00e7a de Cacimbinhas e Major Izidoro. Por fim, haver\u00e1 correi\u00e7\u00e3o na Promotoria de Justi\u00e7a cinco dias depois. No in\u00edcio do m\u00eas, o \u00f3rg\u00e3o de fiscaliza\u00e7\u00e3o do Minist\u00e9rio P\u00fablico Estadual passou pelas Promotorias de Justi\u00e7a de S\u00e3o Sebasti\u00e3o e Igreja Nova.<\/span><\/p>\n<p style=\"text-align: justify;\"><span style=\"font-size: 14pt;\">\u201cEnquanto perdurar a correi\u00e7\u00e3o ordin\u00e1ria, qualquer do povo que se sentir prejudicado com a atua\u00e7\u00e3o do Minist\u00e9rio P\u00fablico local, poder\u00e1 oferecer as reclama\u00e7\u00f5es que tiver, escritas ou orais, podendo ainda direcion\u00e1-las \u00e0 Corregedoria-Geral do Minist\u00e9rio P\u00fablico de Alagoas\u201d, destaca o corregedor-geral Vicente Felix.<\/span><\/p>\n<p style=\"text-align: justify;\"><span style=\"font-size: 14pt;\">No pr\u00f3ximo m\u00eas, ser\u00e1 a vez das Promotorias de Justi\u00e7a de Atalaia (1\u00ba), Coruripe (3) e de Porto Calvo (15). A 64\u00aa Promotoria de Justi\u00e7a Capital receber\u00e1 a equipe da Corregedoria no dia 11 de setembro.<\/span><\/p>\n","protected":false},"excerpt":{"rendered":"<p> [&hellip;]<\/p>\n","protected":false},"author":5,"featured_media":14340,"comment_status":"open","ping_status":"open","sticky":false,"template":"","format":"standard","meta":{"om_disable_all_campaigns":false,"_monsterinsights_skip_tracking":false,"_monsterinsights_sitenote_active":false,"_monsterinsights_sitenote_note":"","_monsterinsights_sitenote_category":0,"_uf_show_specific_survey":0,"_uf_disable_surveys":false,"footnotes":""},"categories":[2],"tags":[],"class_list":["post-14348","post","type-post","status-publish","format-standard","has-post-thumbnail","hentry","category-not_mpal"],"aioseo_notices":[],"_links":{"self":[{"href":"https:\/\/www.mpal.mp.br\/index.php?rest_route=\/wp\/v2\/posts\/14348","targetHints":{"allow":["GET"]}}],"collection":[{"href":"https:\/\/www.mpal.mp.br\/index.php?rest_route=\/wp\/v2\/posts"}],"about":[{"href":"https:\/\/www.mpal.mp.br\/index.php?rest_route=\/wp\/v2\/types\/post"}],"author":[{"embeddable":true,"href":"https:\/\/www.mpal.mp.br\/index.php?rest_route=\/wp\/v2\/users\/5"}],"replies":[{"embeddable":true,"href":"https:\/\/www.mpal.mp.br\/index.php?rest_route=%2Fwp%2Fv2%2Fcomments&post=14348"}],"version-history":[{"count":1,"href":"https:\/\/www.mpal.mp.br\/index.php?rest_route=\/wp\/v2\/posts\/14348\/revisions"}],"predecessor-version":[{"id":14349,"href":"https:\/\/www.mpal.mp.br\/index.php?rest_route=\/wp\/v2\/posts\/14348\/revisions\/14349"}],"wp:featuredmedia":[{"embeddable":true,"href":"https:\/\/www.mpal.mp.br\/index.php?rest_route=\/wp\/v2\/media\/14340"}],"wp:attachment":[{"href":"https:\/\/www.mpal.mp.br\/index.php?rest_route=%2Fwp%2Fv2%2Fmedia&parent=14348"}],"wp:term":[{"taxonomy":"category","embeddable":true,"href":"https:\/\/www.mpal.mp.br\/index.php?rest_route=%2Fwp%2Fv2%2Fcategories&post=14348"},{"taxonomy":"post_tag","embeddable":true,"href":"https:\/\/www.mpal.mp.br\/index.php?rest_route=%2Fwp%2Fv2%2Ftags&post=14348"}],"curies":[{"name":"wp","href":"https:\/\/api.w.org\/{rel}","templated":true}]}}