{"id":14345,"date":"2015-12-10T10:49:53","date_gmt":"2015-12-10T12:49:53","guid":{"rendered":"https:\/\/www.mpal.mp.br\/?p=14345"},"modified":"2022-08-01T10:50:53","modified_gmt":"2022-08-01T13:50:53","slug":"corregedoria-homenageia-procurador-de-justica-marcio-roberto-tenorio-e-promotora-de-justica-dalva-tenorio-com-medalha-carlos-guido","status":"publish","type":"post","link":"https:\/\/www.mpal.mp.br\/?p=14345","title":{"rendered":"Corregedoria homenageia procurador de Justi\u00e7a M\u00e1rcio Roberto Ten\u00f3rio e promotora de Justi\u00e7a Dalva Ten\u00f3rio com medalha Carlos Guido"},"content":{"rendered":"<p style=\"text-align: justify;\"><span style=\"font-size: 14pt;\">Em homenagem a membros do Minist\u00e9rio P\u00fablico do Estado de Alagoas (MPE\/AL) que se destacaram por sua atua\u00e7\u00e3o funcional, a Corregedoria Geral da Casa promover\u00e1, nesta sexta-feira (11), a entrega do diploma de honra ao M\u00e9rito Dr. Carlos Guido Ferr\u00e1rio Lobo. Na edi\u00e7\u00e3o deste ano, os homenageados ser\u00e3o o procurador de Justi\u00e7a M\u00e1rcio Roberto Ten\u00f3rio e a promotora de Justi\u00e7a Dalva Ten\u00f3rio.<\/span><\/p>\n<p style=\"text-align: justify;\"><span style=\"font-size: 14pt;\">A cerim\u00f4nia referente \u00e0 honraria ocorrer\u00e1 \u00e0s 9h, no audit\u00f3rio Procurador de Justi\u00e7a Edgar Valente de Lima Filho, do pr\u00e9dio-sede da Procuradoria Geral de Justi\u00e7a. Antes da entrega da diploma, a Corregedoria Geral realizar\u00e1 a aposi\u00e7\u00e3o do retrato do ex-corregedor e atual titular da 7\u00ba Procuradoria de Justi\u00e7a C\u00edvel, M\u00e1rcio Roberto Ten\u00f3rio, a partir das 8h30, no sal\u00e3o do pr\u00f3prio \u00f3rg\u00e3o.<\/span><\/p>\n<p style=\"text-align: justify;\"><span style=\"font-size: 14pt;\">\u201c\u00c9 praxe todo corregedor que sai da administra\u00e7\u00e3o ser homenageado no ano seguinte, com a aposi\u00e7\u00e3o da placa. A partir da gest\u00e3o do procurador de Justi\u00e7a M\u00e1rcio Roberto Ten\u00f3rio, a Corregedoria Geral do Minist\u00e9rio P\u00fablico come\u00e7ou a implementar todas as determina\u00e7\u00f5es obrigat\u00f3rias referentes \u00e0 \u00e1rea-fim, a exemplo da Resolu\u00e7\u00e3o CNMP n\u00ba 74\/2011, que definiu a taxonomia do Minist\u00e9rio P\u00fablico Brasileiro. A express\u00e3o que melhor descreve o trabalho do ex-corregedor \u00e9 transpar\u00eancia da atividade funcional, tanto para os pr\u00f3prios membros, como para a sociedade\u201d, disse o corregedor-geral, procurador de Justi\u00e7a Vicente Felix.<\/span><\/p>\n<p style=\"text-align: justify;\"><span style=\"font-size: 14pt;\">A homenagem aos dois membros foi oficializada em Portarias assinadas pelo chefe da Corregedoria, ap\u00f3s a comiss\u00e3o formada por promotores de Justi\u00e7a Humberto Bulh\u00f5es e Roberto Salom\u00e3o definir os nomes dos homenageados deste ano. O Di\u00e1rio Oficial do Estado publicou os dois procedimentos em setembro. Ao final do evento, ser\u00e1 oferecido ao p\u00fablico presente um coffee break.<\/span><\/p>\n<p style=\"text-align: justify;\"><span style=\"font-size: 14pt;\"><strong>Diploma de honra<\/strong><\/span><\/p>\n<p style=\"text-align: justify;\"><span style=\"font-size: 14pt;\">Com objetivo de premiar e incentivar os membros do MPE\/AL, a homenagem foi institu\u00edda a partir do Ato CGMPAL N\u00ba 04\/2009 durante a gest\u00e3o do ent\u00e3o corregedor-geral Francisco Jos\u00e9 Sarmento Azevedo. Procuradores e promotores recebem o diploma como reconhecimento pelo exerc\u00edcio pleno das fun\u00e7\u00f5es, de um modo geral, e em espec\u00edfico, da sua atua\u00e7\u00e3o funcional. O esfor\u00e7o no aprimoramento profissional, cultural e intelectual tamb\u00e9m s\u00e3o considerados na homenagem.<\/span><\/p>\n<p style=\"text-align: justify;\"><span style=\"font-size: 14pt;\">J\u00e1 receberam o diploma o procurador de Justi\u00e7a Dilmar Camerino (2013), os promotores de Justi\u00e7a Jos\u00e9 Ant\u00f4nio Malta Marques (2014) Maria Aparecida de Gouveia Carna\u00faba (2012), Alexandra Beurlen (2011), Maur\u00edcio Wanderley (2010) e Rog\u00e9rio Paranhos (2010). O jurista Carlos Guido d\u00e1 nome \u00e0 homenagem por for\u00e7a dos relevantes servi\u00e7os que prestou \u00e0 Institui\u00e7\u00e3o por longos anos, como promotor, procurador e procurador-geral de Justi\u00e7a.<\/span><\/p>\n","protected":false},"excerpt":{"rendered":"<p> [&hellip;]<\/p>\n","protected":false},"author":5,"featured_media":14346,"comment_status":"open","ping_status":"open","sticky":false,"template":"","format":"standard","meta":{"om_disable_all_campaigns":false,"_monsterinsights_skip_tracking":false,"_monsterinsights_sitenote_active":false,"_monsterinsights_sitenote_note":"","_monsterinsights_sitenote_category":0,"_uf_show_specific_survey":0,"_uf_disable_surveys":false,"footnotes":""},"categories":[2],"tags":[],"class_list":["post-14345","post","type-post","status-publish","format-standard","has-post-thumbnail","hentry","category-not_mpal"],"aioseo_notices":[],"_links":{"self":[{"href":"https:\/\/www.mpal.mp.br\/index.php?rest_route=\/wp\/v2\/posts\/14345","targetHints":{"allow":["GET"]}}],"collection":[{"href":"https:\/\/www.mpal.mp.br\/index.php?rest_route=\/wp\/v2\/posts"}],"about":[{"href":"https:\/\/www.mpal.mp.br\/index.php?rest_route=\/wp\/v2\/types\/post"}],"author":[{"embeddable":true,"href":"https:\/\/www.mpal.mp.br\/index.php?rest_route=\/wp\/v2\/users\/5"}],"replies":[{"embeddable":true,"href":"https:\/\/www.mpal.mp.br\/index.php?rest_route=%2Fwp%2Fv2%2Fcomments&post=14345"}],"version-history":[{"count":1,"href":"https:\/\/www.mpal.mp.br\/index.php?rest_route=\/wp\/v2\/posts\/14345\/revisions"}],"predecessor-version":[{"id":14347,"href":"https:\/\/www.mpal.mp.br\/index.php?rest_route=\/wp\/v2\/posts\/14345\/revisions\/14347"}],"wp:featuredmedia":[{"embeddable":true,"href":"https:\/\/www.mpal.mp.br\/index.php?rest_route=\/wp\/v2\/media\/14346"}],"wp:attachment":[{"href":"https:\/\/www.mpal.mp.br\/index.php?rest_route=%2Fwp%2Fv2%2Fmedia&parent=14345"}],"wp:term":[{"taxonomy":"category","embeddable":true,"href":"https:\/\/www.mpal.mp.br\/index.php?rest_route=%2Fwp%2Fv2%2Fcategories&post=14345"},{"taxonomy":"post_tag","embeddable":true,"href":"https:\/\/www.mpal.mp.br\/index.php?rest_route=%2Fwp%2Fv2%2Ftags&post=14345"}],"curies":[{"name":"wp","href":"https:\/\/api.w.org\/{rel}","templated":true}]}}