{"id":14342,"date":"2015-12-11T10:48:34","date_gmt":"2015-12-11T12:48:34","guid":{"rendered":"https:\/\/www.mpal.mp.br\/?p=14342"},"modified":"2022-08-01T10:49:40","modified_gmt":"2022-08-01T13:49:40","slug":"corregedoria-concede-homenagem-aos-membros-marcio-tenorio-de-albuquerque-e-dalva-tenorio-ex-corregedor-entra-para-a-galeria-de-imagens-do-mpe","status":"publish","type":"post","link":"https:\/\/www.mpal.mp.br\/?p=14342","title":{"rendered":"Corregedoria concede homenagem aos membros M\u00e1rcio Ten\u00f3rio de Albuquerque e Dalva Ten\u00f3rio; ex-corregedor entra para a galeria de imagens do MPE"},"content":{"rendered":"<p style=\"text-align: justify;\"><span style=\"font-size: 14pt;\">O procurador de Justi\u00e7a M\u00e1rcio Roberto Ten\u00f3rio de Albuquerque e a promotora de Justi\u00e7a Dalva Vanderlei Ten\u00f3rio foram homenageados, na manh\u00e3 desta sexta-feira (11), com o diploma de honra ao M\u00e9rito Dr. Carlos Guido Ferr\u00e1rio Lobo. A honraria \u00e9 concedida pela Corregedoria Geral do Minist\u00e9rio P\u00fablico do Estado de Alagoas a membros da institui\u00e7\u00e3o que se destacaram durante atua\u00e7\u00e3o funcional. A solenidade aconteceu no audit\u00f3rio Edgar Valente de Lima Filho, no pr\u00e9dio-sede da Procuradoria Geral de Justi\u00e7a, no Po\u00e7o e foi prestigiada por dezenas de autoridades. E tamb\u00e9m neste dia 11, houve a aposi\u00e7\u00e3o do quadro de M\u00e1rcio Roberto Ten\u00f3rio de Albuquerque na galeria de ex-corregedores-gerais na sala da Corregedoria de Justi\u00e7a do MPE\/AL.<\/span><\/p>\n<p style=\"text-align: justify;\"><span style=\"font-size: 14pt;\">O procurador-geral de Justi\u00e7a, S\u00e9rgio Juc\u00e1, elogiou a Corregedoria Geral do MPE\/AL pela escolha dos nomes e destacou a import\u00e2ncia do tributo ocorrer com os homenageados vivos. &#8220;Por esta Casa, j\u00e1 passaram grandes figuras como Alfredo Gaspar de Mendon\u00e7a e Edgar Valente de Lima. Colegas como Dalva e M\u00e1rcio Roberto brilham na carreira ministerial, identificando a institui\u00e7\u00e3o perante a sociedade. A principal caracter\u00edstica do membro do bravo Minist\u00e9rio P\u00fablico do Estado de Alagoas \u00e9 o ideal de servir e fazer justi\u00e7a. \u00c9 a nossa voca\u00e7\u00e3o\u201d, destacou.<\/span><\/p>\n<p style=\"text-align: justify;\"><span style=\"font-size: 14pt;\">Principal respons\u00e1vel pelo evento, o corregedor-geral do MPE\/AL lembrou do procurador de Justi\u00e7a Francisco Sarmento, que idealizou o diploma de honra ao M\u00e9rito Dr. Carlos Guido Ferr\u00e1rio Lobo. \u201cNosso maior objetivo \u00e9 premiar e incentivar os integrantes deste Minist\u00e9rio P\u00fablico como reconhecimento \u00e0 atividade funcional, de forma geral ou espec\u00edfica, tal como o aprimoramento deles no campo profissional, cultural e intelectual.<\/span><\/p>\n<p style=\"text-align: justify;\"><span style=\"font-size: 14pt;\">Homenageado com a medalha em 2013, o procurador de Justi\u00e7a Dilmar Camerino afirmou que o tributo representa uma forma de reconhecer o trabalho dos membros do MPE\/AL. \u201cConheci a promotora Dalva ainda em sala de aula, quando ela foi uma acad\u00eamica de grande destaque no campo intelectual. Ela trouxe essa capacidade para o Minist\u00e9rio P\u00fablico e passou a empreg\u00e1-lo a favor dos menos favorecidas. J\u00e1 o procurador M\u00e1rcio Roberto sempre chamou a aten\u00e7\u00e3o pela combatividade. Ele brilhou no Tribunal do J\u00fari como poucos. O crime sempre o revoltou porque ele nunca aceitou que algu\u00e9m tire a vida do outro\u201d, disse.<\/span><\/p>\n<p style=\"text-align: justify;\"><span style=\"font-size: 14pt;\"><strong>Homenagem<\/strong><\/span><\/p>\n<p style=\"text-align: justify;\"><span style=\"font-size: 14pt;\">Em seu discurso, o procurador de Justi\u00e7a M\u00e1rcio Roberto Ten\u00f3rio agradeceu o apoio recebido pelos colegas de profiss\u00e3o, familiares e amigos.\u201cVivemos hoje um dia especial com tr\u00eas eventos diferentes de reconhecimento de trabalho, que bem traduzem o nosso esfor\u00e7o em servir o Minist\u00e9rio P\u00fablico e o seu laborioso povo. Agrade\u00e7o tamb\u00e9m ao corregedor Vicente Felix e sua equipe pela valoriza\u00e7\u00e3o que nos proporcionaram. Longe de ser um fardo, exercer o valoroso cargo de chefe da Corregedoria foi um das atividades mais gratificantes que exercemos, porque buscamos apoiar os \u00f3rg\u00e3os de execu\u00e7\u00e3o desta institui\u00e7\u00e3o, sem esquecer a fiscaliza\u00e7\u00e3o exercida diuturnamente. Aqui n\u00f3s ingressamos para combater o bom combate\u201d, destacou o ex-corregedor.<\/span><\/p>\n<p style=\"text-align: justify;\"><span style=\"font-size: 14pt;\">J\u00e1 a segunda homenageada do dia, promotora de Justi\u00e7a Dalva Ten\u00f3rio, fez da sua fala um conjunto de narrativas, a come\u00e7ar pela pr\u00f3pria. \u201cDurante a homenagem, revi hist\u00f3rias da minha vida que nem lembrava mais. \u00c9 muito bom ser lembrado dentro da institui\u00e7\u00e3o em que a gente trabalha, porque renova as energias e me faz sentir \u00fatil. Trabalho numa Promotoria de Justi\u00e7a que possui muitas hist\u00f3rias pesadas de crimes contra crian\u00e7as. Antes de assumi-la, desejava um espa\u00e7o mais leve, por\u00e9m a vida me imp\u00f5e mais do que escolho, e a gente tem que aceitar como miss\u00e3o. Dedico este pr\u00eamio ao nosso futuro. Vale a pena continuar lutando\u201d, comemorou.<\/span><\/p>\n<p style=\"text-align: justify;\"><span style=\"font-size: 14pt;\">Com objetivo de premiar e incentivar os membros do MPE\/AL, o Diploma de Honra ao M\u00e9rito Doutor Carlos Guido Ferr\u00e1rio Lobo foi institu\u00eddo a partir do Ato CGMPAL N\u00ba 04\/2009 durante a gest\u00e3o do ent\u00e3o corregedor-geral Francisco Jos\u00e9 Sarmento Azevedo. Procuradores e promotores recebem o diploma como reconhecimento pelo exerc\u00edcio pleno das fun\u00e7\u00f5es, de um modo geral, e em espec\u00edfico, da sua atua\u00e7\u00e3o funcional. O esfor\u00e7o no aprimoramento profissional, cultural e intelectual tamb\u00e9m s\u00e3o considerados na homenagem.<\/span><\/p>\n<p style=\"text-align: justify;\"><span style=\"font-size: 14pt;\"><strong>Aposi\u00e7\u00e3o de quadro<\/strong><\/span><\/p>\n<p style=\"text-align: justify;\"><span style=\"font-size: 14pt;\">O quadro com a fotografia do procurador de Justi\u00e7a e ex-corregedor-geral do Minist\u00e9rio P\u00fablico Estadual de Alagoas foi fixada na sala da Corregedoria no in\u00edcio da manh\u00e3 desta sexta-feira. A solenidade foi comandada pelo atual corregedor-geral, procurador de Justi\u00e7a Vicente Felix Correia. \u201cO procurador M\u00e1rcio \u00e9 um homem de personalidade forte e reta, \u00e9 um membro de car\u00e1ter inquestion\u00e1vel. Por isso, imprimiu \u00e0 Corregedoria uma gest\u00e3o justa e correta em todas as suas a\u00e7\u00f5es. \u00c9 uma honra para n\u00f3s poder deixar a sua passagem por aqui de forma materializada\u201d, afirmou Vicente Felix.<\/span><\/p>\n<p style=\"text-align: justify;\"><span style=\"font-size: 14pt;\">\u201cSou eu quem se sente honrado por esta homenagem. Pude trabalhar com uma equipe da envergadura do procurador Vicente Felix, dos promotores Salom\u00e3o Nascimento, Adriana Gomes e Humberto Bulh\u00f5es e dos servidores Andr\u00e9 Guimar\u00e3es, M\u00e1rcia Barros, Pedro Henrique Correia, Karthalliane Souza Medeiros e Ronaldo Aureliano. Deixei a Corregedoria com a certeza de que cumpri com o meu dever institucional. Entendo que foi um trabalho que contribuiu para o engradecimento de Alagoas\u201d, declarou M\u00e1rcio Roberto Ten\u00f3rio de Albuquerque.<\/span><\/p>\n<p style=\"text-align: justify;\"><span style=\"font-size: 14pt;\">O procurador-geral de Justi\u00e7a, S\u00e9rgio Juc\u00e1, encerrou os discursos tamb\u00e9m elogiando a gest\u00e3o do ex-corregedor. \u201cCostumo dizer que o cargo de corregedor-geral \u00e9 o mais dif\u00edcil de ser exercido. Muita gente entende que ele \u00e9 o vil\u00e3o da institui\u00e7\u00e3o. Mas, \u00e9 exatamente o contr\u00e1rio, essa \u00e9 uma fun\u00e7\u00e3o que existe para orientar, instruir o membro do Minist\u00e9rio P\u00fablico e foi exatamente isso que o procurador M\u00e1rcio Ten\u00f3rio fez durante a sua gest\u00e3o. Ele orientou os promotores e procuradores no sentindo de que todos devem agir no estrito cumprimento do dever legal\u201d, disse Juc\u00e1.<\/span><\/p>\n<p style=\"text-align: justify;\"><span style=\"font-size: 14pt;\">Participaram da solenidade, al\u00e9m do procurador-geral, S\u00e9rgio Juc\u00e1, o subprocurador-geral Administrativo-Institucional, Walber Valente de Lima, membros e servidores da Corregedoria e familiares do procurador M\u00e1rcio Roberto Ten\u00f3rio de Albuquerque, a exemplo da sua esposa, Roberta Carla da Fonseca de Albuquerque, e do filho dele, M\u00e1rcio M\u00e1rcio Roberto Ten\u00f3rio de Albuquerque Filho.<\/span><\/p>\n","protected":false},"excerpt":{"rendered":"<p> [&hellip;]<\/p>\n","protected":false},"author":5,"featured_media":14343,"comment_status":"open","ping_status":"open","sticky":false,"template":"","format":"standard","meta":{"om_disable_all_campaigns":false,"_monsterinsights_skip_tracking":false,"_monsterinsights_sitenote_active":false,"_monsterinsights_sitenote_note":"","_monsterinsights_sitenote_category":0,"_uf_show_specific_survey":0,"_uf_disable_surveys":false,"footnotes":""},"categories":[2],"tags":[],"class_list":["post-14342","post","type-post","status-publish","format-standard","has-post-thumbnail","hentry","category-not_mpal"],"aioseo_notices":[],"_links":{"self":[{"href":"https:\/\/www.mpal.mp.br\/index.php?rest_route=\/wp\/v2\/posts\/14342","targetHints":{"allow":["GET"]}}],"collection":[{"href":"https:\/\/www.mpal.mp.br\/index.php?rest_route=\/wp\/v2\/posts"}],"about":[{"href":"https:\/\/www.mpal.mp.br\/index.php?rest_route=\/wp\/v2\/types\/post"}],"author":[{"embeddable":true,"href":"https:\/\/www.mpal.mp.br\/index.php?rest_route=\/wp\/v2\/users\/5"}],"replies":[{"embeddable":true,"href":"https:\/\/www.mpal.mp.br\/index.php?rest_route=%2Fwp%2Fv2%2Fcomments&post=14342"}],"version-history":[{"count":1,"href":"https:\/\/www.mpal.mp.br\/index.php?rest_route=\/wp\/v2\/posts\/14342\/revisions"}],"predecessor-version":[{"id":14344,"href":"https:\/\/www.mpal.mp.br\/index.php?rest_route=\/wp\/v2\/posts\/14342\/revisions\/14344"}],"wp:featuredmedia":[{"embeddable":true,"href":"https:\/\/www.mpal.mp.br\/index.php?rest_route=\/wp\/v2\/media\/14343"}],"wp:attachment":[{"href":"https:\/\/www.mpal.mp.br\/index.php?rest_route=%2Fwp%2Fv2%2Fmedia&parent=14342"}],"wp:term":[{"taxonomy":"category","embeddable":true,"href":"https:\/\/www.mpal.mp.br\/index.php?rest_route=%2Fwp%2Fv2%2Fcategories&post=14342"},{"taxonomy":"post_tag","embeddable":true,"href":"https:\/\/www.mpal.mp.br\/index.php?rest_route=%2Fwp%2Fv2%2Ftags&post=14342"}],"curies":[{"name":"wp","href":"https:\/\/api.w.org\/{rel}","templated":true}]}}