{"id":14339,"date":"2016-01-15T10:15:37","date_gmt":"2016-01-15T12:15:37","guid":{"rendered":"https:\/\/www.mpal.mp.br\/?p=14339"},"modified":"2022-08-01T10:16:26","modified_gmt":"2022-08-01T13:16:26","slug":"corregedoria-geral-do-ministerio-publico-iniciara-correicoes-ordinarias-nas-promotorias-de-justica-de-arapiraca-e-da-capital-em-2016","status":"publish","type":"post","link":"https:\/\/www.mpal.mp.br\/?p=14339","title":{"rendered":"Corregedoria-Geral do Minist\u00e9rio P\u00fablico iniciar\u00e1 correi\u00e7\u00f5es ordin\u00e1rias nas Promotorias de Justi\u00e7a de Arapiraca e da Capital em 2016"},"content":{"rendered":"<p style=\"text-align: justify;\"><span style=\"font-size: 14pt;\">Sob o comando do procurador de Justi\u00e7a Vicente Felix Correia, as primeiras corre\u00e7\u00f5es ordin\u00e1rias da Corregedoria-Geral do Minist\u00e9rio P\u00fablico do Estado de Alagoas, em 2016, ocorrer\u00e3o na sede do Minist\u00e9rio P\u00fablico em Arapiraca e na 39\u00aa Promotoria de Justi\u00e7a da Capital, totalizando 13 unidades ministeriais nos meses de janeiro e fevereiro de 2016.<\/span><\/p>\n<p style=\"text-align: justify;\"><span style=\"font-size: 14pt;\">No munic\u00edpio do agreste alagoano, as correi\u00e7\u00f5es ter\u00e3o in\u00edcio no dia 26 de janeiro (5\u00aa e 6\u00aa Promotorias de Justi\u00e7a), posteriormente, no dia 28 de janeiro (7\u00aa e 8\u00aa Promotorias de Justi\u00e7a), dia 16 de fevereiro (1\u00aa e 2\u00aa Promotorias de Justi\u00e7a), dia 18 de fevereiro (3\u00aa e 4\u00aa Promotorias de Justi\u00e7a), dia 23 de fevereiro (9\u00aa e 10\u00aa Promotorias de Justi\u00e7a), finalizando no dia 25 de fevereiro (11\u00aa e 12\u00aa Promotorias de Justi\u00e7a), sempre \u00e0s 9h e 11h, respectivamente.<\/span><\/p>\n<p style=\"text-align: justify;\"><span style=\"font-size: 14pt;\">No dia 24 de fevereiro ser\u00e1 realizada a correi\u00e7\u00e3o ordin\u00e1ria na 39\u00aa Promotoria de Justi\u00e7a da Capital, localizada no bairro do Mutange, \u00e0s 10h.<\/span><\/p>\n<p style=\"text-align: justify;\"><span style=\"font-size: 14pt;\">A agenda de visitas do \u00f3rg\u00e3o de fiscaliza\u00e7\u00e3o e orienta\u00e7\u00e3o foi publicada no Di\u00e1rio Oficial do Estado de 09 e 19 de novembro de 2015, bem como do dia 14 de janeiro de 2016.<\/span><\/p>\n<p style=\"text-align: justify;\"><span style=\"font-size: 14pt;\">\u201cEnquanto perdurar a correi\u00e7\u00e3o ordin\u00e1ria, qualquer do povo que se sentir prejudicado com a atua\u00e7\u00e3o do Minist\u00e9rio P\u00fablico local poder\u00e1 oferecer as reclama\u00e7\u00f5es que tiver, escritas ou orais, podendo ainda direcion\u00e1-las \u00e0 Corregedoria-Geral do Minist\u00e9rio P\u00fablico de Alagoas. Nas correi\u00e7\u00f5es dever\u00e3o estar presentes os representantes ministeriais em exerc\u00edcio, nas Promotorias em quest\u00e3o, suspendendo as atividades judiciais, enquanto durar a correi\u00e7\u00e3o\u201d, destacou o corregedor-geral do MPE\/AL, Vicente Felix Correia.<\/span><\/p>\n","protected":false},"excerpt":{"rendered":"<p> [&hellip;]<\/p>\n","protected":false},"author":5,"featured_media":14340,"comment_status":"open","ping_status":"open","sticky":false,"template":"","format":"standard","meta":{"om_disable_all_campaigns":false,"_monsterinsights_skip_tracking":false,"_monsterinsights_sitenote_active":false,"_monsterinsights_sitenote_note":"","_monsterinsights_sitenote_category":0,"_uf_show_specific_survey":0,"_uf_disable_surveys":false,"footnotes":""},"categories":[2],"tags":[],"class_list":["post-14339","post","type-post","status-publish","format-standard","has-post-thumbnail","hentry","category-not_mpal"],"aioseo_notices":[],"_links":{"self":[{"href":"https:\/\/www.mpal.mp.br\/index.php?rest_route=\/wp\/v2\/posts\/14339","targetHints":{"allow":["GET"]}}],"collection":[{"href":"https:\/\/www.mpal.mp.br\/index.php?rest_route=\/wp\/v2\/posts"}],"about":[{"href":"https:\/\/www.mpal.mp.br\/index.php?rest_route=\/wp\/v2\/types\/post"}],"author":[{"embeddable":true,"href":"https:\/\/www.mpal.mp.br\/index.php?rest_route=\/wp\/v2\/users\/5"}],"replies":[{"embeddable":true,"href":"https:\/\/www.mpal.mp.br\/index.php?rest_route=%2Fwp%2Fv2%2Fcomments&post=14339"}],"version-history":[{"count":1,"href":"https:\/\/www.mpal.mp.br\/index.php?rest_route=\/wp\/v2\/posts\/14339\/revisions"}],"predecessor-version":[{"id":14341,"href":"https:\/\/www.mpal.mp.br\/index.php?rest_route=\/wp\/v2\/posts\/14339\/revisions\/14341"}],"wp:featuredmedia":[{"embeddable":true,"href":"https:\/\/www.mpal.mp.br\/index.php?rest_route=\/wp\/v2\/media\/14340"}],"wp:attachment":[{"href":"https:\/\/www.mpal.mp.br\/index.php?rest_route=%2Fwp%2Fv2%2Fmedia&parent=14339"}],"wp:term":[{"taxonomy":"category","embeddable":true,"href":"https:\/\/www.mpal.mp.br\/index.php?rest_route=%2Fwp%2Fv2%2Fcategories&post=14339"},{"taxonomy":"post_tag","embeddable":true,"href":"https:\/\/www.mpal.mp.br\/index.php?rest_route=%2Fwp%2Fv2%2Ftags&post=14339"}],"curies":[{"name":"wp","href":"https:\/\/api.w.org\/{rel}","templated":true}]}}