{"id":14336,"date":"2016-02-16T10:14:40","date_gmt":"2016-02-16T12:14:40","guid":{"rendered":"https:\/\/www.mpal.mp.br\/?p=14336"},"modified":"2022-08-01T10:15:25","modified_gmt":"2022-08-01T13:15:25","slug":"em-correicao-ordinaria-corregedoria-aprova-atuacao-funcional-de-promotorias-de-justica-de-arapiraca","status":"publish","type":"post","link":"https:\/\/www.mpal.mp.br\/?p=14336","title":{"rendered":"Em correi\u00e7\u00e3o ordin\u00e1ria, Corregedoria aprova atua\u00e7\u00e3o funcional de Promotorias de Justi\u00e7a de Arapiraca"},"content":{"rendered":"<p style=\"text-align: justify;\"><span style=\"font-size: 14pt;\">A Corregedoria-Geral do Minist\u00e9rio P\u00fablico do Estado de Alagoas iniciou as correi\u00e7\u00f5es ordin\u00e1rias de 2016 com foco nas Promotorias de Justi\u00e7a de Arapiraca. O \u00f3rg\u00e3o visita, nesta ter\u00e7a-feira (16), as 1\u00aa e 2\u00aa Promotorias do Munic\u00edpio com objetivo de acompanhar e orientar os trabalhos desenvolvidos por membros e servidores em benef\u00edcio da popula\u00e7\u00e3o.<\/span><\/p>\n<p style=\"text-align: justify;\"><span style=\"font-size: 14pt;\">No final de janeiro, a equipe da Corregedoria-Geral passou pelas 5\u00aa, 6\u00aa 7\u00aa e 8\u00aa Promotorias de Justi\u00e7a de Arapiraca. \u201cNessas primeiras correi\u00e7\u00f5es ordin\u00e1rias, n\u00f3s n\u00e3o encontramos nenhuma irregularidade. Pelo contr\u00e1rio, os servi\u00e7os prestados ao p\u00fablico est\u00e3o atualizados e as unidades encontram-se em perfeitas condi\u00e7\u00f5es de trabalho, sem nenhum registro de reclama\u00e7\u00e3o por parte dos cidad\u00e3os, serventu\u00e1rios, advogados e magistrado\u201d, afirmou o corregedor-geral do MPE\/AL, Vicente Felix.<\/span><\/p>\n<p style=\"text-align: justify;\"><span style=\"font-size: 14pt;\">Nesta quinta-feira, ser\u00e1 a vez das 3\u00aa e 4\u00aa Promotorias de Justi\u00e7a do Munic\u00edpio. Em seguida, a Corregedoria-Geral passar\u00e1 pelas 9\u00aa e 10\u00aa Promotorias de Justi\u00e7a de Arapiraca, no dia 23; pela 39\u00aa Promotoria de Justi\u00e7a da Capital, no dia 24; e, encerrando o m\u00eas, pelas 11\u00aa e 12\u00aa Promotorias de Justi\u00e7a de Arapiraca, no dia 25.<\/span><\/p>\n<p style=\"text-align: justify;\"><span style=\"font-size: 14pt;\"><strong>Mar\u00e7o<\/strong><\/span><\/p>\n<p style=\"text-align: justify;\"><span style=\"font-size: 14pt;\">No pr\u00f3ximo m\u00eas, as correi\u00e7\u00f5es ordin\u00e1rias ser\u00e3o realizadas na 1\u00aa Promotoria de Justi\u00e7a de Penedo (2), 2\u00aa Promotoria de Justi\u00e7a de Penedo (2), 3\u00aa Promotoria de Justi\u00e7a de Penedo (2), 4\u00aa Promotoria de Justi\u00e7a de Penedo (3), 6\u00aa Promotoria de Justi\u00e7a de Penedo (3), Promotoria de Justi\u00e7a de Maribondo (9), Promotoria de Justi\u00e7a de Capela (9), 32\u00aa Promotoria de Justi\u00e7a da Cjapital (10), 10\u00aa Promotoria de Justi\u00e7a da Capital (11) e Promotoria de Justi\u00e7a de Porto Real do Col\u00e9gio (15).<\/span><\/p>\n<p style=\"text-align: justify;\"><span style=\"font-size: 14pt;\">Na sequ\u00eancia, ser\u00e1 a vez de 33\u00aa Promotoria de Justi\u00e7a da Capital (17), 1\u00aa Promotoria de Justi\u00e7a de S\u00e3o Miguel dos Campos (29), 2\u00aa Promotoria de Justi\u00e7a de S\u00e3o Miguel dos Campos (29), 3\u00aa Promotoria de Justi\u00e7a de S\u00e3o Miguel dos Campos (31) e 5\u00aa Promotoria de Justi\u00e7a de S\u00e3o Miguel dos Campos (31).<\/span><\/p>\n<p style=\"text-align: justify;\"><span style=\"font-size: 14pt;\">\u201cEnquanto perdurar a correi\u00e7\u00e3o ordin\u00e1ria, qualquer do povo que se sentir prejudicado com a atua\u00e7\u00e3o do Minist\u00e9rio P\u00fablico local poder\u00e1 oferecer as reclama\u00e7\u00f5es que tiver, escritas ou orais, podendo ainda direcion\u00e1-las \u00e0 Corregedoria-Geral do Minist\u00e9rio P\u00fablico de Alagoas. Nas correi\u00e7\u00f5es dever\u00e3o estar presentes os representantes ministeriais em exerc\u00edcio, nas Promotorias em quest\u00e3o, suspendendo as atividades judiciais, enquanto durar a correi\u00e7\u00e3o\u201d, destacou o corregedor-geral do MPE\/AL.<\/span><\/p>\n","protected":false},"excerpt":{"rendered":"<p> [&hellip;]<\/p>\n","protected":false},"author":5,"featured_media":14337,"comment_status":"open","ping_status":"open","sticky":false,"template":"","format":"standard","meta":{"om_disable_all_campaigns":false,"_monsterinsights_skip_tracking":false,"_monsterinsights_sitenote_active":false,"_monsterinsights_sitenote_note":"","_monsterinsights_sitenote_category":0,"_uf_show_specific_survey":0,"_uf_disable_surveys":false,"footnotes":""},"categories":[2],"tags":[],"class_list":["post-14336","post","type-post","status-publish","format-standard","has-post-thumbnail","hentry","category-not_mpal"],"aioseo_notices":[],"_links":{"self":[{"href":"https:\/\/www.mpal.mp.br\/index.php?rest_route=\/wp\/v2\/posts\/14336","targetHints":{"allow":["GET"]}}],"collection":[{"href":"https:\/\/www.mpal.mp.br\/index.php?rest_route=\/wp\/v2\/posts"}],"about":[{"href":"https:\/\/www.mpal.mp.br\/index.php?rest_route=\/wp\/v2\/types\/post"}],"author":[{"embeddable":true,"href":"https:\/\/www.mpal.mp.br\/index.php?rest_route=\/wp\/v2\/users\/5"}],"replies":[{"embeddable":true,"href":"https:\/\/www.mpal.mp.br\/index.php?rest_route=%2Fwp%2Fv2%2Fcomments&post=14336"}],"version-history":[{"count":1,"href":"https:\/\/www.mpal.mp.br\/index.php?rest_route=\/wp\/v2\/posts\/14336\/revisions"}],"predecessor-version":[{"id":14338,"href":"https:\/\/www.mpal.mp.br\/index.php?rest_route=\/wp\/v2\/posts\/14336\/revisions\/14338"}],"wp:featuredmedia":[{"embeddable":true,"href":"https:\/\/www.mpal.mp.br\/index.php?rest_route=\/wp\/v2\/media\/14337"}],"wp:attachment":[{"href":"https:\/\/www.mpal.mp.br\/index.php?rest_route=%2Fwp%2Fv2%2Fmedia&parent=14336"}],"wp:term":[{"taxonomy":"category","embeddable":true,"href":"https:\/\/www.mpal.mp.br\/index.php?rest_route=%2Fwp%2Fv2%2Fcategories&post=14336"},{"taxonomy":"post_tag","embeddable":true,"href":"https:\/\/www.mpal.mp.br\/index.php?rest_route=%2Fwp%2Fv2%2Ftags&post=14336"}],"curies":[{"name":"wp","href":"https:\/\/api.w.org\/{rel}","templated":true}]}}