{"id":14334,"date":"2016-03-10T10:13:32","date_gmt":"2016-03-10T13:13:32","guid":{"rendered":"https:\/\/www.mpal.mp.br\/?p=14334"},"modified":"2022-08-01T10:14:11","modified_gmt":"2022-08-01T13:14:11","slug":"corregedoria-do-mpe-al-participa-de-101a-reuniao-do-cncgmp-nova-diretoria-do-conselho-toma-posse","status":"publish","type":"post","link":"https:\/\/www.mpal.mp.br\/?p=14334","title":{"rendered":"Corregedoria do MPE\/AL participa de 101\u00aa Reuni\u00e3o do CNCGMP; nova diretoria do Conselho toma posse"},"content":{"rendered":"<p style=\"text-align: justify;\"><span style=\"font-size: 14pt;\">O corregedor-geral do Minist\u00e9rio P\u00fablico do Estado de Alagoas (MP\/AL), procurador de Justi\u00e7a Vicente Felix, participa, nesta quinta e sexta-feira (10 e 11), da 101\u00aa Reuni\u00e3o Ordin\u00e1ria do Conselho Nacional dos Corregedores-Gerais do Minist\u00e9rio P\u00fablico (CNCGMP), realizado no pr\u00e9dio-sede da Procuradoria Geral de Justi\u00e7a do Rio Grande do Sul, em Porto Alegre.<\/span><\/p>\n<p style=\"text-align: justify;\"><span style=\"font-size: 14pt;\">No evento, ser\u00e3o discutidos temas como \u201cCadastro Nacional de Membros\u201d, \u201cSistema de Processos Disciplinares\u201d e \u201cConsumidor Vencedor\u201d, al\u00e9m das correi\u00e7\u00f5es em gabinetes de procuradores-gerais de Justi\u00e7a. A abertura dos trabalhos ter\u00e1 a posse solene da nova gest\u00e3o da Diretoria do CNCGMP e haver\u00e1 homenagens a ex-corregedores-gerais.<\/span><\/p>\n","protected":false},"excerpt":{"rendered":"<p> [&hellip;]<\/p>\n","protected":false},"author":5,"featured_media":14332,"comment_status":"open","ping_status":"open","sticky":false,"template":"","format":"standard","meta":{"om_disable_all_campaigns":false,"_monsterinsights_skip_tracking":false,"_monsterinsights_sitenote_active":false,"_monsterinsights_sitenote_note":"","_monsterinsights_sitenote_category":0,"_uf_show_specific_survey":0,"_uf_disable_surveys":false,"footnotes":""},"categories":[2],"tags":[],"class_list":["post-14334","post","type-post","status-publish","format-standard","has-post-thumbnail","hentry","category-not_mpal"],"aioseo_notices":[],"_links":{"self":[{"href":"https:\/\/www.mpal.mp.br\/index.php?rest_route=\/wp\/v2\/posts\/14334","targetHints":{"allow":["GET"]}}],"collection":[{"href":"https:\/\/www.mpal.mp.br\/index.php?rest_route=\/wp\/v2\/posts"}],"about":[{"href":"https:\/\/www.mpal.mp.br\/index.php?rest_route=\/wp\/v2\/types\/post"}],"author":[{"embeddable":true,"href":"https:\/\/www.mpal.mp.br\/index.php?rest_route=\/wp\/v2\/users\/5"}],"replies":[{"embeddable":true,"href":"https:\/\/www.mpal.mp.br\/index.php?rest_route=%2Fwp%2Fv2%2Fcomments&post=14334"}],"version-history":[{"count":1,"href":"https:\/\/www.mpal.mp.br\/index.php?rest_route=\/wp\/v2\/posts\/14334\/revisions"}],"predecessor-version":[{"id":14335,"href":"https:\/\/www.mpal.mp.br\/index.php?rest_route=\/wp\/v2\/posts\/14334\/revisions\/14335"}],"wp:featuredmedia":[{"embeddable":true,"href":"https:\/\/www.mpal.mp.br\/index.php?rest_route=\/wp\/v2\/media\/14332"}],"wp:attachment":[{"href":"https:\/\/www.mpal.mp.br\/index.php?rest_route=%2Fwp%2Fv2%2Fmedia&parent=14334"}],"wp:term":[{"taxonomy":"category","embeddable":true,"href":"https:\/\/www.mpal.mp.br\/index.php?rest_route=%2Fwp%2Fv2%2Fcategories&post=14334"},{"taxonomy":"post_tag","embeddable":true,"href":"https:\/\/www.mpal.mp.br\/index.php?rest_route=%2Fwp%2Fv2%2Ftags&post=14334"}],"curies":[{"name":"wp","href":"https:\/\/api.w.org\/{rel}","templated":true}]}}