{"id":14331,"date":"2016-04-04T09:59:11","date_gmt":"2016-04-04T12:59:11","guid":{"rendered":"https:\/\/www.mpal.mp.br\/?p=14331"},"modified":"2022-08-01T10:09:09","modified_gmt":"2022-08-01T13:09:09","slug":"corregedoria-nacional-do-cnmp-realiza-inspecoes-na-corregedoria-do-ministerio-publico-estadual-de-alagoas-nestes-dias-05-e-06-de-abril","status":"publish","type":"post","link":"https:\/\/www.mpal.mp.br\/?p=14331","title":{"rendered":"Corregedoria Nacional do CNMP realiza inspe\u00e7\u00f5es na Corregedoria do Minist\u00e9rio P\u00fablico Estadual de Alagoas nestes dias 05 e 06 de abril"},"content":{"rendered":"<p style=\"text-align: justify;\"><span style=\"font-size: 14pt;\">A Corregedoria Nacional do Conselho Nacional do Minist\u00e9rio P\u00fablico (CNMP) estar\u00e1 em Macei\u00f3 para realizar inspe\u00e7\u00e3o na Corregedoria-Geral do Minist\u00e9rio P\u00fablico Estadual de Alagoas. A fiscaliza\u00e7\u00e3o vai acontecer nesta ter\u00e7a e quarta-feira, dias 05 e 06 de abril. O trabalho ser\u00e1 comandado pelo corregedor nacional, Cl\u00e1udio Henrique Portela do Rego. Em fun\u00e7\u00e3o da inspe\u00e7\u00e3o, a Corregedoria do MPE\/AL funcion\u00e1ria, nessas duas datas, no hor\u00e1rio das 08h \u00e0s 12h e das 14h \u00e0s 18h.<\/span><\/p>\n<p style=\"text-align: justify;\"><span style=\"font-size: 14pt;\">Atrav\u00e9s da Portaria da Corregedoria-Geral do Minist\u00e9rio P\u00fablico Estadual de Alagoas n\u00ba 003\/2016 foi comunicada a correi\u00e7\u00e3o nacional e o hor\u00e1rio especial de funcionamento do \u00f3rg\u00e3o, nestes dias 05 e 06 de abril. Nela, o corregedor-geral Vicente F\u00e9lix Correia informa que a inspe\u00e7\u00e3o ordin\u00e1ria do CNMP vai ocorrer em virtude da requisi\u00e7\u00e3o promovida pelo conselheiro Cl\u00e1udio Portela do Rego, corregedor nacional do Conselho, que enviou o of\u00edcio n\u00ba 01227\/2016 tratando da referida demanda.<\/span><\/p>\n<p style=\"text-align: justify;\"><span style=\"font-size: 14pt;\">E, em fun\u00e7\u00e3o dessa atividade, ele, ainda por meio da mesma portaria, avisou que a Corregedoria do MPE\/AL funcionar\u00e1, excepcionalmente, das 08h \u00e0s 12h e das 14h \u00e0s 18h, amanh\u00e3 e quarta-feira.<\/span><\/p>\n<p style=\"text-align: justify;\"><span style=\"font-size: 14pt;\">\u201cCom certeza as inspe\u00e7\u00f5es v\u00e3o nos deixar um legado importante. Caso estejamos, involuntariamente, realizando algo de forma equivocada, vamos receber as devidas orienta\u00e7\u00f5es para nos adequarmos. E se por ventura estivermos trabalhando dentro das normas estabelecidas, receberemos o atestado de realiza\u00e7\u00e3o das nossas atribui\u00e7\u00f5es da forma correta\u201d, afirmou o corregedor Vicente F\u00e9lix.<\/span><\/p>\n<p style=\"text-align: justify;\"><span style=\"font-size: 14pt;\"><strong>As correi\u00e7\u00f5es<\/strong><\/span><\/p>\n<p style=\"text-align: justify;\"><span style=\"font-size: 14pt;\">A Portaria do CNMP-CN n\u00ba 123, de 5 de outubro de 2015 disp\u00f5e sobre a realiza\u00e7\u00e3o de inspe\u00e7\u00f5es ordin\u00e1rias nas Corregedorias-Gerais das unidades do Minist\u00e9rio P\u00fablico da Uni\u00e3o e dos Estados e diz que as correi\u00e7\u00f5es v\u00e3o acontecer para verifica\u00e7\u00e3o do funcionamento e regularidade das atividades desenvolvidas, conforme disposto no artigo 68 do Regimento Interno do Conselho Nacional do Minist\u00e9rio P\u00fablico.<\/span><\/p>\n<p style=\"text-align: justify;\"><span style=\"font-size: 14pt;\">As correi\u00e7\u00f5es tamb\u00e9m t\u00eam a fun\u00e7\u00e3o de analisar o andamento e a regularidade de todos os expedientes de natureza disciplinar em tramita\u00e7\u00e3o ou arquivados; promover o acompanhamento levado a efeito pela Corregedoria-Geral da unidade em rela\u00e7\u00e3o ao est\u00e1gio probat\u00f3rio dos seus Membros n\u00e3o vital\u00edcios; o planejamento e a execu\u00e7\u00e3o do calend\u00e1rio anual de correi\u00e7\u00f5es e inspe\u00e7\u00f5es realizadas pela Corregedoria-Geral da unidade, com aten\u00e7\u00e3o especial ao procedimento adotado em tais atividades; o cumprimento das resolu\u00e7\u00f5es do Conselho Nacional do Minist\u00e9rio P\u00fablico; e as demais atividades realizadas ou supervisionadas pela Corregedoria-Geral da unidade.<\/span><\/p>\n<p style=\"text-align: justify;\"><span style=\"font-size: 14pt;\">Para realizar as inspe\u00e7\u00f5es, o corregedor nacional, ou os membros auxiliares e servidores por ele expressamente autorizados, dispor\u00e3o de livre acesso aos locais onde se processarem as atividades de correi\u00e7\u00e3o, podendo, se entender conveniente, compulsar ou requisitar documentos, livros, registros de computadores ou qualquer outro dado ou informa\u00e7\u00e3o que repute relevante para os prop\u00f3sitos do trabalho a ser realizado.<\/span><\/p>\n<p style=\"text-align: justify;\"><span style=\"font-size: 14pt;\">Os trabalhos de inspe\u00e7\u00e3o compreender\u00e3o os procedimentos disciplinares em tramita\u00e7\u00e3o e arquivados nas Corregedorias-Gerais das unidades do Mist\u00e9rio P\u00fablico, bem como aqueles em tramita\u00e7\u00e3o e arquivados nas Procuradorias-Gerais de Justi\u00e7a e demais \u00f3rg\u00e3os da Administra\u00e7\u00e3o Superior, conforme dispuserem as normas de organiza\u00e7\u00e3o local.<\/span><\/p>\n","protected":false},"excerpt":{"rendered":"<p> [&hellip;]<\/p>\n","protected":false},"author":5,"featured_media":14332,"comment_status":"open","ping_status":"open","sticky":false,"template":"","format":"standard","meta":{"om_disable_all_campaigns":false,"_monsterinsights_skip_tracking":false,"_monsterinsights_sitenote_active":false,"_monsterinsights_sitenote_note":"","_monsterinsights_sitenote_category":0,"_uf_show_specific_survey":0,"_uf_disable_surveys":false,"footnotes":""},"categories":[2],"tags":[],"class_list":["post-14331","post","type-post","status-publish","format-standard","has-post-thumbnail","hentry","category-not_mpal"],"aioseo_notices":[],"_links":{"self":[{"href":"https:\/\/www.mpal.mp.br\/index.php?rest_route=\/wp\/v2\/posts\/14331","targetHints":{"allow":["GET"]}}],"collection":[{"href":"https:\/\/www.mpal.mp.br\/index.php?rest_route=\/wp\/v2\/posts"}],"about":[{"href":"https:\/\/www.mpal.mp.br\/index.php?rest_route=\/wp\/v2\/types\/post"}],"author":[{"embeddable":true,"href":"https:\/\/www.mpal.mp.br\/index.php?rest_route=\/wp\/v2\/users\/5"}],"replies":[{"embeddable":true,"href":"https:\/\/www.mpal.mp.br\/index.php?rest_route=%2Fwp%2Fv2%2Fcomments&post=14331"}],"version-history":[{"count":1,"href":"https:\/\/www.mpal.mp.br\/index.php?rest_route=\/wp\/v2\/posts\/14331\/revisions"}],"predecessor-version":[{"id":14333,"href":"https:\/\/www.mpal.mp.br\/index.php?rest_route=\/wp\/v2\/posts\/14331\/revisions\/14333"}],"wp:featuredmedia":[{"embeddable":true,"href":"https:\/\/www.mpal.mp.br\/index.php?rest_route=\/wp\/v2\/media\/14332"}],"wp:attachment":[{"href":"https:\/\/www.mpal.mp.br\/index.php?rest_route=%2Fwp%2Fv2%2Fmedia&parent=14331"}],"wp:term":[{"taxonomy":"category","embeddable":true,"href":"https:\/\/www.mpal.mp.br\/index.php?rest_route=%2Fwp%2Fv2%2Fcategories&post=14331"},{"taxonomy":"post_tag","embeddable":true,"href":"https:\/\/www.mpal.mp.br\/index.php?rest_route=%2Fwp%2Fv2%2Ftags&post=14331"}],"curies":[{"name":"wp","href":"https:\/\/api.w.org\/{rel}","templated":true}]}}