{"id":14261,"date":"2016-05-31T11:42:59","date_gmt":"2016-05-31T14:42:59","guid":{"rendered":"https:\/\/www.mpal.mp.br\/?p=14261"},"modified":"2022-07-29T11:43:49","modified_gmt":"2022-07-29T14:43:49","slug":"mp-digital-corregedoria-inicia-producao-digital-nesta-quarta-feira-entrega-de-relatorio-funcional-fisico-segue-ate-agosto","status":"publish","type":"post","link":"https:\/\/www.mpal.mp.br\/?p=14261","title":{"rendered":"MP Digital: Corregedoria inicia produ\u00e7\u00e3o digital nesta quarta-feira; entrega de relat\u00f3rio funcional f\u00edsico segue at\u00e9 agosto"},"content":{"rendered":"<p style=\"text-align: justify;\"><span style=\"font-size: 14pt;\">O Minist\u00e9rio P\u00fablico do Estado de Alagoas (MPE\/AL) ter\u00e1 nesta quarta-feira (1\u00ba) um dia especial com o in\u00edcio da migra\u00e7\u00e3o da Corregedoria-Geral para o modo digital. Correspondente a mais um avan\u00e7o do \u201cProjeto MP Digital\u201d, que tem o Sistema de Automa\u00e7\u00e3o da Justi\u00e7a (SAJ\/MP) como centro, a inova\u00e7\u00e3o otimizar\u00e1 as correi\u00e7\u00f5es ordin\u00e1rias nas Promotorias de Justi\u00e7a, ao tempo em que representar\u00e1 uma economia de recursos p\u00fablicos.<\/span><\/p>\n<p style=\"text-align: justify;\"><span style=\"font-size: 14pt;\">Embora a produ\u00e7\u00e3o digital tenha in\u00edcio imediato, membros e servidores devem seguir confeccionando relat\u00f3rios no formato tradicional, paralelamente \u00e0 nova sistem\u00e1tica. O subprocurador-geral de Justi\u00e7a e coordenador do Comit\u00ea Estrat\u00e9gico de Tecnologia e Informa\u00e7\u00e3o do Minist\u00e9rio P\u00fablico (Ceti), Anti\u00f3genes Marques de Lira, estima que no m\u00eas de agosto a transi\u00e7\u00e3o chegue ao fim.<\/span><\/p>\n<p style=\"text-align: justify;\"><span style=\"font-size: 14pt;\">\u201cA implanta\u00e7\u00e3o do SAJ no Minist\u00e9rio P\u00fablico do Estado de Alagoas avan\u00e7ou numa velocidade superior \u00e0 de qualquer outra institui\u00e7\u00e3o ministerial gra\u00e7as ao apoio irrestrito da Procuradoria Geral de Justi\u00e7a e ao trabalho dedicado da empresa Softplan e da Diretoria de Tecnologia de Informa\u00e7\u00e3o da Casa. Estamos a poucos passos de alcan\u00e7ar 100% do projeto, o que deve ocorrer at\u00e9 o fim deste ano\u201d, destacou o presidente do Ceti.<\/span><\/p>\n<p style=\"text-align: justify;\"><span style=\"font-size: 14pt;\">O subprocurador-geral de Justi\u00e7a se refere \u00e0 digitaliza\u00e7\u00e3o das atividades das Procuradorias de Justi\u00e7a, Procuradoria Geral de Justi\u00e7a, Centros de Apoio Operacional e Conselho Superior. \u201cEm rela\u00e7\u00e3o aos \u00f3rg\u00e3os de 2\u00ba grau, j\u00e1 h\u00e1 um trabalho em andamento junto aos procuradores de Justi\u00e7a. Quanto ao \u00f3rg\u00e3o colegiado, a limita\u00e7\u00e3o \u00e9 nacional, pois a Softplan est\u00e1 finalizando um software adequado para os conselhos superiores dos Minist\u00e9rios P\u00fablicos Estaduais\u201d, completou Anti\u00f3genes Lira.<\/span><\/p>\n<p style=\"text-align: justify;\"><span style=\"font-size: 14pt;\"><strong>Celeridade e efic\u00e1cia<\/strong><\/span><\/p>\n<p style=\"text-align: justify;\"><span style=\"font-size: 14pt;\">Com a digitaliza\u00e7\u00e3o dos processos, a Corregedoria Geral do Minist\u00e9rio P\u00fablico do Estado de Alagoas poder\u00e1 analis\u00e1-los sem ter de se deslocar para a sede das Promotorias de Justi\u00e7a. Assim, as visitas a cada unidade ministerial ser\u00e3o simplificadas e haver\u00e1 melhoria na fiscaliza\u00e7\u00e3o e orienta\u00e7\u00e3o dos membros, da produtividade at\u00e9 a verifica\u00e7\u00e3o de cumprimento dos prazos processuais.<\/span><\/p>\n<p style=\"text-align: justify;\"><span style=\"font-size: 14pt;\">\u201cO in\u00edcio dos relat\u00f3rios funcionais digitais traz a expectativa da Corregedoria de otimizar as informa\u00e7\u00f5es da atividade-fim, de modo a permitir melhor acesso aos dados funcionais. A ferramenta possibilitar\u00e1 ao membro, no pr\u00f3prio exerc\u00edcio da sua fun\u00e7\u00e3o, emitir seu relat\u00f3rio automaticamente, sem precisar preencher outro sistema. Ela tamb\u00e9m permitir\u00e1 \u00e0 Corregedoria a confec\u00e7\u00e3o de relat\u00f3rios dos membros para preenchimento do Conselho Nacional do Minist\u00e9rio P\u00fablico, possivelmente, a partir de setembro\u201d, disse o corregedor-geral.<\/span><\/p>\n<p style=\"text-align: justify;\"><span style=\"font-size: 14pt;\">\u201cOs membros e seus servidores devem registrar no sistema todos os seus atos. Audi\u00eancias, manifesta\u00e7\u00f5es, atendimento ao p\u00fablico, visitas, entre outros procedimentos. Se eles n\u00e3o forem devidamente registrados, o relat\u00f3rio eletr\u00f4nico ficar\u00e1 prejudicado\u201d, refor\u00e7ou o chefe da Corregedoria.<\/span><\/p>\n<p style=\"text-align: justify;\"><span style=\"font-size: 14pt;\">Junto aos promotores de Justi\u00e7a Adriana Gomes, Humberto Bulh\u00f5es e Roberto Salom\u00e3o e sua equipe de servidores, Vicente F\u00e9lix acompanhou na semana passada o treinamento do SAJ\/MP para uso da nova ferramenta da Corregedoria Geral.<\/span><\/p>\n<p style=\"text-align: justify;\"><span style=\"font-size: 14pt;\">O consultor de produtos da Softplan, Thiago Dias, afirma que a Corregedoria ganhar\u00e1 em celeridade e efic\u00e1cia com o m\u00f3dulo implantado. \u201cA Corregedoria como \u00f3rg\u00e3o de orienta\u00e7\u00e3o e fiscaliza\u00e7\u00e3o da atua\u00e7\u00e3o funcional dos membros do Minist\u00e9rio P\u00fablico, ao ter como ferramenta um sistema que digitaliza todos os procedimentos e processos, trabalhar\u00e1 de forma mais \u00e1gil, sem precisar sair do pr\u00e9dio-sede. Isso porque boa parte do trabalho de correi\u00e7\u00f5es se dar\u00e1 no formato eletr\u00f4nico, nas quais as visitas servir\u00e3o apenas para checagem de informa\u00e7\u00e3o\u201d, explicou.<\/span><\/p>\n<p style=\"text-align: justify;\"><span style=\"font-size: 14pt;\"><strong>Cronograma<\/strong><\/span><\/p>\n<p style=\"text-align: justify;\"><span style=\"font-size: 14pt;\">O diretor de Tecnologia de Informa\u00e7\u00e3o do MPE\/AL, Marcel de Castro Vasconcelos, lembra que o m\u00f3dulo da Corregedoria teve sua implanta\u00e7\u00e3o planejada desde agosto de 2015. Antes dela, foram adaptadas as Promotorias de Justi\u00e7a, Ouvidoria, N\u00facleos, Gecoc, NIMP e Setor de Protocolo, al\u00e9m da cria\u00e7\u00e3o de espa\u00e7os virtuais para registros de audi\u00eancia, intima\u00e7\u00e3o, teses, pareceres e do pr\u00f3prio portal do SAJ\/MP.<\/span><\/p>\n<p style=\"text-align: justify;\"><span style=\"font-size: 14pt;\">\u201cHouve uma transpar\u00eancia muito grande no cumprimento do cronograma a fim de garantir a virtualiza\u00e7\u00e3o de toda a atividade final\u00edstica do Minist\u00e9rio P\u00fablico. Hoje a Corregedoria j\u00e1 tem o m\u00f3dulo implantado e um quadro devidamente treinado. A Diretoria de Tecnologia da Informa\u00e7\u00e3o garantir\u00e1 a infraestrutura de tecnologia necess\u00e1ria para que a institui\u00e7\u00e3o trabalhe de forma virtual, facilitando, assim, a atua\u00e7\u00e3o funcional dos promotores e procuradores de Justi\u00e7a\u201d, disse Marcel de Castro.<\/span><\/p>\n<p style=\"text-align: justify;\"><span style=\"font-size: 14pt;\">\u201cJ\u00e1 come\u00e7amos o ano com as Promotorias de Justi\u00e7a em produ\u00e7\u00e3o digital e integradas com o Tribunal de Justi\u00e7a. \u00c9 fato que o Minist\u00e9rio P\u00fablico do Estado de Alagoas abra\u00e7ou a digitaliza\u00e7\u00e3o da atividade-fim desde quando adquiriu o sistema SAJ\/MP em 2014 e passou a implement\u00e1-lo em meados de 2015\u201d, disse a coordenadora da equipe residente da Softplan, Mariana Leite, que ajuda a garantir o suporte do sistema.<\/span><\/p>\n<table border=\"1\">\n<tbody>\n<tr>\n<td colspan=\"3\" align=\"center\" bgcolor=\"#CCFFFF\" height=\"38\">\n<h2><span style=\"font-size: 14pt;\">N\u00fameros do uso do SAJ\/MP no MP\/AL at\u00e9 maio<\/span><\/h2>\n<\/td>\n<\/tr>\n<tr>\n<td bgcolor=\"#66CCFF\"><span style=\"font-size: 14pt;\">Intima\u00e7\u00f5es eletr\u00f4nicas recebidas no sistema, via integra\u00e7\u00e3o com Tribunal de Justi\u00e7a do Estado de Alagoas (TJ\/AL)<\/span><\/td>\n<td bgcolor=\"#66FFFF\"><span style=\"font-size: 14pt;\">Peticionamentos eletr\u00f4nicos protocolizados junto ao Poder Judici\u00e1rio Estadual<\/span><\/td>\n<td bgcolor=\"#66CCFF\"><span style=\"font-size: 14pt;\">Procedimentos extrajudiciais instaurados digitalmente<\/span><\/td>\n<\/tr>\n<tr>\n<td align=\"center\" bgcolor=\"#66CCFF\">\n<h2><span style=\"font-size: 14pt;\">37.648<\/span><\/h2>\n<\/td>\n<td align=\"center\" bgcolor=\"#66FFFF\">\n<h2><span style=\"font-size: 14pt;\">37.453<\/span><\/h2>\n<\/td>\n<td align=\"center\" bgcolor=\"#66CCFF\">\n<h2><span style=\"font-size: 14pt;\">1.579<\/span><\/h2>\n<\/td>\n<\/tr>\n<\/tbody>\n<\/table>\n","protected":false},"excerpt":{"rendered":"<p> [&hellip;]<\/p>\n","protected":false},"author":5,"featured_media":14262,"comment_status":"open","ping_status":"open","sticky":false,"template":"","format":"standard","meta":{"om_disable_all_campaigns":false,"_monsterinsights_skip_tracking":false,"_monsterinsights_sitenote_active":false,"_monsterinsights_sitenote_note":"","_monsterinsights_sitenote_category":0,"_uf_show_specific_survey":0,"_uf_disable_surveys":false,"footnotes":""},"categories":[2],"tags":[],"class_list":["post-14261","post","type-post","status-publish","format-standard","has-post-thumbnail","hentry","category-not_mpal"],"aioseo_notices":[],"_links":{"self":[{"href":"https:\/\/www.mpal.mp.br\/index.php?rest_route=\/wp\/v2\/posts\/14261","targetHints":{"allow":["GET"]}}],"collection":[{"href":"https:\/\/www.mpal.mp.br\/index.php?rest_route=\/wp\/v2\/posts"}],"about":[{"href":"https:\/\/www.mpal.mp.br\/index.php?rest_route=\/wp\/v2\/types\/post"}],"author":[{"embeddable":true,"href":"https:\/\/www.mpal.mp.br\/index.php?rest_route=\/wp\/v2\/users\/5"}],"replies":[{"embeddable":true,"href":"https:\/\/www.mpal.mp.br\/index.php?rest_route=%2Fwp%2Fv2%2Fcomments&post=14261"}],"version-history":[{"count":1,"href":"https:\/\/www.mpal.mp.br\/index.php?rest_route=\/wp\/v2\/posts\/14261\/revisions"}],"predecessor-version":[{"id":14263,"href":"https:\/\/www.mpal.mp.br\/index.php?rest_route=\/wp\/v2\/posts\/14261\/revisions\/14263"}],"wp:featuredmedia":[{"embeddable":true,"href":"https:\/\/www.mpal.mp.br\/index.php?rest_route=\/wp\/v2\/media\/14262"}],"wp:attachment":[{"href":"https:\/\/www.mpal.mp.br\/index.php?rest_route=%2Fwp%2Fv2%2Fmedia&parent=14261"}],"wp:term":[{"taxonomy":"category","embeddable":true,"href":"https:\/\/www.mpal.mp.br\/index.php?rest_route=%2Fwp%2Fv2%2Fcategories&post=14261"},{"taxonomy":"post_tag","embeddable":true,"href":"https:\/\/www.mpal.mp.br\/index.php?rest_route=%2Fwp%2Fv2%2Ftags&post=14261"}],"curies":[{"name":"wp","href":"https:\/\/api.w.org\/{rel}","templated":true}]}}