{"id":14258,"date":"2016-06-02T11:42:02","date_gmt":"2016-06-02T14:42:02","guid":{"rendered":"https:\/\/www.mpal.mp.br\/?p=14258"},"modified":"2022-07-29T11:42:48","modified_gmt":"2022-07-29T14:42:48","slug":"corregedoria-geral-recomenda-vitaliciamento-de-promotores-de-justica-em-estagio-probatorio","status":"publish","type":"post","link":"https:\/\/www.mpal.mp.br\/?p=14258","title":{"rendered":"Corregedoria-Geral recomenda vitaliciamento de promotores de Justi\u00e7a em est\u00e1gio probat\u00f3rio"},"content":{"rendered":"<p style=\"text-align: justify;\"><span style=\"font-size: 14pt;\">J\u00e1 est\u00e1 em posse do Conselho Superior do Minist\u00e9rio P\u00fablico do Estado de Alagoas o relat\u00f3rio da Corregedoria-Geral sobre o est\u00e1gio probat\u00f3rio dos promotores de Justi\u00e7a que entraram em exerc\u00edcio em 2014. Ap\u00f3s analisar a atua\u00e7\u00e3o funcional e pessoal dos novos membros, o \u00f3rg\u00e3o de fiscaliza\u00e7\u00e3o recomendou o vitaliciamento deles.<\/span><\/p>\n<p style=\"text-align: justify;\"><span style=\"font-size: 14pt;\">\u201cN\u00f3s tivemos a felicidade de concluir todos os trabalhos de acompanhamento dos promotores, cumprindo assim o art. 40 da Lei Complementar n\u00ba 15\/1996, e o ato normativo n\u00ba 01\/2016 da Corregedoria, editado em abril. Parabenizamos aos colegas pelo desempenho funcional, tanto na \u00e1rea jur\u00eddica quanto no comportamento. Trata-se de excelentes membros, que est\u00e3o engrandecendo o Minist\u00e9rio P\u00fablico alagoano\u201d, disse o corregedor-geral Vicente F\u00e9lix.<\/span><\/p>\n<p style=\"text-align: justify;\"><span style=\"font-size: 14pt;\">\u00c9 atribui\u00e7\u00e3o da Corregedoria-Geral do Minist\u00e9rio P\u00fablico propor ao Conselho Superior o vitaliciamento ou n\u00e3o dos membros do Minist\u00e9rio P\u00fablico que se encontrem em est\u00e1gio probat\u00f3rio, mediante relat\u00f3rio circunstanciado sobre a atua\u00e7\u00e3o pessoal e funcional dos promotores de Justi\u00e7a em est\u00e1gio probat\u00f3rio. Nele, corregedor-geral concluir\u00e1, fundamentadamente, pela sua confirma\u00e7\u00e3o ou n\u00e3o na carreira, de acordo com o art. 40 da Lei Complementar Estadual n\u00ba 15, de 22 de novembro de 1996.<\/span><\/p>\n<p style=\"text-align: justify;\"><span style=\"font-size: 14pt;\">Nos dois primeiros anos, a contar do in\u00edcio de exerc\u00edcio do cargo, ser\u00e1 apurada a conveni\u00eancia ou n\u00e3o da perman\u00eancia do membro do Minist\u00e9rio P\u00fablico na carreira, mediante a verifica\u00e7\u00e3o de requisitos como idoneidade moral, disciplina, dedica\u00e7\u00e3o ao trabalho e equil\u00edbrio e efici\u00eancia no desempenho de suas fun\u00e7\u00f5es.<\/span><\/p>\n","protected":false},"excerpt":{"rendered":"<p> [&hellip;]<\/p>\n","protected":false},"author":5,"featured_media":14259,"comment_status":"open","ping_status":"open","sticky":false,"template":"","format":"standard","meta":{"om_disable_all_campaigns":false,"_monsterinsights_skip_tracking":false,"_monsterinsights_sitenote_active":false,"_monsterinsights_sitenote_note":"","_monsterinsights_sitenote_category":0,"_uf_show_specific_survey":0,"_uf_disable_surveys":false,"footnotes":""},"categories":[2],"tags":[],"class_list":["post-14258","post","type-post","status-publish","format-standard","has-post-thumbnail","hentry","category-not_mpal"],"aioseo_notices":[],"_links":{"self":[{"href":"https:\/\/www.mpal.mp.br\/index.php?rest_route=\/wp\/v2\/posts\/14258","targetHints":{"allow":["GET"]}}],"collection":[{"href":"https:\/\/www.mpal.mp.br\/index.php?rest_route=\/wp\/v2\/posts"}],"about":[{"href":"https:\/\/www.mpal.mp.br\/index.php?rest_route=\/wp\/v2\/types\/post"}],"author":[{"embeddable":true,"href":"https:\/\/www.mpal.mp.br\/index.php?rest_route=\/wp\/v2\/users\/5"}],"replies":[{"embeddable":true,"href":"https:\/\/www.mpal.mp.br\/index.php?rest_route=%2Fwp%2Fv2%2Fcomments&post=14258"}],"version-history":[{"count":1,"href":"https:\/\/www.mpal.mp.br\/index.php?rest_route=\/wp\/v2\/posts\/14258\/revisions"}],"predecessor-version":[{"id":14260,"href":"https:\/\/www.mpal.mp.br\/index.php?rest_route=\/wp\/v2\/posts\/14258\/revisions\/14260"}],"wp:featuredmedia":[{"embeddable":true,"href":"https:\/\/www.mpal.mp.br\/index.php?rest_route=\/wp\/v2\/media\/14259"}],"wp:attachment":[{"href":"https:\/\/www.mpal.mp.br\/index.php?rest_route=%2Fwp%2Fv2%2Fmedia&parent=14258"}],"wp:term":[{"taxonomy":"category","embeddable":true,"href":"https:\/\/www.mpal.mp.br\/index.php?rest_route=%2Fwp%2Fv2%2Fcategories&post=14258"},{"taxonomy":"post_tag","embeddable":true,"href":"https:\/\/www.mpal.mp.br\/index.php?rest_route=%2Fwp%2Fv2%2Ftags&post=14258"}],"curies":[{"name":"wp","href":"https:\/\/api.w.org\/{rel}","templated":true}]}}