{"id":14255,"date":"2016-11-24T11:40:45","date_gmt":"2016-11-24T13:40:45","guid":{"rendered":"https:\/\/www.mpal.mp.br\/?p=14255"},"modified":"2022-07-29T11:41:48","modified_gmt":"2022-07-29T14:41:48","slug":"novos-promotores-de-justica-sao-apresentados-a-corregedoria-geral-do-mpe-al","status":"publish","type":"post","link":"https:\/\/www.mpal.mp.br\/?p=14255","title":{"rendered":"Novos promotores de Justi\u00e7a s\u00e3o apresentados \u00e0 Corregedoria Geral do MPE\/AL"},"content":{"rendered":"<p style=\"text-align: justify;\"><span style=\"font-size: 14pt;\">Os novos promotores de Justi\u00e7a do Minist\u00e9rio P\u00fablico do Estado de Alagoas conhecer\u00e3o, nesta quinta-feira (24), o \u00f3rg\u00e3o integrante da administra\u00e7\u00e3o superior, que tem a miss\u00e3o de orientar e fiscalizar as atividades funcionais e a conduta dos membros da institui\u00e7\u00e3o: a Corregedoria-Geral. Ao longo do quarto dia do curso de forma\u00e7\u00e3o promovido pela Escola Superior, procuradores e promotores de Justi\u00e7a discorrer\u00e3o sobre a tem\u00e1tica.<\/span><\/p>\n<p style=\"text-align: justify;\"><span style=\"font-size: 14pt;\">Coube ao corregedor-geral substituto, procurador de Justi\u00e7a Dilmar Camerino, fazer a abertura dos trabalhos, apresentando uma vis\u00e3o geral do \u00f3rg\u00e3o fiscalizador. Ele representou o chefe da Corregedoria-Geral, procurador de Justi\u00e7a Vicente Felix.<\/span><\/p>\n<p style=\"text-align: justify;\"><span style=\"font-size: 14pt;\">\u201cA profiss\u00e3o exige sacrif\u00edcios e os senhores enfrentar\u00e3o v\u00e1rias dificuldades. Mas, diante delas, \u00e9 preciso ter uma compreens\u00e3o muito grande de que somos mais do que uma caneta, n\u00f3s temos uma importante fun\u00e7\u00e3o social. Os membros do Minist\u00e9rio P\u00fablico n\u00e3o s\u00e3o mais defensores do rei, mas sim defensores do povo\u201d, disse.<\/span><\/p>\n<p style=\"text-align: justify;\"><span style=\"font-size: 14pt;\">Na sequ\u00eancia, ser\u00e1 a vez do promotor de Justi\u00e7a Humberto Bulh\u00f5es, que atua na Assessoria T\u00e9cnica da Corregedoria-Geral, falar sobre as atribui\u00e7\u00f5es do \u00f3rg\u00e3o, correi\u00e7\u00f5es e inspe\u00e7\u00f5es, deveres e proibi\u00e7\u00f5es, \u00e9tica funcional e processo administrativo disciplinar, penas disciplinares e est\u00e1gio probat\u00f3rio.<\/span><\/p>\n<p style=\"text-align: justify;\"><span style=\"font-size: 14pt;\">\u00c0 tarde, o corregedor-geral eleito para o bi\u00eanio 2017-18, procurador de Justi\u00e7a Lean Ar\u00e1ujo, far\u00e1 uma exposi\u00e7\u00e3o sobre \u201cO Minist\u00e9rio P\u00fablico como protagonista na consolida\u00e7\u00e3o do Estado Constitucional\u201d. Em seguida, a promotora de Justi\u00e7a Adriana Gomes falar\u00e1 sobre os par\u00e2metros nacionais e locais da atividade-fim do Minist\u00e9rio P\u00fablico Estadual.<\/span><\/p>\n<p style=\"text-align: justify;\"><span style=\"font-size: 14pt;\"><strong>A Corregedoria<\/strong><\/span><\/p>\n<p style=\"text-align: justify;\"><span style=\"font-size: 14pt;\">A Corregedoria Geral do Minist\u00e9rio P\u00fablico \u00e9 \u00f3rg\u00e3o integrante da administra\u00e7\u00e3o superior do MPE\/AL, que tem a miss\u00e3o de orientar e fiscalizar as atividades funcionais e a conduta dos membros do Minist\u00e9rio P\u00fablico (Lei Complementar N\u00b0 15\/96, art. 16).<\/span><\/p>\n<p style=\"text-align: justify;\"><span style=\"font-size: 14pt;\">Como \u00f3rg\u00e3o de controle interno, a Corregedoria-Geral procura estar sempre presente na din\u00e2mica da institui\u00e7\u00e3o, velando pelo aperfei\u00e7oamento dos relevantes servi\u00e7os prestados pelos agentes ministeriais em prol da sociedade alagoana.<\/span><\/p>\n<p style=\"text-align: justify;\"><span style=\"font-size: 14pt;\">Tal miss\u00e3o \u00e9 desempenhada, dentre outras, atrav\u00e9s das seguintes atividades: correi\u00e7\u00f5es e inspe\u00e7\u00f5es nos \u00f3rg\u00e3os de execu\u00e7\u00e3o do MPE\/AL; expedi\u00e7\u00e3o de recomenda\u00e7\u00f5es, sem car\u00e1ter vinculativo; instaura\u00e7\u00e3o de processo disciplinar para apurar a conduta de membro da institui\u00e7\u00e3o; compila\u00e7\u00e3o mensal dos relat\u00f3rios das atividades desenvolvidas pelas Procuradorias e Promotorias de Justi\u00e7a.<\/span><\/p>\n<p style=\"text-align: justify;\"><span style=\"font-size: 14pt;\">Na primeira quinzena de fevereiro, a Corregedoria apresenta ao procurador-geral de Justi\u00e7a um relat\u00f3rio com dados estat\u00edsticos sobre as atividades das Procuradorias e Promotorias de Justi\u00e7a, relativas ao ano anterior.<\/span><\/p>\n<p style=\"text-align: justify;\"><span style=\"font-size: 14pt;\"><strong>Minist\u00e9rio P\u00fablico no tempo<\/strong><\/span><\/p>\n<p style=\"text-align: justify;\"><span style=\"font-size: 14pt;\">Na ter\u00e7a-feira, pelo terceiro dia do curso de forma\u00e7\u00e3o, o subprocurador-geral Judicial, procurador de Justi\u00e7a Anti\u00f3genes Marques de Lira, apresentou a evolu\u00e7\u00e3o do Minist\u00e9rio P\u00fablico durante a palestra \u201cPassado, presente e futuro\u201d.<\/span><\/p>\n<p style=\"text-align: justify;\"><span style=\"font-size: 14pt;\">J\u00e1 a promotora de Justi\u00e7a Marluce Falc\u00e3o exp\u00f4s os temas \u201cA tramita\u00e7\u00e3o dos inqu\u00e9ritos policiais no Minist\u00e9rio P\u00fablico do Estado de Alagoas\u201d e \u201cAtua\u00e7\u00e3o do Minist\u00e9rio P\u00fablico em defesa dos direitos humanos de v\u00edtimas e testemunhas de crime\u201d. Na sequ\u00eancia, o promotor de Justi\u00e7a e integrante do Grupo Estadual de Combate \u00e0s Organiza\u00e7\u00f5es Criminosas, Hamilton Carneiro J\u00fanior apresentou o Gecoc aos novos promotores.<\/span><\/p>\n<p style=\"text-align: justify;\"><span style=\"font-size: 14pt;\"><strong>O curso<\/strong><\/span><\/p>\n<p style=\"text-align: justify;\"><span style=\"font-size: 14pt;\">Para o diretor da Escola Superior do Minist\u00e9rio P\u00fablico Estadual, promotor de Justi\u00e7a Cl\u00e1udio Jos\u00e9 Brand\u00e3o S\u00e1, a realiza\u00e7\u00e3o do treinamento dos novos membros atende a uma exig\u00eancia da Lei Complementar n\u00ba 15\/1996, que disp\u00f5e sobre a organiza\u00e7\u00e3o, as atribui\u00e7\u00f5es e o estatuto do Minist\u00e9rio P\u00fablico Estadual. Segundo a legisla\u00e7\u00e3o, o promotor de Justi\u00e7a rec\u00e9m-nomeado e empossado dever\u00e1 entrar em exerc\u00edcio dentro de 15 dias \u00fateis contados da conclus\u00e3o do curso de forma\u00e7\u00e3o.<\/span><\/p>\n<p style=\"text-align: justify;\"><span style=\"font-size: 14pt;\">\u201cMais do que observar o texto normativo, a Escola Superior pretende acolher os novos membros e prepar\u00e1-los para o exerc\u00edcio de suas fun\u00e7\u00f5es. Com o treinamento, eles saber\u00e3o como agir tanto na \u00e1rea administrativa quanto jur\u00eddica, como se portar diante de autoridades, funcion\u00e1rios e sociedade. Trata-se mais de um momento de orienta\u00e7\u00e3o do que de forma\u00e7\u00e3o, visto que o Minist\u00e9rio P\u00fablico passar\u00e1 a ser a sua segunda casa. Tor\u00e7o para que eles zelem pela imagem da institui\u00e7\u00e3o e gostem da profiss\u00e3o escolhida\u201d, destacou o diretor da Escola Superior.<\/span><\/p>\n<p style=\"text-align: justify;\"><span style=\"font-size: 14pt;\">\u201cO curso de forma\u00e7\u00e3o tem sido bastante satisfat\u00f3rio. Todas as palestras ministradas d\u00e3o um pilar de sustenta\u00e7\u00e3o para o exerc\u00edcio do cargo que vamos assumir, principalmente nas quest\u00f5es pr\u00e1ticas. O compartilhamento das experi\u00eancias dos atuais membros nos torna mais confiantes neste in\u00edcio de exerc\u00edcio funcional\u201d, disse a promotora de Justi\u00e7a Viviane Karla da Silva Farias, que tomar\u00e1 posse no pr\u00f3ximo dia 28, ao lado de Ivan Viegas Renaux de Andrade, Lucas Sachsida Junqueira Carneiro, Paulo Barbosa de Almeida Filho e Kleber Valadares Coelho J\u00fanior.<\/span><\/p>\n","protected":false},"excerpt":{"rendered":"<p> [&hellip;]<\/p>\n","protected":false},"author":5,"featured_media":14256,"comment_status":"open","ping_status":"open","sticky":false,"template":"","format":"standard","meta":{"om_disable_all_campaigns":false,"_monsterinsights_skip_tracking":false,"_monsterinsights_sitenote_active":false,"_monsterinsights_sitenote_note":"","_monsterinsights_sitenote_category":0,"_uf_show_specific_survey":0,"_uf_disable_surveys":false,"footnotes":""},"categories":[2],"tags":[],"class_list":["post-14255","post","type-post","status-publish","format-standard","has-post-thumbnail","hentry","category-not_mpal"],"aioseo_notices":[],"_links":{"self":[{"href":"https:\/\/www.mpal.mp.br\/index.php?rest_route=\/wp\/v2\/posts\/14255","targetHints":{"allow":["GET"]}}],"collection":[{"href":"https:\/\/www.mpal.mp.br\/index.php?rest_route=\/wp\/v2\/posts"}],"about":[{"href":"https:\/\/www.mpal.mp.br\/index.php?rest_route=\/wp\/v2\/types\/post"}],"author":[{"embeddable":true,"href":"https:\/\/www.mpal.mp.br\/index.php?rest_route=\/wp\/v2\/users\/5"}],"replies":[{"embeddable":true,"href":"https:\/\/www.mpal.mp.br\/index.php?rest_route=%2Fwp%2Fv2%2Fcomments&post=14255"}],"version-history":[{"count":1,"href":"https:\/\/www.mpal.mp.br\/index.php?rest_route=\/wp\/v2\/posts\/14255\/revisions"}],"predecessor-version":[{"id":14257,"href":"https:\/\/www.mpal.mp.br\/index.php?rest_route=\/wp\/v2\/posts\/14255\/revisions\/14257"}],"wp:featuredmedia":[{"embeddable":true,"href":"https:\/\/www.mpal.mp.br\/index.php?rest_route=\/wp\/v2\/media\/14256"}],"wp:attachment":[{"href":"https:\/\/www.mpal.mp.br\/index.php?rest_route=%2Fwp%2Fv2%2Fmedia&parent=14255"}],"wp:term":[{"taxonomy":"category","embeddable":true,"href":"https:\/\/www.mpal.mp.br\/index.php?rest_route=%2Fwp%2Fv2%2Fcategories&post=14255"},{"taxonomy":"post_tag","embeddable":true,"href":"https:\/\/www.mpal.mp.br\/index.php?rest_route=%2Fwp%2Fv2%2Ftags&post=14255"}],"curies":[{"name":"wp","href":"https:\/\/api.w.org\/{rel}","templated":true}]}}