{"id":14164,"date":"2018-12-04T08:19:48","date_gmt":"2018-12-04T11:19:48","guid":{"rendered":"https:\/\/www.mpal.mp.br\/?p=14164"},"modified":"2023-04-24T09:20:34","modified_gmt":"2023-04-24T12:20:34","slug":"dez-grupos-de-atuacao-especial-contra-o-crime-organizado-gaecos-do-ministerio-publico-brasileiro-fazem-operacoes-contra-faccoes-criminosas","status":"publish","type":"post","link":"https:\/\/www.mpal.mp.br\/?p=14164","title":{"rendered":"Dez Grupos de Atua\u00e7\u00e3o Especial Contra o Crime Organizado (GAECOs) do Minist\u00e9rio P\u00fablico brasileiro fazem opera\u00e7\u00f5es contra fac\u00e7\u00f5es criminosas"},"content":{"rendered":"<div class=\"content-wrapper-1\">\n<div class=\"content-wrapper-2\">\n<div id=\"mainmiddle\">\n<div id=\"mainmiddle-expand\">\n<div id=\"content\">\n<div id=\"content-shift\">\n<div class=\"floatbox\">\n<div class=\"joomla \">\n<div class=\"article\">\n<div id=\"articlepxfontsize1\">\n<p style=\"text-align: justify;\"><span style=\"font-size: 14pt;\">Uma a\u00e7\u00e3o de \u00e2mbito nacional, articulada pelo Grupo Nacional de Combate \u00e0s Organiza\u00e7\u00f5es Criminosas (GNCOC) &#8211; colegiado que re\u00fane os Gaecos de todo o pa\u00eds, realiza, nesta ter\u00e7a-feira (3), opera\u00e7\u00f5es em 10 estados brasileiros. Dezenas de promotores de justi\u00e7a, com a ajuda de for\u00e7as policiais, cumprem mandados de pris\u00e3o e de busca e apreens\u00e3o contra integrantes de seis fac\u00e7\u00f5es criminosas que atuam em diferentes regi\u00f5es do pa\u00eds.<\/span><\/p>\n<p><span style=\"font-size: 14pt;\">As opera\u00e7\u00f5es acontecem, simultaneamente, nos estados do Acre, Alagoas, Distrito Federal, Esp\u00edrito Santo, Para\u00edba, Rio de Janeiro, Roraima, Santa Catarina, S\u00e3o Paulo e Tocantins. E al\u00e9m de mobilizar os Minist\u00e9rios P\u00fablicos de todos essas unidades da federa\u00e7\u00e3o, a a\u00e7\u00e3o inclui ainda dilig\u00eancias dos Gaecos do Cear\u00e1, Mato Grosso do Sul, Paran\u00e1, Goi\u00e1s e Pernambuco.<\/span><\/p>\n<p><span style=\"font-size: 14pt;\">O objetivo principal dessa atividade integrada \u00e9 prender integrantes das fac\u00e7\u00f5es criminosas Primeiro Comando da Capital (PCC) &#8211; de origem paulista; Comando Vermelho (CV), Terceiro Comando Puro (TCP) e Amigo dos Amigos (ADA) &#8211; todas cariocas; Primeiro Comando de Vit\u00f3ria (PCV) &#8211; capixaba; e da paraibana Okaida RB, uma dissid\u00eancia da Okaida.<\/span><\/p>\n<p><span style=\"font-size: 14pt;\">Ao todo, est\u00e3o sendo cumpridos 266 mandados de pris\u00e3o e 203 de busca e apreens\u00e3o. Em Tocantins, ainda est\u00e1 sendo feita uma inspe\u00e7\u00e3o na Casa de Pris\u00e3o Provis\u00f3ria de Palmas, com a finalidade de apreender armas, drogas, explosivos, aparelhos de comunica\u00e7\u00e3o m\u00f3vel e cadastros de faccionados.<\/span><\/p>\n<p><span style=\"font-size: 14pt;\">\u201cO Minist\u00e9rio P\u00fablico brasileiro, por meio do GNCOC e dos Gaecos, vem adotando medidas eficientes no desmantelamento e pris\u00e3o dos principais l\u00edderes das fac\u00e7\u00f5es criminosas presentes em territ\u00f3rio nacional. \u00c9 uma luta baseada na intelig\u00eancia e com foco na desestrutura\u00e7\u00e3o desses organismos criminosos violentos. Vamos vencer, tenho certeza disso \u201c, declarou Alfredo Gaspar de Mendon\u00e7a Neto, procurador-geral de justi\u00e7a de Alagoas e coordenador do Grupo Nacional.<\/span><\/p>\n<p><span style=\"font-size: 14pt;\"><strong>Opera\u00e7\u00e3o em Alagoas<\/strong><\/span><\/p>\n<p><span style=\"font-size: 14pt;\">Em Alagoas, o Gaeco foi \u00e0s ruas, em Macei\u00f3 e S\u00e3o Miguel dos Milagres, para cumprir 13 mandados de pris\u00e3o e 14 de busca e apreens\u00e3o, todos expedidos pela 17\u00b0 Vara Criminal da Capital. A a\u00e7\u00e3o tamb\u00e9m se estendeu at\u00e9 a cidade de Bom Conselho, em Penambuco, onde um dos acusados de praticar crimes estava escondido.<\/span><\/p>\n<p><span style=\"font-size: 14pt;\">Os alvos t\u00eam liga\u00e7\u00e3o com o Primeiro Comando da Capital (PCC), fac\u00e7\u00e3o criminosa de S\u00e3o Paulo que vinha agindo principalmente em S\u00e3o Miguel dos Milagres, munic\u00edpio localizado no litoral norte do estado. L\u00e1, tr\u00eas irm\u00e3os s\u00e3o acusados de comandar v\u00e1rios il\u00edcitos penais, entre homic\u00eddios e tr\u00e1fico de drogas.<\/span><\/p>\n<p><span style=\"font-size: 14pt;\">Na capital, foram presos Cristiano Joaquim da Silva, conhecido como &#8220;Deboxado&#8221;, e Jos\u00e9 Ailton da Silva, apelidado de \u201cBicho Solto&#8221;.<\/span><\/p>\n<p><span style=\"font-size: 14pt;\">J\u00e1 no interior, as pris\u00f5es foram efetuadas em desfavor de Ivaldo Jos\u00e9 Lins Costa (Neguinho), Jo\u00e3o Pedro Teixeira da Silva, Valdir Carvalho Ferreira (Canela) e um homem identificado at\u00e9 agora apenas como Xaropinho.<\/span><\/p>\n<p><span style=\"font-size: 14pt;\">E, na cidade de Bom Conselho, foi preso Marcelo Torres Izidoro, irm\u00e3o de Marcos Torres e Anderson Dami\u00e3o, que est\u00e3o foragidos. Os tr\u00eas eram os principais nomes do PCC na regi\u00e3o.<\/span><\/p>\n<p><span style=\"font-size: 14pt;\">De acordo com o Gaeco, duas pistolas 380 e um rev\u00f3lver 38 foram apreendidos com os presos. Tamb\u00e9m foram encontradas cerca de 50 gramas de coca\u00edna, 50g de crack e 600g de maconha in natura.<\/span><\/p>\n<p><span style=\"font-size: 14pt;\">A opera\u00e7\u00e3o contou com a participa\u00e7\u00e3o de 35 guarni\u00e7\u00f5es das Pol\u00edcias Civil e Militar.<\/span><\/p>\n<p><span style=\"font-size: 14pt;\"><strong>O GNCOC<\/strong><\/span><\/p>\n<p><span style=\"font-size: 14pt;\">O Grupo Nacional de Combate \u00e0s Organiza\u00e7\u00f5es Criminosas (GNCOC) congrega o Minist\u00e9rio P\u00fablico brasileiro e foi criado em fevereiro de 2002, por iniciativa do Conselho Nacional de Procuradores-Gerais dos Minist\u00e9rios P\u00fablicos dos Estados e da Uni\u00e3o (CNPG), para combater o crime organizado que atinge todo o pa\u00eds.<\/span><\/p>\n<\/div>\n<\/div>\n<\/div>\n<\/div>\n<\/div>\n<\/div>\n<\/div>\n<\/div>\n<\/div>\n<\/div>\n<div class=\"content-wrapper-b1\">\n<div class=\"content-wrapper-b2\" style=\"text-align: justify;\"><\/div>\n<\/div>\n","protected":false},"excerpt":{"rendered":"<p> [&hellip;]<\/p>\n","protected":false},"author":4,"featured_media":14165,"comment_status":"closed","ping_status":"closed","sticky":false,"template":"","format":"standard","meta":{"om_disable_all_campaigns":false,"_monsterinsights_skip_tracking":false,"_monsterinsights_sitenote_active":false,"_monsterinsights_sitenote_note":"","_monsterinsights_sitenote_category":0,"_uf_show_specific_survey":0,"_uf_disable_surveys":false,"footnotes":""},"categories":[23],"tags":[],"class_list":["post-14164","post","type-post","status-publish","format-standard","has-post-thumbnail","hentry","category-not_gaeco"],"aioseo_notices":[],"_links":{"self":[{"href":"https:\/\/www.mpal.mp.br\/index.php?rest_route=\/wp\/v2\/posts\/14164","targetHints":{"allow":["GET"]}}],"collection":[{"href":"https:\/\/www.mpal.mp.br\/index.php?rest_route=\/wp\/v2\/posts"}],"about":[{"href":"https:\/\/www.mpal.mp.br\/index.php?rest_route=\/wp\/v2\/types\/post"}],"author":[{"embeddable":true,"href":"https:\/\/www.mpal.mp.br\/index.php?rest_route=\/wp\/v2\/users\/4"}],"replies":[{"embeddable":true,"href":"https:\/\/www.mpal.mp.br\/index.php?rest_route=%2Fwp%2Fv2%2Fcomments&post=14164"}],"version-history":[{"count":2,"href":"https:\/\/www.mpal.mp.br\/index.php?rest_route=\/wp\/v2\/posts\/14164\/revisions"}],"predecessor-version":[{"id":14167,"href":"https:\/\/www.mpal.mp.br\/index.php?rest_route=\/wp\/v2\/posts\/14164\/revisions\/14167"}],"wp:featuredmedia":[{"embeddable":true,"href":"https:\/\/www.mpal.mp.br\/index.php?rest_route=\/wp\/v2\/media\/14165"}],"wp:attachment":[{"href":"https:\/\/www.mpal.mp.br\/index.php?rest_route=%2Fwp%2Fv2%2Fmedia&parent=14164"}],"wp:term":[{"taxonomy":"category","embeddable":true,"href":"https:\/\/www.mpal.mp.br\/index.php?rest_route=%2Fwp%2Fv2%2Fcategories&post=14164"},{"taxonomy":"post_tag","embeddable":true,"href":"https:\/\/www.mpal.mp.br\/index.php?rest_route=%2Fwp%2Fv2%2Ftags&post=14164"}],"curies":[{"name":"wp","href":"https:\/\/api.w.org\/{rel}","templated":true}]}}