{"id":14158,"date":"2001-07-12T11:54:01","date_gmt":"2001-07-12T14:54:01","guid":{"rendered":"https:\/\/www.mpal.mp.br\/?p=14158"},"modified":"2022-07-28T11:54:28","modified_gmt":"2022-07-28T14:54:28","slug":"escolha-da-logomarca-memorial-desembargador-helio-cabral","status":"publish","type":"post","link":"https:\/\/www.mpal.mp.br\/?p=14158","title":{"rendered":"Escolha da Logomarca &#8211; Memorial Desembargador H\u00e9lio Cabral"},"content":{"rendered":"<p style=\"text-align: justify;\"><span style=\"font-size: 14pt;\">Integrantes do Parquet e servidores da institui\u00e7\u00e3o escolheram uma logomarca para simbolizar o Memorial Desembargador H\u00e9lio Cabral do Minist\u00e9rio P\u00fablico do Estado de Alagoas, instalado na Procuradoria-Geral de Justi\u00e7a. Foram apresentados seis projetos criados por diretores de arte de renomadas ag\u00eancias de propaganda de Macei\u00f3 e a logomarca escolhida resultou conhecida durante reuni\u00e3o do Cole\u00b4gio de Procuradores de Justi\u00e7a, no audit\u00f3rio Edgar Valente de Lima.<\/span><\/p>\n<p style=\"text-align: justify;\"><span style=\"font-size: 14pt;\">A Ag\u00eancia Hell\u00b4s Ducck, representada pelo publicit\u00e1rio Rodrigo Perdig\u00e3o (na foto acima em destaque com o Procurador-Geral Lean Ara\u00fajo), obteve o n\u00famero m\u00e1ximo de votos, vencendo o concurso.<\/span><\/p>\n","protected":false},"excerpt":{"rendered":"<p> [&hellip;]<\/p>\n","protected":false},"author":5,"featured_media":14159,"comment_status":"open","ping_status":"open","sticky":false,"template":"","format":"standard","meta":{"om_disable_all_campaigns":false,"_monsterinsights_skip_tracking":false,"_monsterinsights_sitenote_active":false,"_monsterinsights_sitenote_note":"","_monsterinsights_sitenote_category":0,"_uf_show_specific_survey":0,"_uf_disable_surveys":false,"footnotes":""},"categories":[2],"tags":[],"class_list":["post-14158","post","type-post","status-publish","format-standard","has-post-thumbnail","hentry","category-not_mpal"],"aioseo_notices":[],"_links":{"self":[{"href":"https:\/\/www.mpal.mp.br\/index.php?rest_route=\/wp\/v2\/posts\/14158","targetHints":{"allow":["GET"]}}],"collection":[{"href":"https:\/\/www.mpal.mp.br\/index.php?rest_route=\/wp\/v2\/posts"}],"about":[{"href":"https:\/\/www.mpal.mp.br\/index.php?rest_route=\/wp\/v2\/types\/post"}],"author":[{"embeddable":true,"href":"https:\/\/www.mpal.mp.br\/index.php?rest_route=\/wp\/v2\/users\/5"}],"replies":[{"embeddable":true,"href":"https:\/\/www.mpal.mp.br\/index.php?rest_route=%2Fwp%2Fv2%2Fcomments&post=14158"}],"version-history":[{"count":1,"href":"https:\/\/www.mpal.mp.br\/index.php?rest_route=\/wp\/v2\/posts\/14158\/revisions"}],"predecessor-version":[{"id":14160,"href":"https:\/\/www.mpal.mp.br\/index.php?rest_route=\/wp\/v2\/posts\/14158\/revisions\/14160"}],"wp:featuredmedia":[{"embeddable":true,"href":"https:\/\/www.mpal.mp.br\/index.php?rest_route=\/wp\/v2\/media\/14159"}],"wp:attachment":[{"href":"https:\/\/www.mpal.mp.br\/index.php?rest_route=%2Fwp%2Fv2%2Fmedia&parent=14158"}],"wp:term":[{"taxonomy":"category","embeddable":true,"href":"https:\/\/www.mpal.mp.br\/index.php?rest_route=%2Fwp%2Fv2%2Fcategories&post=14158"},{"taxonomy":"post_tag","embeddable":true,"href":"https:\/\/www.mpal.mp.br\/index.php?rest_route=%2Fwp%2Fv2%2Ftags&post=14158"}],"curies":[{"name":"wp","href":"https:\/\/api.w.org\/{rel}","templated":true}]}}