{"id":14128,"date":"2006-08-07T11:45:28","date_gmt":"2006-08-07T14:45:28","guid":{"rendered":"https:\/\/www.mpal.mp.br\/?p=14128"},"modified":"2022-07-28T11:46:05","modified_gmt":"2022-07-28T14:46:05","slug":"semana-de-museus-movimenta-memorial","status":"publish","type":"post","link":"https:\/\/www.mpal.mp.br\/?p=14128","title":{"rendered":"Semana de Museus movimenta Memorial"},"content":{"rendered":"<p style=\"text-align: justify;\"><span style=\"font-size: 14pt;\">O Memorial Desembargador H\u00e9lio Cabral do Minist\u00e9rio P\u00fablico do Estado de alagoas, vai se integrar \u00e0 \u201cSemana Nacional dos Museus 2006 \u2013 Museus e o P\u00fablico Jovem\u201d, promovido pelo Minist\u00e9rio da Cultura e Instituto do Patrim\u00f4nio Hist\u00f3rico e Art\u00edstico Nacional (IPHAN), abrindo espa\u00e7o para atividades culturais e educativas no per\u00edodo de 15 a 19 de maio. De acordo com a Promotora de Justi\u00e7a K\u00edcia Cabral, Curadora do Memorial, os interessados podem se inscrever, gratuitamente, at\u00e9 5 de maio, na sede do Memorial, que funciona na sede da Procuradoria Geral de Justi\u00e7a, das 13 \u00e0s 18 horas, de segunda a sexta-feira.<\/span><\/p>\n<p><span style=\"font-size: 14pt;\">Programa\u00e7\u00e3o: Solenidade de abertura Procurador-Geral de Justi\u00e7a Coaracy Fonseca Dia 15\/015, \u00e0s 15 horas, no audit\u00f3rio da Procuradoria-Geral de Justi\u00e7a \u2013 PGJ (5\u00ba andar).<\/span><\/p>\n<p><span style=\"font-size: 14pt;\">Exposi\u00e7\u00f5es, de 15\/05 a 19\/05, das 14 \u00e0s 18 horas, no audit\u00f3rio da PGJ (5\u00ba andar). Ateli\u00ea Achiles Escobar \u201cArte e Conhecimento\u201d (bonecos em papietagem e papel mach\u00ea). Projeto \u201cCamale\u00e3o\u201d, da Associa\u00e7\u00e3o Alagoas. Presente! (mosaicos de res\u00edduos s\u00f3lidos). Projeto Brejal \u201carte Transformando Vidas\u201d (bonecas de retalhos).<\/span><\/p>\n<p><span style=\"font-size: 14pt;\">Palestras: \u201cDireitos e Deveres da Crian\u00e7a e do Adolescente\u201d &#8211; Promotor de Justi\u00e7a Ubirajara Ramos. No dia 16\/05, das 14:30 \u00e0s 16 horas, no audit\u00f3rio da PGJ (5\u00ba andar). \u201cO Meio Ambiente Cultural e o Tombamento como Recurso de Prote\u00e7\u00e3o\u201d &#8211; Promotor de Justi\u00e7a Francisco Augusto Ten\u00f3rio de Albuquerque. Dia 18\/05, das 15 \u00e0s 16:30 horas, no audit\u00f3rio da PGJ (5\u00ba andar). Visita\u00e7\u00e3o p\u00fablica e guiada ao Memorial: Dia 16\/05, das 13 \u00e0s 18 horas.<\/span><\/p>\n","protected":false},"excerpt":{"rendered":"<p> [&hellip;]<\/p>\n","protected":false},"author":5,"featured_media":14129,"comment_status":"open","ping_status":"open","sticky":false,"template":"","format":"standard","meta":{"om_disable_all_campaigns":false,"_monsterinsights_skip_tracking":false,"_monsterinsights_sitenote_active":false,"_monsterinsights_sitenote_note":"","_monsterinsights_sitenote_category":0,"_uf_show_specific_survey":0,"_uf_disable_surveys":false,"footnotes":""},"categories":[2],"tags":[],"class_list":["post-14128","post","type-post","status-publish","format-standard","has-post-thumbnail","hentry","category-not_mpal"],"aioseo_notices":[],"_links":{"self":[{"href":"https:\/\/www.mpal.mp.br\/index.php?rest_route=\/wp\/v2\/posts\/14128","targetHints":{"allow":["GET"]}}],"collection":[{"href":"https:\/\/www.mpal.mp.br\/index.php?rest_route=\/wp\/v2\/posts"}],"about":[{"href":"https:\/\/www.mpal.mp.br\/index.php?rest_route=\/wp\/v2\/types\/post"}],"author":[{"embeddable":true,"href":"https:\/\/www.mpal.mp.br\/index.php?rest_route=\/wp\/v2\/users\/5"}],"replies":[{"embeddable":true,"href":"https:\/\/www.mpal.mp.br\/index.php?rest_route=%2Fwp%2Fv2%2Fcomments&post=14128"}],"version-history":[{"count":2,"href":"https:\/\/www.mpal.mp.br\/index.php?rest_route=\/wp\/v2\/posts\/14128\/revisions"}],"predecessor-version":[{"id":14131,"href":"https:\/\/www.mpal.mp.br\/index.php?rest_route=\/wp\/v2\/posts\/14128\/revisions\/14131"}],"wp:featuredmedia":[{"embeddable":true,"href":"https:\/\/www.mpal.mp.br\/index.php?rest_route=\/wp\/v2\/media\/14129"}],"wp:attachment":[{"href":"https:\/\/www.mpal.mp.br\/index.php?rest_route=%2Fwp%2Fv2%2Fmedia&parent=14128"}],"wp:term":[{"taxonomy":"category","embeddable":true,"href":"https:\/\/www.mpal.mp.br\/index.php?rest_route=%2Fwp%2Fv2%2Fcategories&post=14128"},{"taxonomy":"post_tag","embeddable":true,"href":"https:\/\/www.mpal.mp.br\/index.php?rest_route=%2Fwp%2Fv2%2Ftags&post=14128"}],"curies":[{"name":"wp","href":"https:\/\/api.w.org\/{rel}","templated":true}]}}