{"id":14123,"date":"2012-10-10T11:43:47","date_gmt":"2012-10-10T14:43:47","guid":{"rendered":"https:\/\/www.mpal.mp.br\/?p=14123"},"modified":"2022-07-28T11:44:29","modified_gmt":"2022-07-28T14:44:29","slug":"palestra-reune-criancas-adolescentes-e-idosos-no-mp","status":"publish","type":"post","link":"https:\/\/www.mpal.mp.br\/?p=14123","title":{"rendered":"Palestra re\u00fane crian\u00e7as, adolescentes e idosos no MP"},"content":{"rendered":"<p style=\"text-align: justify;\"><span style=\"font-size: 14pt;\">O Minist\u00e9rio P\u00fablico de Alagoas promoveu durante toda a tarde desta ter\u00e7a-feira, a palestra &#8220;Da Menor a Melhor Idade&#8221;, com o promotor de Justi\u00e7a Ubirajara Ramos, coordenador do N\u00facleo de Defesa da Inf\u00e2ncia e Juventude. Organizado pelo Memorial Desembargador H\u00e9lio Cabral, o evento possibilitou a intera\u00e7\u00e3o entre crian\u00e7as e adolescentes da Escola Municipal Maria Petrolina de Gouveia e idosos do Grupo Educa\u00e7\u00e3o Jovens e Adultos (EJA), todos do munic\u00edpio de Marechal.<\/span><\/p>\n<p style=\"text-align: justify;\"><span style=\"font-size: 14pt;\">\u201cDa mesma forma que \u00e9 preciso proteger as crian\u00e7as e os adolescentes, \u00e9 preciso proteger os idosos\u201d, destacou o palestrante, que interagiu com o p\u00fablico tirando d\u00favidas sobre direitos fundamentais, com base nos Estatutos da Crian\u00e7a e Adolescente (ECA) e do Idoso.<\/span><\/p>\n<p style=\"text-align: justify;\"><span style=\"font-size: 14pt;\">Para a nova gera\u00e7\u00e3o, Ramos enfatizou que por tr\u00e1s de todo direito h\u00e1 uma responsabilidade. \u201cVoc\u00eas t\u00eam direito de freq\u00fcentar a escola, mas, se forem reprovados, voc\u00eas v\u00e3o ser criticados e n\u00e3o v\u00e3o poder se profissionalizar\u201d, alertou, acrescentando que os estudantes tamb\u00e9m t\u00eam obriga\u00e7\u00e3o de preservar sua escola.<\/span><\/p>\n<p style=\"text-align: justify;\"><span style=\"font-size: 14pt;\">O representante do MP fez quest\u00e3o de lembrar que idosos tamb\u00e9m t\u00eam direito \u00e0 educa\u00e7\u00e3o. \u201cO acesso ao conhecimento \u00e9 fundamental e nunca \u00e9 tarde para saber quais s\u00e3o os nossos direitos\u201d, destacou Ramos.<\/span><\/p>\n<p style=\"text-align: justify;\"><span style=\"font-size: 14pt;\">Ap\u00f3s a palestra, o procurador-geral de Justi\u00e7a substituto, Luciano Chagas, entregou certificados e brindes aos participantes. \u201cQuero parabeniz\u00e1-los pela iniciativa de conhecer o Minist\u00e9rio P\u00fablico, que \u00e9 uma institui\u00e7\u00e3o que defende o povo. Tamb\u00e9m quero parabenizar dona Geruza, que aos 72 anos, est\u00e1 estudando o ensino fundamental no EJA. Sigam o exemplo dela!\u201d, aconselhou Chagas aos estudantes.<\/span><\/p>\n<p style=\"text-align: justify;\"><span style=\"font-size: 14pt;\">Os participantes receberam ainda cartilhas educativas sobre o Minist\u00e9rio P\u00fablico e sobre preven\u00e7\u00e3o \u00e0s drogas. Ap\u00f3s a palestra eles participaram de uma visita guiada ao Memorial Desembargador H\u00e9lio Cabral.<\/span><\/p>\n","protected":false},"excerpt":{"rendered":"<p> [&hellip;]<\/p>\n","protected":false},"author":5,"featured_media":14124,"comment_status":"open","ping_status":"open","sticky":false,"template":"","format":"standard","meta":{"om_disable_all_campaigns":false,"_monsterinsights_skip_tracking":false,"_monsterinsights_sitenote_active":false,"_monsterinsights_sitenote_note":"","_monsterinsights_sitenote_category":0,"_uf_show_specific_survey":0,"_uf_disable_surveys":false,"footnotes":""},"categories":[2],"tags":[],"class_list":["post-14123","post","type-post","status-publish","format-standard","has-post-thumbnail","hentry","category-not_mpal"],"aioseo_notices":[],"_links":{"self":[{"href":"https:\/\/www.mpal.mp.br\/index.php?rest_route=\/wp\/v2\/posts\/14123","targetHints":{"allow":["GET"]}}],"collection":[{"href":"https:\/\/www.mpal.mp.br\/index.php?rest_route=\/wp\/v2\/posts"}],"about":[{"href":"https:\/\/www.mpal.mp.br\/index.php?rest_route=\/wp\/v2\/types\/post"}],"author":[{"embeddable":true,"href":"https:\/\/www.mpal.mp.br\/index.php?rest_route=\/wp\/v2\/users\/5"}],"replies":[{"embeddable":true,"href":"https:\/\/www.mpal.mp.br\/index.php?rest_route=%2Fwp%2Fv2%2Fcomments&post=14123"}],"version-history":[{"count":1,"href":"https:\/\/www.mpal.mp.br\/index.php?rest_route=\/wp\/v2\/posts\/14123\/revisions"}],"predecessor-version":[{"id":14125,"href":"https:\/\/www.mpal.mp.br\/index.php?rest_route=\/wp\/v2\/posts\/14123\/revisions\/14125"}],"wp:featuredmedia":[{"embeddable":true,"href":"https:\/\/www.mpal.mp.br\/index.php?rest_route=\/wp\/v2\/media\/14124"}],"wp:attachment":[{"href":"https:\/\/www.mpal.mp.br\/index.php?rest_route=%2Fwp%2Fv2%2Fmedia&parent=14123"}],"wp:term":[{"taxonomy":"category","embeddable":true,"href":"https:\/\/www.mpal.mp.br\/index.php?rest_route=%2Fwp%2Fv2%2Fcategories&post=14123"},{"taxonomy":"post_tag","embeddable":true,"href":"https:\/\/www.mpal.mp.br\/index.php?rest_route=%2Fwp%2Fv2%2Ftags&post=14123"}],"curies":[{"name":"wp","href":"https:\/\/api.w.org\/{rel}","templated":true}]}}