{"id":14120,"date":"2013-06-03T11:42:28","date_gmt":"2013-06-03T14:42:28","guid":{"rendered":"https:\/\/www.mpal.mp.br\/?p=14120"},"modified":"2022-07-28T11:43:39","modified_gmt":"2022-07-28T14:43:39","slug":"memorial-desembargador-helio-cabral-do-mpe-de-alagoas-sera-reaberto-ao-publico","status":"publish","type":"post","link":"https:\/\/www.mpal.mp.br\/?p=14120","title":{"rendered":"Memorial Desembargador H\u00e9lio Cabral do MPE de Alagoas ser\u00e1 reaberto ao p\u00fablico"},"content":{"rendered":"<p style=\"text-align: justify;\"><span style=\"font-size: 14pt;\">O Minist\u00e9rio P\u00fablico do Estado de Alagoas reativar\u00e1 no in\u00edcio do segundo semestre sua institui\u00e7\u00e3o museol\u00f3gica. A decis\u00e3o foi do procurador-geral de Justi\u00e7a, S\u00e9rgio Juc\u00e1, ap\u00f3s reuni\u00e3o com a curadora do espa\u00e7o cultural, a Promotora de Justi\u00e7a K\u00edcia Oliveira Cabral de Vasconcelos. O memorial ficar\u00e1 aberto ao p\u00fablico de segunda a sexta-feira, das 8h \u00e0s 13h, na sede da Procuradoria Geral de Justi\u00e7a, na Rua Pedro Jorge Melo e Silva, 79, Po\u00e7o.<\/span><\/p>\n<p style=\"text-align: justify;\"><span style=\"font-size: 14pt;\">O visitante ir\u00e1 conhecer a hist\u00f3ria do Minist\u00e9rio P\u00fablico no Estado de Alagoas a partir de registros e documentos hist\u00f3ricos, fotografias e objetos que retratam a hist\u00f3ria Institucional, a de Procuradores-Gerais de Justi\u00e7a e de Promotores de Justi\u00e7a, coletados e\/ou doados por membros ou familiares daqueles que constru\u00edram a institui\u00e7\u00e3o ao longo de d\u00e9cadas.<\/span><\/p>\n<p style=\"text-align: justify;\"><span style=\"font-size: 14pt;\">O Memorial Desembargador H\u00e9lio Cabral do Minist\u00e9rio P\u00fablico do Estado de Alagoas apresenta a vida e obra de seu patrono, o Promotor de Justi\u00e7a e Desembargador H\u00e9lio Rocha Cabral de Vasconcelos, que por mais de trinta anos foi um representante do Minist\u00e9rio P\u00fablico junto ao Tribunal de Justi\u00e7a do Estado de Alagoas. O Promotor de Justi\u00e7a H\u00e9lio Cabral foi o segundo membro do Minist\u00e9rio P\u00fablico de Alagoas a integrar o Tribunal pelo 5\u00ba Constitucional, logo ap\u00f3s a morte do Promotor de Justi\u00e7a Antero Montenegro, que faleceu trinta dias depois de se tornar Desembargador.<\/span><\/p>\n<p style=\"text-align: justify;\"><span style=\"font-size: 14pt;\"><strong>Projetos<\/strong><\/span><\/p>\n<p style=\"text-align: justify;\"><span style=\"font-size: 14pt;\">A curadora da institui\u00e7\u00e3o, Kicia Cabral, afirma que o Memorial \u00e9 um espa\u00e7o cultural de reflex\u00e3o e debate da comunidade. A democratiza\u00e7\u00e3o deste espa\u00e7o de cultura e educa\u00e7\u00e3o visa promover a\u00e7\u00f5es que o dinamizem e que possa cumprir esta rela\u00e7\u00e3o profunda entre o homem, sujeito que conhece, e objeto, testemunho da realidade. Kicia Cabral enfatiza: \u201cO espa\u00e7o receber\u00e1 exposi\u00e7\u00f5es, lan\u00e7amentos de livros, palestras, concursos culturais e visita de estudantes. Queremos retomar nessa nova fase os projetos Promotor de Justi\u00e7a Mirim e A Escola vai ao MP e ao Memorial para que crian\u00e7as e adolescentes procurem a nossa institui\u00e7\u00e3o e conhe\u00e7am melhor os direitos garantidos por lei em benef\u00edcio deles. \u00c9 uma forma de trabalhar a cidadania junto aos jovens desde cedo\u201d, explicou a Promotora e Curadora.<\/span><\/p>\n<p style=\"text-align: justify;\"><span style=\"font-size: 14pt;\">Embora esteja sendo reestruturado para abertura ao p\u00fablico, o Memorial recebeu no dia 15 de maio um grupo de estudantes de Direito da Faculdade Integrada Tiradentes (Fits), em visita \u00e0 Procuradoria Geral de Justi\u00e7a. A Curadora vem atendendo ao pedido de registros e informa\u00e7\u00f5es do pesquisador Francisco Reynaldo Amorim de Barros, autor do livro ABC de Alagoas, que trabalha para a 2\u00aa edi\u00e7\u00e3o, atualizando e ampliando a obra em dois volumes. Alguns membros do Minist\u00e9rio P\u00fablico ter\u00e3o registrados sua vida e obra em um verbete na publica\u00e7\u00e3o. O lan\u00e7amento da nova edi\u00e7\u00e3o est\u00e1 previsto para 2013.<\/span><\/p>\n<p style=\"text-align: justify;\"><span style=\"font-size: 14pt;\"><strong>Hist\u00f3ria<\/strong><\/span><\/p>\n<p style=\"text-align: justify;\"><span style=\"font-size: 14pt;\">O Memorial Desembargador H\u00e9lio Cabral do Minist\u00e9rio P\u00fablico do Estado de Alagoas foi institu\u00eddo pela Resolu\u00e7\u00e3o n\u00ba 004\/99, de 7 de outubro de 1999, da Procuradoria Geral de Justi\u00e7a, na gest\u00e3o do Procurador-Geral Lean Ant\u00f4nio Ferreira de Ara\u00fajo, que, de acordo com a Promotora de Justi\u00e7a Kicia Cabral, \u201cteve uma sensibilidade muito grande em rela\u00e7\u00e3o \u00e0 mem\u00f3ria e pesquisa do Minist\u00e9rio P\u00fablico do Estado de Alagoas. Sensibilidade esta que o atual Procurador-Geral de Justi\u00e7a S\u00e9rgio Rocha Cavalcanti Juc\u00e1 tamb\u00e9m nos oferece neste momento com a reabertura do Memorial\u201d.<\/span><\/p>\n<p style=\"text-align: justify;\"><span style=\"font-size: 14pt;\">A inaugura\u00e7\u00e3o do Memorial ocorreu no dia 31 de mar\u00e7o de 2000. Dois anos depois, o Conselho Estadual de Cultura tombou o espa\u00e7o como patrim\u00f4nio cultural de Alagoas. S\u00e3o finalidades o de realizar um levantamento hist\u00f3rico do MP\/AL, preservar a mem\u00f3ria do Minist\u00e9rio P\u00fablico em Alagoas, formar um acervo permanente e inventari\u00e1-lo. Tamb\u00e9m compete ao memorial estimular e inter-relacionar atividades de institui\u00e7\u00f5es culturais, no resgate da mem\u00f3ria da institui\u00e7\u00e3o, al\u00e9m da conscientiza\u00e7\u00e3o social para a pesquisa, conserva\u00e7\u00e3o e restaura\u00e7\u00e3o do patrim\u00f4nio ministerial.<\/span><\/p>\n","protected":false},"excerpt":{"rendered":"<p> [&hellip;]<\/p>\n","protected":false},"author":5,"featured_media":14118,"comment_status":"open","ping_status":"open","sticky":false,"template":"","format":"standard","meta":{"om_disable_all_campaigns":false,"_monsterinsights_skip_tracking":false,"_monsterinsights_sitenote_active":false,"_monsterinsights_sitenote_note":"","_monsterinsights_sitenote_category":0,"_uf_show_specific_survey":0,"_uf_disable_surveys":false,"footnotes":""},"categories":[2],"tags":[],"class_list":["post-14120","post","type-post","status-publish","format-standard","has-post-thumbnail","hentry","category-not_mpal"],"aioseo_notices":[],"_links":{"self":[{"href":"https:\/\/www.mpal.mp.br\/index.php?rest_route=\/wp\/v2\/posts\/14120","targetHints":{"allow":["GET"]}}],"collection":[{"href":"https:\/\/www.mpal.mp.br\/index.php?rest_route=\/wp\/v2\/posts"}],"about":[{"href":"https:\/\/www.mpal.mp.br\/index.php?rest_route=\/wp\/v2\/types\/post"}],"author":[{"embeddable":true,"href":"https:\/\/www.mpal.mp.br\/index.php?rest_route=\/wp\/v2\/users\/5"}],"replies":[{"embeddable":true,"href":"https:\/\/www.mpal.mp.br\/index.php?rest_route=%2Fwp%2Fv2%2Fcomments&post=14120"}],"version-history":[{"count":1,"href":"https:\/\/www.mpal.mp.br\/index.php?rest_route=\/wp\/v2\/posts\/14120\/revisions"}],"predecessor-version":[{"id":14122,"href":"https:\/\/www.mpal.mp.br\/index.php?rest_route=\/wp\/v2\/posts\/14120\/revisions\/14122"}],"wp:featuredmedia":[{"embeddable":true,"href":"https:\/\/www.mpal.mp.br\/index.php?rest_route=\/wp\/v2\/media\/14118"}],"wp:attachment":[{"href":"https:\/\/www.mpal.mp.br\/index.php?rest_route=%2Fwp%2Fv2%2Fmedia&parent=14120"}],"wp:term":[{"taxonomy":"category","embeddable":true,"href":"https:\/\/www.mpal.mp.br\/index.php?rest_route=%2Fwp%2Fv2%2Fcategories&post=14120"},{"taxonomy":"post_tag","embeddable":true,"href":"https:\/\/www.mpal.mp.br\/index.php?rest_route=%2Fwp%2Fv2%2Ftags&post=14120"}],"curies":[{"name":"wp","href":"https:\/\/api.w.org\/{rel}","templated":true}]}}