{"id":14112,"date":"2013-08-03T11:40:22","date_gmt":"2013-08-03T14:40:22","guid":{"rendered":"https:\/\/www.mpal.mp.br\/?p=14112"},"modified":"2022-07-28T11:41:37","modified_gmt":"2022-07-28T14:41:37","slug":"mp-al-participa-de-iv-encontro-nacional-de-memoriais-do-ministerio-publico","status":"publish","type":"post","link":"https:\/\/www.mpal.mp.br\/?p=14112","title":{"rendered":"MP\/AL participa de IV Encontro Nacional de Memoriais do Minist\u00e9rio P\u00fablico"},"content":{"rendered":"<p style=\"text-align: justify;\"><span style=\"font-size: 14pt;\">Em atendimento ao convite do Minist\u00e9rio P\u00fablico de Minas Gerais o Procurador-Geral de Justi\u00e7a, Dr. S\u00e9rgio Juc\u00e1 e a Curadora do Memorial Desembargador H\u00e9lio Cabral do Minist\u00e9rio P\u00fablico do Estado de Alagoas, Dra. K\u00edcia Oliveira Cabral de Vasconcellos, indicaram a coordenadora do Memorial, Gisela Pfau, para representar a institui\u00e7\u00e3o no IV Encontro Nacional de Memoriais do Minist\u00e9rio P\u00fablico, a realizar-se nos dias 22 e 23 de agosto corrente, no Sal\u00e3o Vermelho da Procuradoria-Geral de Justi\u00e7a, em Belo Horizonte \u2013 MG.<\/span><\/p>\n<p style=\"text-align: justify;\"><span style=\"font-size: 14pt;\">Com objetivo de apresentar e debater quest\u00f5es relacionadas \u00e0 gest\u00e3o cultural, com foco na defesa e prote\u00e7\u00e3o do patrim\u00f4nio hist\u00f3rico e documental, esta a\u00e7\u00e3o educacional ser\u00e1 destinado a membros e servidores do Minist\u00e9rio P\u00fablico de todo o Pa\u00eds.<\/span><\/p>\n<p style=\"text-align: justify;\"><span style=\"font-size: 14pt;\">Tr\u00eas representantes de Memoriais do Minist\u00e9rio P\u00fablico foram convidados a apresentar suas experi\u00eancias, e o Memorial Desembargador H\u00e9lio Cabral do Minist\u00e9rio P\u00fablico de Alagoas ter\u00e1 20 minutos para relatar sua trajet\u00f3ria e seus projetos, a exemplo do SCAM8, bem como, se candidatar\u00e1 para sediar o IV Encontro Nacional de Memoriais do Minist\u00e9rio P\u00fablico.<\/span><\/p>\n","protected":false},"excerpt":{"rendered":"<p> [&hellip;]<\/p>\n","protected":false},"author":5,"featured_media":14113,"comment_status":"open","ping_status":"open","sticky":false,"template":"","format":"standard","meta":{"om_disable_all_campaigns":false,"_monsterinsights_skip_tracking":false,"_monsterinsights_sitenote_active":false,"_monsterinsights_sitenote_note":"","_monsterinsights_sitenote_category":0,"_uf_show_specific_survey":0,"_uf_disable_surveys":false,"footnotes":""},"categories":[2],"tags":[],"class_list":["post-14112","post","type-post","status-publish","format-standard","has-post-thumbnail","hentry","category-not_mpal"],"aioseo_notices":[],"_links":{"self":[{"href":"https:\/\/www.mpal.mp.br\/index.php?rest_route=\/wp\/v2\/posts\/14112","targetHints":{"allow":["GET"]}}],"collection":[{"href":"https:\/\/www.mpal.mp.br\/index.php?rest_route=\/wp\/v2\/posts"}],"about":[{"href":"https:\/\/www.mpal.mp.br\/index.php?rest_route=\/wp\/v2\/types\/post"}],"author":[{"embeddable":true,"href":"https:\/\/www.mpal.mp.br\/index.php?rest_route=\/wp\/v2\/users\/5"}],"replies":[{"embeddable":true,"href":"https:\/\/www.mpal.mp.br\/index.php?rest_route=%2Fwp%2Fv2%2Fcomments&post=14112"}],"version-history":[{"count":2,"href":"https:\/\/www.mpal.mp.br\/index.php?rest_route=\/wp\/v2\/posts\/14112\/revisions"}],"predecessor-version":[{"id":14116,"href":"https:\/\/www.mpal.mp.br\/index.php?rest_route=\/wp\/v2\/posts\/14112\/revisions\/14116"}],"wp:featuredmedia":[{"embeddable":true,"href":"https:\/\/www.mpal.mp.br\/index.php?rest_route=\/wp\/v2\/media\/14113"}],"wp:attachment":[{"href":"https:\/\/www.mpal.mp.br\/index.php?rest_route=%2Fwp%2Fv2%2Fmedia&parent=14112"}],"wp:term":[{"taxonomy":"category","embeddable":true,"href":"https:\/\/www.mpal.mp.br\/index.php?rest_route=%2Fwp%2Fv2%2Fcategories&post=14112"},{"taxonomy":"post_tag","embeddable":true,"href":"https:\/\/www.mpal.mp.br\/index.php?rest_route=%2Fwp%2Fv2%2Ftags&post=14112"}],"curies":[{"name":"wp","href":"https:\/\/api.w.org\/{rel}","templated":true}]}}