{"id":14106,"date":"2014-02-05T11:37:56","date_gmt":"2014-02-05T13:37:56","guid":{"rendered":"https:\/\/www.mpal.mp.br\/?p=14106"},"modified":"2022-07-28T11:38:31","modified_gmt":"2022-07-28T14:38:31","slug":"apos-revitalizacao-memorial-desembargador-helio-cabral-reabrira-suas-portas-na-proxima-sexta-feira","status":"publish","type":"post","link":"https:\/\/www.mpal.mp.br\/?p=14106","title":{"rendered":"Ap\u00f3s revitaliza\u00e7\u00e3o, Memorial Desembargador H\u00e9lio Cabral reabrir\u00e1 suas portas na pr\u00f3xima sexta-feira"},"content":{"rendered":"<p style=\"text-align: justify;\"><span style=\"font-size: 14pt;\">O Minist\u00e9rio P\u00fablico do Estado de Alagoas revitalizou o Memorial Desembargador H\u00e9lio Cabral e, na pr\u00f3xima sexta-feira (07), \u00e0s 19h, reabre suas portas, durante solenidade que dever\u00e1 contar com personalidades e autoridades de todos os Poderes. Localizado na sede da Procuradoria Geral Justi\u00e7a, situada \u00e0 Rua Pedro Jorge Melo e Silva, n\u00b0 79, no Po\u00e7o, o Memorial, ap\u00f3s a revitaliza\u00e7\u00e3o, trar\u00e1 de volta projetos de incentivo \u00e0 cultura ao MPE\/AL.<\/span><\/p>\n<p style=\"text-align: justify;\"><span style=\"font-size: 14pt;\">A ideia de revitalizar o espa\u00e7o foi de iniciativa do procurador-geral de Justi\u00e7a, S\u00e9rgio Juc\u00e1, que contou com o apoio da curadora do Memorial, a promotora de Justi\u00e7a K\u00edcia Oliveira Cabral de Vasconcelos, na coordena\u00e7\u00e3o da atividade.<\/span><\/p>\n<p style=\"text-align: justify;\"><span style=\"font-size: 14pt;\">O Memorial Desembargador H\u00e9lio Cabral vai funcionar como guardi\u00e3o da hist\u00f3ria da institui\u00e7\u00e3o, haja vista que, a partir de registros, documentos hist\u00f3ricos, fotografias e pe\u00e7as museol\u00f3gicas, \u00e9 narrada a hist\u00f3ria de procuradores-gerais de Justi\u00e7a, procuradores e promotores de Justi\u00e7a que ajudaram a construir a imagem do MPE\/AL ao longo de d\u00e9cadas.<\/span><\/p>\n<p style=\"text-align: justify;\"><span style=\"font-size: 14pt;\">Dentro do espa\u00e7o, o visitante tamb\u00e9m \u00e9 convidado a conhecer a s\u00edntese cronol\u00f3gica do MPE\/AL , a vida e a obra de seus membros e a hist\u00f3ria do seu patrono, o desembargador H\u00e9lio Rocha Cabral de Vasconcelos. Por mais de 30 anos ele foi representante do Minist\u00e9rio P\u00fablico Estadual junto ao Tribunal de Justi\u00e7a do Estado de Alagoas e, na hist\u00f3ria do MPE\/AL, foi o segundo membro da institui\u00e7\u00e3o a integrar o TJ\/AL pelo 5\u00ba Constitucional, logo ap\u00f3s a morte do promotor de Justi\u00e7a Antero Montenegro, que faleceu trinta dias depois de se tornar desembargador.<\/span><\/p>\n<p style=\"text-align: justify;\"><span style=\"font-size: 14pt;\"><strong>Projetos<\/strong><\/span><\/p>\n<p style=\"text-align: justify;\"><span style=\"font-size: 14pt;\">A curadora do Memorial, K\u00edcia Cabral, explicou que aquele ser\u00e1 um espa\u00e7o cultural de reflex\u00e3o e debate para a sociedade. \u201cA democratiza\u00e7\u00e3o do Memorial, que ser\u00e1 um lugar destino \u00e0 cultura e \u00e0 educa\u00e7\u00e3o, visa promover a\u00e7\u00f5es que o dinamizem e que possam cumprir essa rela\u00e7\u00e3o profunda entre o homem, sujeito que conhece, e objeto, testemunho da realidade. O espa\u00e7o receber\u00e1 exposi\u00e7\u00f5es, lan\u00e7amentos de livros, palestras, concursos culturais e visita de estudantes. Queremos retomar, nessa nova fase, os projetos &#8216;Promotor de Justi\u00e7a Mirim&#8217; e &#8216;A Escola vai ao MP e ao Memorial&#8217;. Nossa objetivo \u00e9 fazer com que crian\u00e7as e adolescentes procurem a nossa institui\u00e7\u00e3o e possam conhecer melhor os direitos garantidos por lei em benef\u00edcio deles. \u00c9 uma forma de trabalhar a cidadania junto ao p\u00fablico infanto-juvenil desde cedo\u201d, explicou a promotora de Justi\u00e7a.<\/span><\/p>\n<p style=\"text-align: justify;\"><span style=\"font-size: 14pt;\"><strong>Hist\u00f3ria<\/strong><\/span><\/p>\n<p style=\"text-align: justify;\"><span style=\"font-size: 14pt;\">O Memorial Desembargador H\u00e9lio Cabral, do Minist\u00e9rio P\u00fablico do Estado de Alagoas, foi institu\u00eddo pela Resolu\u00e7\u00e3o n\u00ba 004\/99, de 7 de outubro de 1999, da Procuradoria Geral de Justi\u00e7a, na gest\u00e3o do procurador-geral Lean Ant\u00f4nio Ferreira de Ara\u00fajo.<\/span><\/p>\n<p style=\"text-align: justify;\"><span style=\"font-size: 14pt;\">A inaugura\u00e7\u00e3o do Memorial ocorreu no dia 31 de mar\u00e7o de 2000. Dois anos depois, o Conselho Estadual de Cultura, por meio da Resolu\u00e7\u00e3o 001\/2002, tombou o espa\u00e7o como patrim\u00f4nio cultural de Alagoas.O tombamento foi homologado pelo governador Ronaldo Lessa, com o Decreto Executivo n\u00ba 570, de 13 de mar\u00e7o de 2002. A \u00e9poca, a equipe t\u00e9cnica do Memorial era formada pela muse\u00f3loga C\u00e9lia Regina Ferreira Paiva, o arquiteto Nelson Neto de Mendon\u00e7a Braga, a conservadora e restauradora Gisela Graciela Pfau e o historiador Romeu de Mello Moreira.<\/span><\/p>\n<p style=\"text-align: justify;\"><span style=\"font-size: 14pt;\">S\u00e3o atividades atribu\u00eddas ao Memorial promover levantamento hist\u00f3rico do MPE\/AL, preservar a mem\u00f3ria da institui\u00e7\u00e3o, manter seu acervo atualizado e inventari\u00e1-lo. Tamb\u00e9m compete ao Memorial estimular e inter-relacionar atividades com institui\u00e7\u00f5es culturais com a finalidade de resgate da mem\u00f3ria da \u00f3rg\u00e3o, al\u00e9m da conscientiza\u00e7\u00e3o social para a pesquisa, conserva\u00e7\u00e3o e restaura\u00e7\u00e3o do patrim\u00f4nio ministerial.<\/span><\/p>\n","protected":false},"excerpt":{"rendered":"<p> [&hellip;]<\/p>\n","protected":false},"author":5,"featured_media":14107,"comment_status":"open","ping_status":"open","sticky":false,"template":"","format":"standard","meta":{"om_disable_all_campaigns":false,"_monsterinsights_skip_tracking":false,"_monsterinsights_sitenote_active":false,"_monsterinsights_sitenote_note":"","_monsterinsights_sitenote_category":0,"_uf_show_specific_survey":0,"_uf_disable_surveys":false,"footnotes":""},"categories":[2],"tags":[],"class_list":["post-14106","post","type-post","status-publish","format-standard","has-post-thumbnail","hentry","category-not_mpal"],"aioseo_notices":[],"_links":{"self":[{"href":"https:\/\/www.mpal.mp.br\/index.php?rest_route=\/wp\/v2\/posts\/14106","targetHints":{"allow":["GET"]}}],"collection":[{"href":"https:\/\/www.mpal.mp.br\/index.php?rest_route=\/wp\/v2\/posts"}],"about":[{"href":"https:\/\/www.mpal.mp.br\/index.php?rest_route=\/wp\/v2\/types\/post"}],"author":[{"embeddable":true,"href":"https:\/\/www.mpal.mp.br\/index.php?rest_route=\/wp\/v2\/users\/5"}],"replies":[{"embeddable":true,"href":"https:\/\/www.mpal.mp.br\/index.php?rest_route=%2Fwp%2Fv2%2Fcomments&post=14106"}],"version-history":[{"count":1,"href":"https:\/\/www.mpal.mp.br\/index.php?rest_route=\/wp\/v2\/posts\/14106\/revisions"}],"predecessor-version":[{"id":14108,"href":"https:\/\/www.mpal.mp.br\/index.php?rest_route=\/wp\/v2\/posts\/14106\/revisions\/14108"}],"wp:featuredmedia":[{"embeddable":true,"href":"https:\/\/www.mpal.mp.br\/index.php?rest_route=\/wp\/v2\/media\/14107"}],"wp:attachment":[{"href":"https:\/\/www.mpal.mp.br\/index.php?rest_route=%2Fwp%2Fv2%2Fmedia&parent=14106"}],"wp:term":[{"taxonomy":"category","embeddable":true,"href":"https:\/\/www.mpal.mp.br\/index.php?rest_route=%2Fwp%2Fv2%2Fcategories&post=14106"},{"taxonomy":"post_tag","embeddable":true,"href":"https:\/\/www.mpal.mp.br\/index.php?rest_route=%2Fwp%2Fv2%2Ftags&post=14106"}],"curies":[{"name":"wp","href":"https:\/\/api.w.org\/{rel}","templated":true}]}}