{"id":14095,"date":"2014-02-10T11:17:45","date_gmt":"2014-02-10T13:17:45","guid":{"rendered":"https:\/\/www.mpal.mp.br\/?p=14095"},"modified":"2022-07-28T11:19:50","modified_gmt":"2022-07-28T14:19:50","slug":"memorial-desembargador-helio-cabral-ganha-revitalizacao-e-e-reaberto-ao-publico-de-alagoas","status":"publish","type":"post","link":"https:\/\/www.mpal.mp.br\/?p=14095","title":{"rendered":"Memorial Desembargador H\u00e9lio Cabral ganha revitaliza\u00e7\u00e3o e \u00e9 reaberto ao p\u00fablico de Alagoas"},"content":{"rendered":"<p style=\"text-align: justify;\"><span style=\"font-size: 14pt;\">J\u00e1 est\u00e1 de portas abertas o Memorial Desembargador H\u00e9lio Cabral, a unidade museol\u00f3gica do Minist\u00e9rio P\u00fablico do Estado de Alagoas. Depois de um processo de revitaliza\u00e7\u00e3o durante o ano de 2013, nessa sexta-feira (07), ele foi reinaugurado. A solenidade contou com a presen\u00e7a de membros do MPE\/AL, autoridades e personalidades ligadas a cultura no Estado. A ideia de revitalizar o espa\u00e7o foi de iniciativa do procurador-geral de Justi\u00e7a, S\u00e9rgio Juc\u00e1, que contou com o apoio da curadora do Memorial, a promotora de Justi\u00e7a K\u00edcia Oliveira Cabral de Vasconcellos, na coordena\u00e7\u00e3o da atividade.<\/span><\/p>\n<p style=\"text-align: justify;\"><span style=\"font-size: 14pt;\">\u201cO Minist\u00e9rio P\u00fablico Estadual vela pela sua mem\u00f3ria. N\u00e3o esquece daqueles que fizeram parte da hist\u00f3ria da institui\u00e7\u00e3o. Ao assumir a Procuradoria Geral de Justi\u00e7a, lutamos para que a revitaliza\u00e7\u00e3o do memorial se tornasse realidade. Hoje entregamos aos membros, aos servidores e \u00e0 sociedade alagoana um espa\u00e7o rico em hist\u00f3ria e que permitir\u00e1 a todos uma maior familiariza\u00e7\u00e3o com a nossa institui\u00e7\u00e3o. Que o Memorial seja perene por 10, 40, 50 anos. \u00c9 o nosso legado para a popula\u00e7\u00e3o do Estado. Ao ingressar neste recinto, voc\u00eas v\u00e3o conhecer os vultos da hist\u00f3ria do Minist\u00e9rio P\u00fablico, como a do procurador de Justi\u00e7a aposentado, vice-governador Thomaz Non\u00f4, que, tal como tantos outros bravos membros desta Casa, trabalhou com voca\u00e7\u00e3o e idealismo para fazer justi\u00e7a em nome da lei, que \u00e9 a nossa miss\u00e3o. Parabenizamos, em especial, o ex-procurador-geral de Justi\u00e7a, Lean Ara\u00fajo, a fam\u00edlia Pfau e a promotora K\u00edcia Cabral, curadora do Memorial e tamb\u00e9m filha do desembargador H\u00e9lico Cabral, um homem de estirpe e que deixou saudades\u201d, declarou o chefe do MPE\/AL, S\u00e9rgio Juc\u00e1.<\/span><\/p>\n<p style=\"text-align: justify;\"><span style=\"font-size: 14pt;\">\u201cQuando inauguramos o memorial em 1999, contamos com a participa\u00e7\u00e3o de todos os integrantes do Minist\u00e9rio P\u00fablico do Estado de Alagoas no resgate da hist\u00f3ria desta Casa. At\u00e9 porque est\u00e1vamos h\u00e1 apenas 10 anos da promulga\u00e7\u00e3o da Constitui\u00e7\u00e3o Federal, um momento dif\u00edcil de consolida\u00e7\u00e3o, em que brig\u00e1vamos pela nossa autonomia financeira e or\u00e7ament\u00e1ria. Ent\u00e3o, a cria\u00e7\u00e3o do Memorial passava a ser fundamental para resgatar a trajet\u00f3ria do Minist\u00e9rio P\u00fablico no estado e, junto com ela, seu valor. O memorial permite relembrar os atos da institui\u00e7\u00e3o do passado e, assim, redimensionar as a\u00e7\u00f5es presentes, tanto da gera\u00e7\u00e3o atual quanto do futuro. Lembro-me dos estudantes da rede p\u00fablica estadual que costumavam a frequentar o espa\u00e7o no final do anos 1990 e in\u00edcio dos anos 2000. J\u00e1 era uma forma de aproximar os pequenos cidad\u00e3os do MPE\/AL, facilitando a compreens\u00e3o do que significa esta unidade ministerial\u201d, recordou Lean Ara\u00fajo, procurador de Justi\u00e7a.<\/span><\/p>\n<p style=\"text-align: justify;\"><span style=\"font-size: 14pt;\">O vice-governador de Alagoas, procurador de Justi\u00e7a aposentado Jos\u00e9 Thom\u00e1s Non\u00f4, prestigiou a solenidade e n\u00e3o poupou elogios ao Minist\u00e9rio P\u00fablico Estadual. \u201c\u00c9 uma grata satisfa\u00e7\u00e3o estar de volta \u00e0 minha casa e ver que o memorial perpetua a hist\u00f3ria dessa institui\u00e7\u00e3o que, atrav\u00e9s de muito trabalho, esfor\u00e7o e dedica\u00e7\u00e3o, conquistou o respeito da sociedade. O MPE\/AL tem servi\u00e7os extraordin\u00e1rios prestados e \u00e9 o \u00f3rg\u00e3o que defende os direitos difusos e coletivos do povo. Ultimamente se comentou que o Minist\u00e9rio P\u00fablico teria poder demais. Mas, eu diria o contr\u00e1rio. Ele tem \u00e9 poder de menos. Quem \u00e9 que defende o desvalido? Quem \u00e9 que socorre o desassistido? Quem move a\u00e7\u00f5es contra os poderosos que cometem crimes? \u00c9 por isso que tenho orgulho de fazer parte da institui\u00e7\u00e3o\u201d, disse ele.<\/span><\/p>\n<p style=\"text-align: justify;\"><span style=\"font-size: 14pt;\">\u201cQuero esclarecer que este memorial, um bem do Minist\u00e9rio P\u00fablico do Estado de Alagoas e que tem o meu pai \u2013 H\u00e9lio Cabral &#8211; como patrono, \u00e9 um reposit\u00f3rio da hist\u00f3ria do MPE\/AL. Hist\u00f3ria essa que desejamos e vamos ampliar atrav\u00e9s do registro da atua\u00e7\u00e3o de seus procuradores, promotores e servidores. Como diria Oswaldo de Ara\u00fajo Soares, presidente do Ibram &#8211; Instituto Brasileiro de Museus -, um museu \u00e9 o lugar em que sensa\u00e7\u00f5es, ideias e imagens de pronto irradiadas por objetos e referenciais ali reunidos iluminam valores essenciais para o ser humano. Ent\u00e3o, o que queremos \u00e9 todos que visitem o memorial se sintam assim. Nosso objetivo \u00e9 tornar esse lugar um espa\u00e7o onde se descobre e se aprende, onde se amplia o conhecimento e se aprofunda a consci\u00eancia da identidade, da solidariedade e da partilha\u201d, afirmou K\u00eccia Cabral, em seu discurso.<\/span><\/p>\n<p style=\"text-align: justify;\"><span style=\"font-size: 14pt;\">\u201cTamb\u00e9m j\u00e1 disse Oswaldo Soares que, meio dos museus, a vida social recupera a dimens\u00e3o humana que se esvai na pressa da hora. As cidades encontram o espelho que lhes revele a face apagada no turbilh\u00e3o do cotidiano. E cada pessoa acolhida por um museu acaba por saber mais de si mesma\u201d, completou a curadora e promotora de Justi\u00e7a.<\/span><\/p>\n<p style=\"text-align: justify;\"><span style=\"font-size: 14pt;\">A cerim\u00f4nia que marcou a revitaliza\u00e7\u00e3o integra as comemora\u00e7\u00f5es dos 14 anos de instala\u00e7\u00e3o do Memorial, bem como as dos 88 anos de nascimento do seu patrono. Al\u00e9m de S\u00e9rgio Juc\u00e1 e Lean Ara\u00fajo, estiveram presentes o corregedor-geral do Minist\u00e9rio P\u00fablico, M\u00e1rcio Roberto Ten\u00f3rio, e os procuradores de Justi\u00e7a Ant\u00f4nio Arecippo de Barros Teixeira Neto, Anti\u00f3genes Marques de Lira, Dilmar Lopes Camerino, Dennis Lima Calheiros, Afr\u00e2nio Roberto Pereira de Queiroz e Marcos Barros M\u00e9ro e o procurador aposentado F\u00e1bio Cabral, irm\u00e3o do desembargador H\u00e9lio Cabral. Pelo Tribunal de Justi\u00e7a de Alagoas, compareceram os desembargadores Ant\u00f4nio Sapucaia e Ant\u00f4nio Nunes. Tamb\u00e9m prestigiaram a reabertura do memorial, o secret\u00e1rio estadual de Cultura, Osvaldo Viegas; a secret\u00e1ria municipal de Sa\u00fade, Ana Dayse D\u00f3ria; o secret\u00e1rio municipal de Controle Interno, Felipe Mamede; a pintora e colecionadora T\u00e2nia de Maya Pedrosa e representantes da Federa\u00e7\u00e3o Nacional das Ind\u00fastrias, Academia Alagoana de Letras, Academia Alagoana de Cultura, Instituto Arnon de Mello, Centro Universit\u00e1rio Cesmac e Funda\u00e7\u00e3o Pierre Chalita.<\/span><\/p>\n<p style=\"text-align: justify;\"><span style=\"font-size: 14pt;\"><strong>Como vai funcionar<\/strong><\/span><\/p>\n<p style=\"text-align: justify;\"><span style=\"font-size: 14pt;\">O Memorial Desembargador H\u00e9lio Cabral do Minist\u00e9rio P\u00fablico do Estado de Alagoas vai funcionar como guardi\u00e3o da hist\u00f3ria da institui\u00e7\u00e3o, haja vista que, a partir de registros, documentos hist\u00f3ricos, fotografias e pe\u00e7as museol\u00f3gicas, \u00e9 narrada a hist\u00f3ria de procuradores-gerais de Justi\u00e7a, procuradores e promotores de Justi\u00e7a que ajudaram a construir a imagem do MPE\/AL ao longo de d\u00e9cadas.<\/span><\/p>\n<p style=\"text-align: justify;\"><span style=\"font-size: 14pt;\">Dentro do espa\u00e7o, o visitante tamb\u00e9m ser\u00e1 convidado a conhecer a s\u00edntese cronol\u00f3gica do MPE\/AL, a vida e a obra de seus membros e a hist\u00f3ria do seu patrono, o desembargador H\u00e9lio Rocha Cabral de Vasconcelos. Por mais de tr\u00eas d\u00e9cadas ele foi representante do Minist\u00e9rio P\u00fablico Estadual junto ao Tribunal de Justi\u00e7a do Estado de Alagoas e, na hist\u00f3ria do MPE\/AL, foi o segundo membro da institui\u00e7\u00e3o a integrar o TJ\/AL pelo 5\u00ba Constitucional, logo ap\u00f3s a morte do promotor de Justi\u00e7a Antero Montenegro, que faleceu 30 dias depois de se tornar desembargador.<\/span><\/p>\n<p style=\"text-align: justify;\"><span style=\"font-size: 14pt;\"><strong>Projetos<\/strong><\/span><\/p>\n<p style=\"text-align: justify;\"><span style=\"font-size: 14pt;\">A curadora do memorial, K\u00edcia Cabral, explicou que aquele ser\u00e1 um espa\u00e7o cultural de reflex\u00e3o e debate para a sociedade. \u201cA democratiza\u00e7\u00e3o do Memorial, que ser\u00e1 um lugar destino \u00e0 cultura e \u00e0 educa\u00e7\u00e3o, visa promover a\u00e7\u00f5es que o dinamizem e que possam cumprir essa rela\u00e7\u00e3o profunda entre o homem, sujeito que conhece, e objeto, testemunho da realidade. O espa\u00e7o receber\u00e1 exposi\u00e7\u00f5es, lan\u00e7amentos de livros, palestras, concursos culturais e visita de estudantes. Queremos retomar, nessa nova fase, os projetos &#8216;Promotor de Justi\u00e7a Mirim&#8217; e &#8216;A Escola vai ao MP e ao Memorial&#8217;. Nossa objetivo \u00e9 fazer com que crian\u00e7as e adolescentes procurem a nossa institui\u00e7\u00e3o e possam conhecer melhor os direitos garantidos por lei em benef\u00edcio deles. \u00c9 uma forma de trabalhar a cidadania junto ao p\u00fablico infanto-juvenil desde cedo\u201d, explicou a promotora de Justi\u00e7a.<\/span><\/p>\n<p style=\"text-align: justify;\"><span style=\"font-size: 14pt;\"><strong>Hist\u00f3ria<\/strong><\/span><\/p>\n<p style=\"text-align: justify;\"><span style=\"font-size: 14pt;\">O Memorial Desembargador H\u00e9lio Cabral do\u00a0Minist\u00e9rio P\u00fablico do Estado de Alagoas\u00a0, do Minist\u00e9rio P\u00fablico do Estado de Alagoas, foi institu\u00eddo pela Resolu\u00e7\u00e3o n\u00ba 004\/99, de 7 de outubro de 1999, da Procuradoria Geral de Justi\u00e7a, na gest\u00e3o do procurador-geral Lean Ant\u00f4nio Ferreira de Ara\u00fajo. Ele est\u00e1 localizado na sede da Procuradoria Geral Justi\u00e7a, situada \u00e0 Rua Pedro Jorge Melo e Silva, n\u00b0 79, no Po\u00e7o, o Memorial, ap\u00f3s a revitaliza\u00e7\u00e3o, trar\u00e1 de volta projetos de incentivo \u00e0 cultura ao MPE\/AL.<\/span><\/p>\n<p style=\"text-align: justify;\"><span style=\"font-size: 14pt;\">A inaugura\u00e7\u00e3o do Memorial ocorreu no dia 31 de mar\u00e7o de 2000. Dois anos depois, o Conselho Estadual de Cultura, por meio da Resolu\u00e7\u00e3o 001\/2002, tombou o espa\u00e7o como patrim\u00f4nio cultural de Alagoas. O tombamento foi homologado pelo governador Ronaldo Lessa, com o Decreto Executivo n\u00ba 570, de 13 de mar\u00e7o de 2002. A \u00e9poca, a equipe t\u00e9cnica do Memorial era formada pela muse\u00f3loga C\u00e9lia Regina Ferreira Paiva, o arquiteto Nelson Neto de Mendon\u00e7a Braga, as conservadoras e restauradoras Gisela Pfau de Carvalho Albuquerque e Graciela Pfau e o historiador Romeu de Mello Loureiro.<\/span><\/p>\n<p style=\"text-align: justify;\"><span style=\"font-size: 14pt;\">S\u00e3o atividades atribu\u00eddas ao memorial promover levantamento hist\u00f3rico do MPE\/AL, preservar a mem\u00f3ria da institui\u00e7\u00e3o, manter seu acervo atualizado e inventari\u00e1-lo. Tamb\u00e9m compete ao Memorial estimular e inter-relacionar atividades com institui\u00e7\u00f5es culturais com a finalidade de resgate da mem\u00f3ria da \u00f3rg\u00e3o, al\u00e9m da conscientiza\u00e7\u00e3o social para a pesquisa, conserva\u00e7\u00e3o e restaura\u00e7\u00e3o do patrim\u00f4nio ministerial.<\/span><\/p>\n","protected":false},"excerpt":{"rendered":"<p> [&hellip;]<\/p>\n","protected":false},"author":5,"featured_media":14096,"comment_status":"open","ping_status":"open","sticky":false,"template":"","format":"standard","meta":{"om_disable_all_campaigns":false,"_monsterinsights_skip_tracking":false,"_monsterinsights_sitenote_active":false,"_monsterinsights_sitenote_note":"","_monsterinsights_sitenote_category":0,"_uf_show_specific_survey":0,"_uf_disable_surveys":false,"footnotes":""},"categories":[2],"tags":[],"class_list":["post-14095","post","type-post","status-publish","format-standard","has-post-thumbnail","hentry","category-not_mpal"],"aioseo_notices":[],"_links":{"self":[{"href":"https:\/\/www.mpal.mp.br\/index.php?rest_route=\/wp\/v2\/posts\/14095","targetHints":{"allow":["GET"]}}],"collection":[{"href":"https:\/\/www.mpal.mp.br\/index.php?rest_route=\/wp\/v2\/posts"}],"about":[{"href":"https:\/\/www.mpal.mp.br\/index.php?rest_route=\/wp\/v2\/types\/post"}],"author":[{"embeddable":true,"href":"https:\/\/www.mpal.mp.br\/index.php?rest_route=\/wp\/v2\/users\/5"}],"replies":[{"embeddable":true,"href":"https:\/\/www.mpal.mp.br\/index.php?rest_route=%2Fwp%2Fv2%2Fcomments&post=14095"}],"version-history":[{"count":1,"href":"https:\/\/www.mpal.mp.br\/index.php?rest_route=\/wp\/v2\/posts\/14095\/revisions"}],"predecessor-version":[{"id":14097,"href":"https:\/\/www.mpal.mp.br\/index.php?rest_route=\/wp\/v2\/posts\/14095\/revisions\/14097"}],"wp:featuredmedia":[{"embeddable":true,"href":"https:\/\/www.mpal.mp.br\/index.php?rest_route=\/wp\/v2\/media\/14096"}],"wp:attachment":[{"href":"https:\/\/www.mpal.mp.br\/index.php?rest_route=%2Fwp%2Fv2%2Fmedia&parent=14095"}],"wp:term":[{"taxonomy":"category","embeddable":true,"href":"https:\/\/www.mpal.mp.br\/index.php?rest_route=%2Fwp%2Fv2%2Fcategories&post=14095"},{"taxonomy":"post_tag","embeddable":true,"href":"https:\/\/www.mpal.mp.br\/index.php?rest_route=%2Fwp%2Fv2%2Ftags&post=14095"}],"curies":[{"name":"wp","href":"https:\/\/api.w.org\/{rel}","templated":true}]}}