{"id":14050,"date":"2014-02-11T09:56:39","date_gmt":"2014-02-11T11:56:39","guid":{"rendered":"https:\/\/www.mpal.mp.br\/?p=14050"},"modified":"2022-07-28T09:57:26","modified_gmt":"2022-07-28T12:57:26","slug":"coordenadora-geral-do-memorial-desembargador-helio-cabral-visita-o-instituto-brasileiro-de-museus-ibram","status":"publish","type":"post","link":"https:\/\/www.mpal.mp.br\/?p=14050","title":{"rendered":"Coordenadora-geral do Memorial Desembargador H\u00e9lio Cabral visita o Instituto Brasileiro de Museus (IBRAM)"},"content":{"rendered":"<p style=\"text-align: justify;\"><span style=\"font-size: 14pt;\">A coordenadora-geral do Memorial Desembargador H\u00e9lio Cabral do Minist\u00e9rio P\u00fablico de Alagoas (MDHC\/MPE-AL), Gisela Pfau, visitou o Instituto Brasileiro de Museus, em Bras\u00edlia, para reuni\u00e3o onde apresentou o SCAM8 como Sistema de Gest\u00e3o de Acervo Museol\u00f3gico, tratou das defini\u00e7\u00f5es t\u00e9cnicas dos dados, visando atender ao Invent\u00e1rio Nacional, conforme determina a legisla\u00e7\u00e3o.<\/span><\/p>\n<p style=\"text-align: justify;\"><span style=\"font-size: 14pt;\">O Invent\u00e1rio Nacional \u00e9 um sistema respons\u00e1vel pela documenta\u00e7\u00e3o e difus\u00e3o \u00e0 sociedade brasileira dos mais de cem milh\u00f5es de bens culturais preservados nas institui\u00e7\u00f5es museol\u00f3gicas brasileiras. A coleta de informa\u00e7\u00e3o ser\u00e1 anual e deve ser realizada por meio de sistema de informa\u00e7\u00e3o pr\u00f3prio.<\/span><\/p>\n<p style=\"text-align: justify;\"><span style=\"font-size: 14pt;\">O Memorial Desembargador H\u00e9lio Cabral recebeu elogios pela nossa preocupa\u00e7\u00e3o com a preserva\u00e7\u00e3o, gest\u00e3o e principalmente a seguran\u00e7a do acervo, ressaltando a import\u00e2ncia da sintonia com as pol\u00edticas atuais. \u201cO Memorial saiu na frente e a Emerion se colocou \u00e0 disposi\u00e7\u00e3o para executar &#8216;testes pilotos&#8217; e para colaborar com o IBRAM, que est\u00e1 em fase de defini\u00e7\u00f5es t\u00e9cnicas, dando forma ao Invent\u00e1rio Nacional dos Bens Culturais Musealizados\u201d, afirmou a promotora de Justi\u00e7a e curadora do Memorial, K\u00edcia Cabral.<\/span><\/p>\n<p style=\"text-align: justify;\"><span style=\"font-size: 14pt;\">Estiveram presentes na reuni\u00e3o os consultores do IBRAM Elmer Oliveira e Carlos Alberto Ferreira, o t\u00e9cnico de informa\u00e7\u00f5es do IBRAM Marcus Andrade, a muse\u00f3loga Amanda Oliveira e a coordenadora do MDHC-MPE\/AL, Gisela Pfau.<\/span><\/p>\n","protected":false},"excerpt":{"rendered":"<p> [&hellip;]<\/p>\n","protected":false},"author":5,"featured_media":14051,"comment_status":"open","ping_status":"open","sticky":false,"template":"","format":"standard","meta":{"om_disable_all_campaigns":false,"_monsterinsights_skip_tracking":false,"_monsterinsights_sitenote_active":false,"_monsterinsights_sitenote_note":"","_monsterinsights_sitenote_category":0,"_uf_show_specific_survey":0,"_uf_disable_surveys":false,"footnotes":""},"categories":[2],"tags":[],"class_list":["post-14050","post","type-post","status-publish","format-standard","has-post-thumbnail","hentry","category-not_mpal"],"aioseo_notices":[],"_links":{"self":[{"href":"https:\/\/www.mpal.mp.br\/index.php?rest_route=\/wp\/v2\/posts\/14050","targetHints":{"allow":["GET"]}}],"collection":[{"href":"https:\/\/www.mpal.mp.br\/index.php?rest_route=\/wp\/v2\/posts"}],"about":[{"href":"https:\/\/www.mpal.mp.br\/index.php?rest_route=\/wp\/v2\/types\/post"}],"author":[{"embeddable":true,"href":"https:\/\/www.mpal.mp.br\/index.php?rest_route=\/wp\/v2\/users\/5"}],"replies":[{"embeddable":true,"href":"https:\/\/www.mpal.mp.br\/index.php?rest_route=%2Fwp%2Fv2%2Fcomments&post=14050"}],"version-history":[{"count":1,"href":"https:\/\/www.mpal.mp.br\/index.php?rest_route=\/wp\/v2\/posts\/14050\/revisions"}],"predecessor-version":[{"id":14053,"href":"https:\/\/www.mpal.mp.br\/index.php?rest_route=\/wp\/v2\/posts\/14050\/revisions\/14053"}],"wp:featuredmedia":[{"embeddable":true,"href":"https:\/\/www.mpal.mp.br\/index.php?rest_route=\/wp\/v2\/media\/14051"}],"wp:attachment":[{"href":"https:\/\/www.mpal.mp.br\/index.php?rest_route=%2Fwp%2Fv2%2Fmedia&parent=14050"}],"wp:term":[{"taxonomy":"category","embeddable":true,"href":"https:\/\/www.mpal.mp.br\/index.php?rest_route=%2Fwp%2Fv2%2Fcategories&post=14050"},{"taxonomy":"post_tag","embeddable":true,"href":"https:\/\/www.mpal.mp.br\/index.php?rest_route=%2Fwp%2Fv2%2Ftags&post=14050"}],"curies":[{"name":"wp","href":"https:\/\/api.w.org\/{rel}","templated":true}]}}