{"id":14046,"date":"2014-02-27T09:55:35","date_gmt":"2014-02-27T12:55:35","guid":{"rendered":"https:\/\/www.mpal.mp.br\/?p=14046"},"modified":"2022-07-28T09:56:25","modified_gmt":"2022-07-28T12:56:25","slug":"estudantes-de-escola-publica-estadual-visitam-o-memorial-desembargador-helio-cabral-do-ministerio-publico","status":"publish","type":"post","link":"https:\/\/www.mpal.mp.br\/?p=14046","title":{"rendered":"Estudantes de escola p\u00fablica estadual visitam o Memorial Desembargador H\u00e9lio Cabral do Minist\u00e9rio P\u00fablico"},"content":{"rendered":"<p style=\"text-align: justify;\"><span style=\"font-size: 14pt;\">O aprendizado \u00e9 muito mais um processo de mudan\u00e7a conceitual do que a absor\u00e7\u00e3o de um conhecimento transmitido. Seguindo esse conceito, a institui\u00e7\u00e3o museu \u00e9 o espa\u00e7o ideal para o desenvolvimento dessa forma de se oferecer e receber cultura. E foi pensando em compartilhar o seu local de observa\u00e7\u00e3o, intera\u00e7\u00e3o e reflex\u00e3o, que o Minist\u00e9rio P\u00fablico do Estado de Alagoas reabriu as portas, na manh\u00e3 desta quinta-feira (27), para receber estudantes de escolas p\u00fablicas de Macei\u00f3. \u00c9 o projeto \u201cA escola visita o MP e o Memorial\u201d que retomou suas atividades e permitiu que alunos de um col\u00e9gio estadual conhecessem a hist\u00f3ria do MPE\/AL, contada pelo Memorial Desembargador H\u00e9lio Cabral (MDHC).<\/span><\/p>\n<p style=\"text-align: justify;\"><span style=\"font-size: 14pt;\">Durante quase duas horas, alunos do Ensino M\u00e9dio da Escola Estadual Fernandes Lima, situada no S\u00edtio S\u00e3o Jorge, receberam explica\u00e7\u00f5es sobre o que \u00e9 o Minist\u00e9rio P\u00fablico, qual o seu papel constitucional e quem foram e quais s\u00e3o os seus membros, entre procuradores e promotores de Justi\u00e7a.<\/span><\/p>\n<p style=\"text-align: justify;\"><span style=\"font-size: 14pt;\">O grupo foi recepcionado pelo procurador-geral de Justi\u00e7a, S\u00e9rgio Juc\u00e1, pela promotora de Justi\u00e7a e curadora do memorial, K\u00edcia Cabral e pela coordenadora geral do MDHC, Gisela Pfau. Na primeira explana\u00e7\u00e3o, Juc\u00e1 descreveu ao grupo de alunos qual \u00e9 a fun\u00e7\u00e3o do MPE: \u201cO Minist\u00e9rio P\u00fablico \u00e9 uma institui\u00e7\u00e3o que pertence ao povo brasileiro e, em todos os estados do Pa\u00eds, existe uma unidade. Ele \u00e9 composto por procuradores e promotores de Justi\u00e7a que t\u00eam a miss\u00e3o de trabalhar em defesa da cidadania e com o prop\u00f3sito de fazer justi\u00e7a. Os membros atuam na prote\u00e7\u00e3o dos direitos da crian\u00e7a e do adolescente, do idoso, da sa\u00fade, das minorias, do meio ambiente, do consumidor, ou seja, defende v\u00e1rios segmentos da coletividade. Outra fun\u00e7\u00e3o nossa \u00e9 combater a aus\u00eancia de probidade administrativa e fazer as den\u00fancias contra aqueles que infringiram a lei por meio da pr\u00e1tica de um crime ou de uma infra\u00e7\u00e3o penal. E fazemos tudo isso por ideal, porque somos vocacionados\u201d, detalhou o chefe do MPE\/AL.<\/span><\/p>\n<p style=\"text-align: justify;\"><span style=\"font-size: 14pt;\">S\u00e9rgio Juc\u00e1 tamb\u00e9m incentivou os alunos a estudarem bastante. \u201cToda a minha vida estudantil foi em escola p\u00fablica. Eu estudei na Escola Estadual Moreira e Silva e, na sequ\u00eancia, fui para a Ufal, onde me formei em Direito. Sempre adorei ler, estudar e os livros estavam sempre ao meu lado. Foi gra\u00e7as a essa dedica\u00e7\u00e3o aos estudos que me tornei promotor de Justi\u00e7a aos 23 anos. Tenham certeza que a escola \u00e9 uma usina de saber, portanto, dediquem boa parte do tempo de voc\u00eas a ela. E se as unidades de ensino n\u00e3o estiveram funcionando com efici\u00eancia, procurem o Minist\u00e9rio P\u00fablico. N\u00f3s tamb\u00e9m estamos aqui para trabalhar em prol de uma educa\u00e7\u00e3o de qualidade, tanto na rede p\u00fablica, quanto na privada. E digo mais, sejam agentes multiplicadores dessas informa\u00e7\u00f5es. \u00c9 importante que seus familiares, amigos e colegas de sala saibam desse nosso papel\u201d, explicou o procurador-geral.<\/span><\/p>\n<p style=\"text-align: justify;\"><span style=\"font-size: 14pt;\">\u201cN\u00f3s temos aqui no Memorial Desembargador H\u00e9lio Cabral hist\u00f3rias prontas para serem narradas. S\u00e3o hist\u00f3rias de outras \u00e9pocas do Minist\u00e9rio P\u00fablico, evocadas pelos seus membros que contribu\u00edram para o fortalecimento da nossa institui\u00e7\u00e3o. Tamb\u00e9m h\u00e1 as hist\u00f3rias sobre procuradores e promotores que permanecem na ativa, com suas maneiras de viver e pensar. O espa\u00e7o \u00e9 cheio de simbolismo e tenta demonstrar o valor de seus integrantes e o papel importante que tem o MP\u201d, destacou a curadora K\u00edcia Cabral.<\/span><\/p>\n<p style=\"text-align: justify;\"><span style=\"font-size: 14pt;\"><strong>Alunos ressaltam relev\u00e2ncia do projeto<\/strong><\/span><\/p>\n<p style=\"text-align: justify;\"><span style=\"font-size: 14pt;\">\u201cNunca tinha ido a um museu, essa est\u00e1 tendo uma experi\u00eancia nova para mim. E que bom que pude come\u00e7\u00e1-la conhecendo a hist\u00f3ria do Minist\u00e9rio P\u00fablico Estadual de Alagoas. Estou achando muito interessante saber detalhes a respeito da identidade dessa institui\u00e7\u00e3o\u201d, disse a estudante Ramyrez Soriano.<\/span><\/p>\n<p style=\"text-align: justify;\"><span style=\"font-size: 14pt;\">\u201cAchei importante a iniciativa porque estamos aprendendo um pouco sobre a hist\u00f3ria de Alagoas. Foi um contato esclarecedor, sem d\u00favida alguma. Eu n\u00e3o sabia qual \u00e9 a fun\u00e7\u00e3o do Minist\u00e9rio P\u00fablico e, depois dessa visita, agora posso contar pra todo mundo qual \u00e9 o papel desse \u00f3rg\u00e3o. At\u00e9 vou explicar isso aos meus pais para que eles saibam a quem recorrer, caso exista uma demanda coletiva a ser cobrada dos poderes p\u00fablicos. Se nossos direitos n\u00e3o estiverem sendo respeitados, o lugar certo para denunciar \u00e9 o MP\u201d, afirmou a aluna Iasmine Lima.<\/span><\/p>\n<p style=\"text-align: justify;\"><span style=\"font-size: 14pt;\">\u201cO projeto \u00e9 \u00edmpar. Al\u00e9m de providenciar o translado para que pud\u00e9ssemos estar aqui, O MP ainda nos deu a oportunidade de receber os esclarecimentos sobre a funcionalidade do \u00f3rg\u00e3o diretamente do chefe da institui\u00e7\u00e3o. Ele nos permitiu viajar por uma realidade at\u00e9 ent\u00e3o desconhecida pela maioria de n\u00f3s e fez com que tiv\u00e9ssemos consci\u00eancia da hist\u00f3ria do Minist\u00e9rio P\u00fablico, de suas mem\u00f3rias. Esse projeto tem que fazer parte do roteiro de atividades extra classe de todas as escolas estaduais e municipais de Alagoas\u201d, defendeu o professor de Hist\u00f3ria Jamerson Albuquerque.<\/span><\/p>\n<p style=\"text-align: justify;\"><span style=\"font-size: 14pt;\">\u201cPrestes a entrarem numa universidade, nossos alunos tiveram contato com a hist\u00f3ria do Minist\u00e9rio P\u00fablico Estadual e, em particular, com a trajet\u00f3ria de vida pessoal e profissional do procurador-geral de Justi\u00e7a, S\u00e9rgio Juc\u00e1. Atrav\u00e9s de suas palavras, ditas de forma t\u00e3o entusiasmada, ele tocou os estudantes no \u00e2mbito vocacional e despertou parte deles para o interesse na carreira de promotor de Justi\u00e7a. Parab\u00e9ns ao Minist\u00e9rio P\u00fablico pelo projeto &#8216;A escola vai ao MP e ao Memorial&#8217;. Nosso desejo \u00e9 que mais adolescentes venha aqui e possam receber tanto conhecimento\u201d, declarou a tamb\u00e9m professora de Hist\u00f3ria Edna Maria Santos Cavalcante Martins.<\/span><\/p>\n<p style=\"text-align: justify;\"><span style=\"font-size: 14pt;\">\u201cFicamos felizes em poder oferecer uma experi\u00eancia que, ao mesmo tempo, \u00e9 educativa e divertida. Amanh\u00e3, quando estiverem em sala de aula, eles v\u00e3o escrever sobre essa experi\u00eancia e, para n\u00f3s, \u00e9 fundamental que todos tenham entendido o papel da nossa institui\u00e7\u00e3o e o objetivo do projeto. Que venham novas turmas. Estaremos sempre de portas abertas\u201d, garantiu a coordenadora geral do MDHC, Gisela Pfau.<\/span><\/p>\n","protected":false},"excerpt":{"rendered":"<p> [&hellip;]<\/p>\n","protected":false},"author":5,"featured_media":14048,"comment_status":"open","ping_status":"open","sticky":false,"template":"","format":"standard","meta":{"om_disable_all_campaigns":false,"_monsterinsights_skip_tracking":false,"_monsterinsights_sitenote_active":false,"_monsterinsights_sitenote_note":"","_monsterinsights_sitenote_category":0,"_uf_show_specific_survey":0,"_uf_disable_surveys":false,"footnotes":""},"categories":[2],"tags":[],"class_list":["post-14046","post","type-post","status-publish","format-standard","has-post-thumbnail","hentry","category-not_mpal"],"aioseo_notices":[],"_links":{"self":[{"href":"https:\/\/www.mpal.mp.br\/index.php?rest_route=\/wp\/v2\/posts\/14046","targetHints":{"allow":["GET"]}}],"collection":[{"href":"https:\/\/www.mpal.mp.br\/index.php?rest_route=\/wp\/v2\/posts"}],"about":[{"href":"https:\/\/www.mpal.mp.br\/index.php?rest_route=\/wp\/v2\/types\/post"}],"author":[{"embeddable":true,"href":"https:\/\/www.mpal.mp.br\/index.php?rest_route=\/wp\/v2\/users\/5"}],"replies":[{"embeddable":true,"href":"https:\/\/www.mpal.mp.br\/index.php?rest_route=%2Fwp%2Fv2%2Fcomments&post=14046"}],"version-history":[{"count":1,"href":"https:\/\/www.mpal.mp.br\/index.php?rest_route=\/wp\/v2\/posts\/14046\/revisions"}],"predecessor-version":[{"id":14049,"href":"https:\/\/www.mpal.mp.br\/index.php?rest_route=\/wp\/v2\/posts\/14046\/revisions\/14049"}],"wp:featuredmedia":[{"embeddable":true,"href":"https:\/\/www.mpal.mp.br\/index.php?rest_route=\/wp\/v2\/media\/14048"}],"wp:attachment":[{"href":"https:\/\/www.mpal.mp.br\/index.php?rest_route=%2Fwp%2Fv2%2Fmedia&parent=14046"}],"wp:term":[{"taxonomy":"category","embeddable":true,"href":"https:\/\/www.mpal.mp.br\/index.php?rest_route=%2Fwp%2Fv2%2Fcategories&post=14046"},{"taxonomy":"post_tag","embeddable":true,"href":"https:\/\/www.mpal.mp.br\/index.php?rest_route=%2Fwp%2Fv2%2Ftags&post=14046"}],"curies":[{"name":"wp","href":"https:\/\/api.w.org\/{rel}","templated":true}]}}