{"id":14043,"date":"2014-05-08T09:54:32","date_gmt":"2014-05-08T12:54:32","guid":{"rendered":"https:\/\/www.mpal.mp.br\/?p=14043"},"modified":"2022-07-28T09:55:22","modified_gmt":"2022-07-28T12:55:22","slug":"memorial-desembargador-helio-cabral-recebe-visita-de-mediadores-de-conflitos","status":"publish","type":"post","link":"https:\/\/www.mpal.mp.br\/?p=14043","title":{"rendered":"Memorial Desembargador H\u00e9lio Cabral recebe visita de mediadores de conflitos"},"content":{"rendered":"<p style=\"text-align: justify;\" align=\"JUSTIFY\"><span style=\"font-size: 14pt;\">Um grupo de mediadores de conflito do bairro Vergel do Largo, em Macei\u00f3, experimentou uma manh\u00e3 diferente nesta quinta-feira (8). Com o apoio da coordena\u00e7\u00e3o do programa Minist\u00e9rio P\u00fablico Comunit\u00e1rio, eles tiveram a oportunidade de visitar o Memorial Desembargador H\u00e9lio Cabral do Minist\u00e9rio P\u00fablico do Estado de Alagoas (MPE\/AL) e conhecer um pouco mais da hist\u00f3ria do \u00f3rg\u00e3o que os preparou para intervir e desenvolver uma cultura de paz na comunidade. A visita foi conduzida pela coordenadora do memorial, Gisele Pfau de Carvalho Albuquerque, uma das respons\u00e1veis pela revitaliza\u00e7\u00e3o do espa\u00e7o.<\/span><\/p>\n<p style=\"text-align: justify;\" align=\"JUSTIFY\"><span style=\"font-size: 14pt;\">No museu, os mediadores tiverem acesso a pe\u00e7as, joias, fotografias, documentos e publica\u00e7\u00f5es doados por promotores e procuradores de Justi\u00e7a ou por familiares de antigos membros. Gisele Pfau explicou o valor de cada item, de modo a mostrar a import\u00e2ncia do patrim\u00f4nio restaurado e conservado no espa\u00e7o. \u201cPela raridade do objeto, eles s\u00e3o muito valiosos, n\u00e3o s\u00f3 na perspectiva material, pois chegam a valer fortunas, como tamb\u00e9m na imaterial, uma vez que a hist\u00f3ria da institui\u00e7\u00e3o e dos seus membros ficam dispon\u00edveis ao p\u00fablico e \u00e0s pr\u00f3ximas gera\u00e7\u00f5es\u201d, explicou a coordenadora.<\/span><\/p>\n<p style=\"text-align: justify;\" align=\"JUSTIFY\"><span style=\"font-size: 14pt;\">Pelo programa Minist\u00e9rio P\u00fablico Comunit\u00e1rio, estivem presentes a psic\u00f3loga Luciana Dantas Ten\u00f3rio e a assistente social Jediane Freitas da Silva. Para Luciana Dantas, o fato de conhecer melhor o MPE\/AL ajuda os mediadores a entenderem a pol\u00edtica social do \u00f3rg\u00e3o. \u201cTemos aqui um exerc\u00edcio em que se aprende direitos e cidadania. O memorial tamb\u00e9m mostra aos mediadores o papel e os objetivos do Minist\u00e9rio P\u00fablico, com quem eles v\u00eam se relacionando h\u00e1 algum tempo por meio do programa. Estar aqui representa ainda a oportunidade de eles expressarem o que aprenderam sobre o \u00f3rg\u00e3o e a experi\u00eancia vivenciada na solu\u00e7\u00e3o de conflitos\u201d, disse.<\/span><\/p>\n<p style=\"text-align: justify;\" align=\"JUSTIFY\"><span style=\"font-size: 14pt;\"><strong>Est\u00edmulo nos estudos e na atua\u00e7\u00e3o comunit\u00e1ria<\/strong><\/span><\/p>\n<p style=\"text-align: justify;\" align=\"JUSTIFY\"><span style=\"font-size: 14pt;\">Entre os mediadores visitantes, encontrava-se Andr\u00e9 de Souza Lima, estudante do 4\u00b0 per\u00edodo de Direito na Faculdade de Alagoas (FAL), que se interessou pela interven\u00e7\u00e3o comunit\u00e1ria do MPE\/AL na zona sul de Macei\u00f3. \u201cConhecer a hist\u00f3ria de todos esses procuradores e promotores de Justi\u00e7a, que integraram em algum momento a institui\u00e7\u00e3o, motiva-me a focar no estudo para, quem sabe um dia, fazer parte deste museu. J\u00e1 conhecia um pouco o ex-procurador-geral de Justi\u00e7a Carlos Guido Ferr\u00e1rio Lobo, o Carlito Lobo, tio de uma amiga minha, mas, com essa visita, passei a entender melhor a sua passagem por essa casa\u201d, comentou o estudante.<\/span><\/p>\n<p style=\"text-align: justify;\" align=\"JUSTIFY\"><span style=\"font-size: 14pt;\">\u201cComo tamb\u00e9m nos foi dado a oportunidade de falar sobre a nossa experi\u00eancia de media\u00e7\u00e3o de conflitos no Vergel, senti que o v\u00ednculo com o Minist\u00e9rio P\u00fablico aumentou hoje. N\u00f3s, os mediadores, queremos expressar \u00e0 institui\u00e7\u00e3o o desejo de ver o programa crescer e atingir outras comunidades da capital e de cidades do interior. Essa vontade \u00e9 de todos que escutam nossos relatos sobre o Minist\u00e9rio P\u00fablico Comunit\u00e1rio pessoalmente ou pelos meios de comunica\u00e7\u00e3o\u201d, disse a l\u00edder comunit\u00e1ria Judith Vilela.<\/span><\/p>\n<p style=\"text-align: justify;\" align=\"JUSTIFY\"><span style=\"font-size: 14pt;\">Uma das visitantes mais encantadas com as raridades dispostas no memorial, a moradora do Vergel do Lago se animou ao identificar a foto do primeiro promotor negro do MPE\/AL, Manuel Rodriguez de Melo, que d\u00e1 nome a uma das escolas da rede estadual de ensino no bairro em que vive e atua. Na visita, Judith Vilela tamb\u00e9m teve acesso a hist\u00f3ria do desembargador Justi\u00e7a H\u00e9lio Cabral, da presen\u00e7a feminina no Parquet alagoano e dos tantos procuradores-gerais de Justi\u00e7a que se destacaram no desenvolvimento do \u00f3rg\u00e3o.<\/span><\/p>\n<p style=\"text-align: justify;\" align=\"JUSTIFY\"><span style=\"font-size: 14pt;\">\u201c\u00c9 muito gratificante facilitar uma visita ao memorial para um grupo t\u00e3o especial como esse. Os mediadores de conflito est\u00e3o na linha de frente na solu\u00e7\u00e3o dos problemas da comunidade com quem dividem suas vidas. Eles merecem conhecer melhor a institui\u00e7\u00e3o do Minist\u00e9rio P\u00fablico, que tamb\u00e9m cumpre um importante papel social na condi\u00e7\u00e3o de poder p\u00fablico defensor e fiscalizador da lei. Tenho certeza que o trabalho desenvolvido por esses homens e mulheres entrar\u00e1 em breve para a narrativa deste museu\u201d, conclui Gisele Pfau.<\/span><\/p>\n<p style=\"text-align: justify;\" align=\"JUSTIFY\"><span style=\"font-size: 14pt;\"><strong>O Memorial<\/strong><\/span><\/p>\n<p style=\"text-align: justify;\" align=\"JUSTIFY\"><span style=\"font-size: 14pt;\">O Memorial Desembargador H\u00e9lio Cabral, do Minist\u00e9rio P\u00fablico do Estado de Alagoas, foi institu\u00eddo pela Resolu\u00e7\u00e3o n\u00ba 004\/99, de 7 de outubro de 1999, da Procuradoria Geral de Justi\u00e7a, na gest\u00e3o do procurador-geral Lean Ant\u00f4nio Ferreira de Ara\u00fajo. Em fevereiro deste ano, ap\u00f3s passar por um processo de revitaliza\u00e7\u00e3o, o procurador-geral de Justi\u00e7a, S\u00e9rgio Juc\u00e1, com o apoio da curadora do espa\u00e7o, a promotora de Justi\u00e7a K\u00edcia Oliveira Cabral de Vasconcelos, reabriram as portas para o p\u00fablico.<\/span><\/p>\n<p style=\"text-align: justify;\" align=\"JUSTIFY\"><span style=\"font-size: 14pt;\">A inaugura\u00e7\u00e3o do Memorial ocorreu no dia 31 de mar\u00e7o de 2000. Dois anos depois, o Conselho Estadual de Cultura, por meio da Resolu\u00e7\u00e3o 001\/2002, tombou o espa\u00e7o como patrim\u00f4nio cultural de Alagoas.O tombamento foi homologado pelo governador Ronaldo Lessa, com o Decreto Executivo n\u00ba 570, de 13 de mar\u00e7o de 2002. A \u00e9poca, a equipe t\u00e9cnica do Memorial era formada pela muse\u00f3loga C\u00e9lia Regina Ferreira Paiva, o arquiteto Nelson Neto de Mendon\u00e7a Braga, a conservadora e restauradora Gisela Pfau e o historiador Romeu de Mello Moreira.<\/span><\/p>\n<p style=\"text-align: justify;\" align=\"JUSTIFY\"><span style=\"font-size: 14pt;\">S\u00e3o atividades atribu\u00eddas ao Memorial promover levantamento hist\u00f3rico do MPE\/AL, preservar a mem\u00f3ria da institui\u00e7\u00e3o, manter seu acervo atualizado e inventari\u00e1-lo. Tamb\u00e9m compete ao Memorial estimular e inter-relacionar atividades com institui\u00e7\u00f5es culturais com a finalidade de resgate da mem\u00f3ria da \u00f3rg\u00e3o, al\u00e9m da conscientiza\u00e7\u00e3o social para a pesquisa, conserva\u00e7\u00e3o e restaura\u00e7\u00e3o do patrim\u00f4nio ministerial.<\/span><\/p>\n","protected":false},"excerpt":{"rendered":"<p> [&hellip;]<\/p>\n","protected":false},"author":5,"featured_media":14044,"comment_status":"open","ping_status":"open","sticky":false,"template":"","format":"standard","meta":{"om_disable_all_campaigns":false,"_monsterinsights_skip_tracking":false,"_monsterinsights_sitenote_active":false,"_monsterinsights_sitenote_note":"","_monsterinsights_sitenote_category":0,"_uf_show_specific_survey":0,"_uf_disable_surveys":false,"footnotes":""},"categories":[2],"tags":[],"class_list":["post-14043","post","type-post","status-publish","format-standard","has-post-thumbnail","hentry","category-not_mpal"],"aioseo_notices":[],"_links":{"self":[{"href":"https:\/\/www.mpal.mp.br\/index.php?rest_route=\/wp\/v2\/posts\/14043","targetHints":{"allow":["GET"]}}],"collection":[{"href":"https:\/\/www.mpal.mp.br\/index.php?rest_route=\/wp\/v2\/posts"}],"about":[{"href":"https:\/\/www.mpal.mp.br\/index.php?rest_route=\/wp\/v2\/types\/post"}],"author":[{"embeddable":true,"href":"https:\/\/www.mpal.mp.br\/index.php?rest_route=\/wp\/v2\/users\/5"}],"replies":[{"embeddable":true,"href":"https:\/\/www.mpal.mp.br\/index.php?rest_route=%2Fwp%2Fv2%2Fcomments&post=14043"}],"version-history":[{"count":1,"href":"https:\/\/www.mpal.mp.br\/index.php?rest_route=\/wp\/v2\/posts\/14043\/revisions"}],"predecessor-version":[{"id":14045,"href":"https:\/\/www.mpal.mp.br\/index.php?rest_route=\/wp\/v2\/posts\/14043\/revisions\/14045"}],"wp:featuredmedia":[{"embeddable":true,"href":"https:\/\/www.mpal.mp.br\/index.php?rest_route=\/wp\/v2\/media\/14044"}],"wp:attachment":[{"href":"https:\/\/www.mpal.mp.br\/index.php?rest_route=%2Fwp%2Fv2%2Fmedia&parent=14043"}],"wp:term":[{"taxonomy":"category","embeddable":true,"href":"https:\/\/www.mpal.mp.br\/index.php?rest_route=%2Fwp%2Fv2%2Fcategories&post=14043"},{"taxonomy":"post_tag","embeddable":true,"href":"https:\/\/www.mpal.mp.br\/index.php?rest_route=%2Fwp%2Fv2%2Ftags&post=14043"}],"curies":[{"name":"wp","href":"https:\/\/api.w.org\/{rel}","templated":true}]}}