{"id":14039,"date":"2014-05-13T09:53:19","date_gmt":"2014-05-13T12:53:19","guid":{"rendered":"https:\/\/www.mpal.mp.br\/?p=14039"},"modified":"2022-07-28T09:54:20","modified_gmt":"2022-07-28T12:54:20","slug":"estudantes-da-escola-professor-virgilio-de-campos-visitam-memorial-desembargador-helio-cabral","status":"publish","type":"post","link":"https:\/\/www.mpal.mp.br\/?p=14039","title":{"rendered":"Estudantes da escola Professor Virg\u00edlio de Campos visitam Memorial Desembargador H\u00e9lio Cabral"},"content":{"rendered":"<p style=\"text-align: justify;\"><span style=\"font-size: 14pt;\">Pela 12\u00aa Semana Nacional do Museu, o Minist\u00e9rio P\u00fablico do Estado de Alagoas (MPE\/AL) recebeu, na manh\u00e3 desta ter\u00e7a-feira (13), um grupo de 40 estudantes da escola estadual Professor Virg\u00edlio de Campos. Os jovens, com faixa et\u00e1ria de 12 a 21 anos, visitaram o Memorial Desembargador H\u00e9lio Cabral onde tiveram acesso \u00e0 exposi\u00e7\u00e3o permanente sobre a hist\u00f3ria do Minist\u00e9rio P\u00fablico em Alagoas. A semana segue at\u00e9 o dia 18 de maio em museus de todo o pa\u00eds.<\/span><\/p>\n<p style=\"text-align: justify;\"><span style=\"font-size: 14pt;\">Os estudantes tamb\u00e9m acompanharam a palestra sobre Direitos e Deveres da Crian\u00e7a e do Adolescente, realizada pela promotora de Justi\u00e7a Mar\u00edlia Cerqueira Lima. A representante do MPE\/AL falou sobre o Estatuto da Crian\u00e7a e do Adolescente (ECA), que desde 1990 assegura os direitos infantojuvenis e refor\u00e7a os deveres dos adultos com os menores. A maioria dos jovens presentes no audit\u00f3rio Edgar Valente de Lima Filho, na sede da Procuradoria-Geral de Justi\u00e7a, desconhecia o estatuto.<\/span><\/p>\n<p style=\"text-align: justify;\"><span style=\"font-size: 14pt;\">\u201cOs jovens precisam conhecer seus direitos, mas tamb\u00e9m seus deveres. Podemos exemplificar esse racioc\u00ednio com o caso dos famosos &#8216;rolezinhos&#8217; em shoppings centers e espa\u00e7os p\u00fablicos. Realiz\u00e1-los com a finalidade de encontrar os amigos, interagir com eles e celebrar a juventude \u00e9 algo muito bom. O que n\u00e3o pode \u00e9 violar o direito das demais pessoas durante esses encontros. Se isso acontecer, o menor ter\u00e1 de responder de acordo com o c\u00f3digo da crian\u00e7a e do adolescente. O mesmo cuidado vale para a forma como tratam o professor em sala de aula\u201d, explicou Mar\u00edlia Cerqueira.<\/span><\/p>\n<p style=\"text-align: justify;\"><span style=\"font-size: 14pt;\">A diretora do col\u00e9gio Professor Virg\u00edlio de Campos, Clarice Chagas, ressaltou a import\u00e2ncia dos estudantes conhecerem melhor o ECA e o pr\u00f3prio MPE\/AL. \u201cEssa visita oferece aos jovens um contato com outra realidade, bem diferente da encontrada na comunidade ou nas suas pr\u00f3prias casas, de modo a estimular e renovar os sonhos deles em rela\u00e7\u00e3o a serem profissionais de Ensino Superior comprometidos com a sociedade, como \u00e9 o caso dos promotores e procuradores de Justi\u00e7a\u201d, disse.<\/span><\/p>\n<p style=\"text-align: justify;\"><span style=\"font-size: 14pt;\">Para o estudante David William, de 14 anos e um dos poucos a afirmar j\u00e1 ter \u201couvido falar\u201d do ECA, a palestra serviu para tirar v\u00e1rias d\u00favidas sobre o estatuto. \u201cMuito legal essa atitude do Minist\u00e9rio P\u00fablico em nos trazer para c\u00e1, mostrar o que faz no seu dia a dia de trabalho e falar sobre os nossos direitos e deveres. Seria bacana que voc\u00eas [membros e servidores do MPE\/AL] levassem mais escolas para conhecerem o memorial e as leis das crian\u00e7as e adolescentes\u201d, opinou o jovem, que, no final da palestra, recebeu um kit-lanche.<\/span><\/p>\n<p style=\"text-align: justify;\"><span style=\"font-size: 14pt;\"><strong>Projeto \u201cA Escola Vai ao Memorial\u201d<\/strong><\/span><\/p>\n<p style=\"text-align: justify;\"><span style=\"font-size: 14pt;\">Ao lado do procurador-geral de Justi\u00e7a, S\u00e9rgio Juc\u00e1, a promotora de Justi\u00e7a K\u00edcia Oliveira de Cabral Vasconcelos foi uma das principais respons\u00e1veis por retomar a visita das escolas ao \u00a0Memorial Desembargador H\u00e9lio Cabral neste ano. A promotora destacou que o contato dos estudantes com a hist\u00f3ria do Minist\u00e9rio P\u00fablico Estadual faz parte do projeto \u201cA Escola Vai ao Memorial\u201d, que, em outras \u00e9pocas, levou centenas de alunos ao museu da institui\u00e7\u00e3o.<\/span><\/p>\n<p style=\"text-align: justify;\"><span style=\"font-size: 14pt;\">\u201cO projeto permite que esses jovens saibam qual \u00e9 o papel do Minist\u00e9rio P\u00fablico e o quanto cada um deles pode contar com os membros e servidores desta Casa. Veja, estamos falando de uma parcela da popula\u00e7\u00e3o altamente vulner\u00e1vel, n\u00e3o s\u00f3 por conta da idade, como tamb\u00e9m pelas condi\u00e7\u00f5es sociais em que se encontram. Eles precisam e devem saber que a institui\u00e7\u00e3o pode sim ajud\u00e1-los em eventuais dificuldades por meio do contato direto conosco ou mesmo por den\u00fancia an\u00f4nima f\u00edsica ou virtual\u201d, considerou K\u00edcia Cabral.<\/span><\/p>\n<p style=\"text-align: justify;\"><span style=\"font-size: 14pt;\">A coordenadora do memorial, Gisela Pfau, afirmou que as visitas das escolas \u00e0 exposi\u00e7\u00e3o \u201cA hist\u00f3ria do Minist\u00e9rio P\u00fablico em Alagoas\u201d deve continuar ao longo do ano. \u201cQueremos garantir, pelo menos, duas visitas de estudantes por m\u00eas. J\u00e1 contatamos a Secretaria de Estado da Educa\u00e7\u00e3o para motivar os diretores a trazerem os jovens neste momento em que o nosso foco \u00e9 a rede estadual de ensino. Na sequ\u00eancia, vamos contatar a rede municipal e, em seguida, as escolas de cidades do interior. \u00c9 necess\u00e1rio que o poder p\u00fablico garanta a estrutura necess\u00e1ria para os alunos conhecerem o MPE\/AL, tal como ocorreu hoje com o apoio da Pol\u00edcia Militar, respons\u00e1vel pelo transporte dos garotos\u201d, disse.<\/span><\/p>\n","protected":false},"excerpt":{"rendered":"<p> [&hellip;]<\/p>\n","protected":false},"author":5,"featured_media":14040,"comment_status":"open","ping_status":"open","sticky":false,"template":"","format":"standard","meta":{"om_disable_all_campaigns":false,"_monsterinsights_skip_tracking":false,"_monsterinsights_sitenote_active":false,"_monsterinsights_sitenote_note":"","_monsterinsights_sitenote_category":0,"_uf_show_specific_survey":0,"_uf_disable_surveys":false,"footnotes":""},"categories":[2],"tags":[],"class_list":["post-14039","post","type-post","status-publish","format-standard","has-post-thumbnail","hentry","category-not_mpal"],"aioseo_notices":[],"_links":{"self":[{"href":"https:\/\/www.mpal.mp.br\/index.php?rest_route=\/wp\/v2\/posts\/14039","targetHints":{"allow":["GET"]}}],"collection":[{"href":"https:\/\/www.mpal.mp.br\/index.php?rest_route=\/wp\/v2\/posts"}],"about":[{"href":"https:\/\/www.mpal.mp.br\/index.php?rest_route=\/wp\/v2\/types\/post"}],"author":[{"embeddable":true,"href":"https:\/\/www.mpal.mp.br\/index.php?rest_route=\/wp\/v2\/users\/5"}],"replies":[{"embeddable":true,"href":"https:\/\/www.mpal.mp.br\/index.php?rest_route=%2Fwp%2Fv2%2Fcomments&post=14039"}],"version-history":[{"count":1,"href":"https:\/\/www.mpal.mp.br\/index.php?rest_route=\/wp\/v2\/posts\/14039\/revisions"}],"predecessor-version":[{"id":14042,"href":"https:\/\/www.mpal.mp.br\/index.php?rest_route=\/wp\/v2\/posts\/14039\/revisions\/14042"}],"wp:featuredmedia":[{"embeddable":true,"href":"https:\/\/www.mpal.mp.br\/index.php?rest_route=\/wp\/v2\/media\/14040"}],"wp:attachment":[{"href":"https:\/\/www.mpal.mp.br\/index.php?rest_route=%2Fwp%2Fv2%2Fmedia&parent=14039"}],"wp:term":[{"taxonomy":"category","embeddable":true,"href":"https:\/\/www.mpal.mp.br\/index.php?rest_route=%2Fwp%2Fv2%2Fcategories&post=14039"},{"taxonomy":"post_tag","embeddable":true,"href":"https:\/\/www.mpal.mp.br\/index.php?rest_route=%2Fwp%2Fv2%2Ftags&post=14039"}],"curies":[{"name":"wp","href":"https:\/\/api.w.org\/{rel}","templated":true}]}}