{"id":14035,"date":"2014-06-11T09:52:19","date_gmt":"2014-06-11T12:52:19","guid":{"rendered":"https:\/\/www.mpal.mp.br\/?p=14035"},"modified":"2022-07-28T09:53:05","modified_gmt":"2022-07-28T12:53:05","slug":"novos-promotores-de-justica-visitam-memorial-desembargador-helio-cabral","status":"publish","type":"post","link":"https:\/\/www.mpal.mp.br\/?p=14035","title":{"rendered":"Novos promotores de Justi\u00e7a visitam Memorial Desembargador H\u00e9lio Cabral"},"content":{"rendered":"<p style=\"text-align: justify;\"><span style=\"font-size: 14pt;\">Os novos promotores de Justi\u00e7a do Minist\u00e9rio P\u00fablico do Estado de Alagoas (MPE\/AL) visitaram, nesta quarta-feira (11), o Memorial Desembargador H\u00e9lio Cabral, durante o curso de forma\u00e7\u00e3o funcional promovido pela Escola Superior do Minist\u00e9rio P\u00fablico do Estado de Alagoas. O vice-diretor de Planejamento da Escola, promotor Cl\u00e1udio Jos\u00e9 Brand\u00e3o S\u00e1, tamb\u00e9m participou da visita.<\/span><\/p>\n<p style=\"text-align: justify;\"><span style=\"font-size: 14pt;\">No memorial, eles foram recebidos pela coordenadora Gisela Pfau Albuquerque, que apresentou a exposi\u00e7\u00e3o permanente sobre a hist\u00f3ria do Minist\u00e9rio P\u00fablico em Alagoas. Os novos membros do MPE\/AL tiverem acesso a pe\u00e7as, joias, fotografias, documentos e publica\u00e7\u00f5es doados por promotores e procuradores de Justi\u00e7a ou por familiares de antigos membros.<\/span><\/p>\n<p style=\"text-align: justify;\"><span style=\"font-size: 14pt;\">\u201c\u00c9 muito importante esse contato dos novos promotores com o museu porque, a partir do dia em que entram em exerc\u00edcio nas suas respectivas fun\u00e7\u00f5es, eles passam a compor a hist\u00f3ria do Minist\u00e9rio P\u00fablico. Sendo assim, tamb\u00e9m compete a eles garantir a continuidade do trabalho ministerial e de preserva\u00e7\u00e3o da nossa mem\u00f3ria enquanto institui\u00e7\u00e3o\u201d, explica a curadora do memorial, promotora de Justi\u00e7a K\u00edcia Oliveira Cabral de Vasconcelos.<\/span><\/p>\n<p style=\"text-align: justify;\"><span style=\"font-size: 14pt;\">O curso de forma\u00e7\u00e3o tem como objetivo de dar conhecimento detalhado do MPE\/AL \u00e0queles que passar\u00e3o a atuar nas Promotorias de Justi\u00e7a de Porto de Pedras, Paripueira, Igaci, Girau do Ponciano, S\u00e3o Br\u00e1s, Igreja Nova, Passo de Camaragibe, Paulo Jacinto e Cajueiro.<\/span><\/p>\n","protected":false},"excerpt":{"rendered":"<p> [&hellip;]<\/p>\n","protected":false},"author":5,"featured_media":14036,"comment_status":"open","ping_status":"open","sticky":false,"template":"","format":"standard","meta":{"om_disable_all_campaigns":false,"_monsterinsights_skip_tracking":false,"_monsterinsights_sitenote_active":false,"_monsterinsights_sitenote_note":"","_monsterinsights_sitenote_category":0,"_uf_show_specific_survey":0,"_uf_disable_surveys":false,"footnotes":""},"categories":[2],"tags":[],"class_list":["post-14035","post","type-post","status-publish","format-standard","has-post-thumbnail","hentry","category-not_mpal"],"aioseo_notices":[],"_links":{"self":[{"href":"https:\/\/www.mpal.mp.br\/index.php?rest_route=\/wp\/v2\/posts\/14035","targetHints":{"allow":["GET"]}}],"collection":[{"href":"https:\/\/www.mpal.mp.br\/index.php?rest_route=\/wp\/v2\/posts"}],"about":[{"href":"https:\/\/www.mpal.mp.br\/index.php?rest_route=\/wp\/v2\/types\/post"}],"author":[{"embeddable":true,"href":"https:\/\/www.mpal.mp.br\/index.php?rest_route=\/wp\/v2\/users\/5"}],"replies":[{"embeddable":true,"href":"https:\/\/www.mpal.mp.br\/index.php?rest_route=%2Fwp%2Fv2%2Fcomments&post=14035"}],"version-history":[{"count":1,"href":"https:\/\/www.mpal.mp.br\/index.php?rest_route=\/wp\/v2\/posts\/14035\/revisions"}],"predecessor-version":[{"id":14037,"href":"https:\/\/www.mpal.mp.br\/index.php?rest_route=\/wp\/v2\/posts\/14035\/revisions\/14037"}],"wp:featuredmedia":[{"embeddable":true,"href":"https:\/\/www.mpal.mp.br\/index.php?rest_route=\/wp\/v2\/media\/14036"}],"wp:attachment":[{"href":"https:\/\/www.mpal.mp.br\/index.php?rest_route=%2Fwp%2Fv2%2Fmedia&parent=14035"}],"wp:term":[{"taxonomy":"category","embeddable":true,"href":"https:\/\/www.mpal.mp.br\/index.php?rest_route=%2Fwp%2Fv2%2Fcategories&post=14035"},{"taxonomy":"post_tag","embeddable":true,"href":"https:\/\/www.mpal.mp.br\/index.php?rest_route=%2Fwp%2Fv2%2Ftags&post=14035"}],"curies":[{"name":"wp","href":"https:\/\/api.w.org\/{rel}","templated":true}]}}