{"id":14032,"date":"2014-09-22T09:51:17","date_gmt":"2014-09-22T12:51:17","guid":{"rendered":"https:\/\/www.mpal.mp.br\/?p=14032"},"modified":"2022-07-28T09:52:10","modified_gmt":"2022-07-28T12:52:10","slug":"mpe-al-promove-v-encontro-nacional-de-memoriais-do-ministerio-publico","status":"publish","type":"post","link":"https:\/\/www.mpal.mp.br\/?p=14032","title":{"rendered":"MPE\/AL promove V Encontro Nacional de Memoriais do Minist\u00e9rio P\u00fablico"},"content":{"rendered":"<p style=\"text-align: justify;\"><span style=\"font-size: 14pt;\">No per\u00edodo de 24 a 26 de setembro, Macei\u00f3 ser\u00e1 sede do V Encontro Nacional de Memoriais do Minist\u00e9rio P\u00fablico. O Minist\u00e9rio P\u00fablico do Estado de Alagoas (MPE\/AL) est\u00e1 a frente da realiza\u00e7\u00e3o do evento, que ter\u00e1 a participa\u00e7\u00e3o de representantes de \u00f3rg\u00e3os ministeriais de 19 estados. Ao final do encontro, os participantes v\u00e3o elaborar a Carta de Macei\u00f3 com o objetivo de definir pol\u00edticas para a \u00e1rea de mem\u00f3ria do MP Brasileiro.<\/span><\/p>\n<p style=\"text-align: justify;\"><span style=\"font-size: 14pt;\">J\u00e1 no primeiro dia, os participantes far\u00e3o uma visita ao Memorial Desembargador H\u00e9lio Cabral do MPE\/AL, antes da abertura oficial do encontro, que caber\u00e1 ao procurador-geral de Justi\u00e7a, S\u00e9rgio Juc\u00e1. Em seguida, o presidente do Instituto Brasileiro de Museus (Ibram), \u00c2ngelo Oswaldo de Ara\u00fajo Santos, realizar\u00e1 uma palestra sobre a import\u00e2ncia da preserva\u00e7\u00e3o da mem\u00f3ria brasileira no audit\u00f3rio Edgar Valente de Lima Filho, localizado no pr\u00e9dio-sede da Procuradoria Geral de Justi\u00e7a, no bairro do Po\u00e7o.<\/span><\/p>\n<p style=\"text-align: justify;\"><span style=\"font-size: 14pt;\">Para a curadora do memorial, promotora de Justi\u00e7a K\u00edcia Oliveira de Cabral Vasconcelos, Alagoas ter\u00e1 oportunidade de acompanhar um momento \u00edmpar na din\u00e2mica de preserva\u00e7\u00e3o do patrim\u00f4nio hist\u00f3rico do MP Brasileiro. \u201cSer\u00e1 um marco na atua\u00e7\u00e3o dos memoriais em defesa da mem\u00f3ria da institui\u00e7\u00e3o, j\u00e1 que definiremos diretrizes para \u00e1rea. Uma das consequ\u00eancias desse cuidado com a nossa hist\u00f3ria \u00e9 o aumento do sentimento de pertencimento dos membros e servidores em rela\u00e7\u00e3o ao Parquet\u201d, disse.<\/span><\/p>\n<p style=\"text-align: justify;\"><span style=\"font-size: 14pt;\"><strong>Comiss\u00e3o da Mem\u00f3ria<\/strong><\/span><\/p>\n<p style=\"text-align: justify;\"><span style=\"font-size: 14pt;\">O segundo dia ser\u00e1 marcado por uma s\u00e9rie de atividades, a come\u00e7ar pelo credenciamento dos participantes no Hotel Macei\u00f3 Atlantic Su\u00edtes, na Jati\u00faca, a partir das 7h30. O historiador Gunter Axt dar\u00e1 in\u00edcio aos debates com a an\u00e1lise das cartas dos encontros anteriores. Ap\u00f3s a fala de Axt, cada MP inscrito poder\u00e1 se pronunciar em colabora\u00e7\u00e3o com o tema.<\/span><\/p>\n<p style=\"text-align: justify;\"><span style=\"font-size: 14pt;\">Na sequ\u00eancia do evento, o procurador de Justi\u00e7a Militar Clauro Roberto de Bortolli representar\u00e1 o membro do Conselho Nacional do Minist\u00e9rio P\u00fablico (CNMP), procurador Ant\u00f4nio Pereira Duarte, na abordagem sobre a Comiss\u00e3o Tempor\u00e1ria de Preserva\u00e7\u00e3o da Mem\u00f3ria Institucional do Minist\u00e9rio P\u00fablico.<\/span><\/p>\n<p style=\"text-align: justify;\"><span style=\"font-size: 14pt;\">Pela tarde, ser\u00e1 a vez dos Minist\u00e9rios P\u00fablicos Estaduais de Alagoas, Rio Grande do Sul e Maranh\u00e3o apresentarem os trabalhos desenvolvidos em defesa da mem\u00f3ria das respectivas institui\u00e7\u00f5es. Ainda no dia 25 de setembro, os participantes se dividir\u00e3o em grupos de trabalhos tem\u00e1ticos, que discutir\u00e3o Mem\u00f3ria e Gest\u00e3o Documental, Mem\u00f3ria Institucional e Hist\u00f3ria Oral, e Mem\u00f3ria Institucional e Di\u00e1logo com a Comunidade.<\/span><\/p>\n<p style=\"text-align: justify;\"><span style=\"font-size: 14pt;\"><strong>Carta de Macei\u00f3<\/strong><\/span><\/p>\n<p style=\"text-align: justify;\"><span style=\"font-size: 14pt;\">Na manh\u00e3 do dia 26, o resultado dos debates ser\u00e1 apresentado no terceiro e \u00faltimo dia de encontro, quando ocorrer\u00e1 tamb\u00e9m a defini\u00e7\u00e3o das diretrizes da Carta de Macei\u00f3 e, em seguida, a leitura do documento. O encerramento do evento est\u00e1 previsto para as 14h45.<\/span><\/p>\n<p style=\"text-align: justify;\"><span style=\"font-size: 14pt;\">\u201cVale destacar que os memoriais oferecem \u00e0 sociedade uma oportunidade de conhecer o papel desempenhado pelo \u00f3rg\u00e3o na defesa dos direitos coletivos e indispon\u00edveis. Por isso, este olhar diferenciado sobre o que se produz hoje \u00e9 fundamental para garantir a hist\u00f3ria amanh\u00e3\u201d, afirmou a coordenadora do Memorial Desembargador H\u00e9lio Cabral, Gisela Pfau Albuquerque.<\/span><\/p>\n","protected":false},"excerpt":{"rendered":"<p> [&hellip;]<\/p>\n","protected":false},"author":5,"featured_media":14029,"comment_status":"open","ping_status":"open","sticky":false,"template":"","format":"standard","meta":{"om_disable_all_campaigns":false,"_monsterinsights_skip_tracking":false,"_monsterinsights_sitenote_active":false,"_monsterinsights_sitenote_note":"","_monsterinsights_sitenote_category":0,"_uf_show_specific_survey":0,"_uf_disable_surveys":false,"footnotes":""},"categories":[2],"tags":[],"class_list":["post-14032","post","type-post","status-publish","format-standard","has-post-thumbnail","hentry","category-not_mpal"],"aioseo_notices":[],"_links":{"self":[{"href":"https:\/\/www.mpal.mp.br\/index.php?rest_route=\/wp\/v2\/posts\/14032","targetHints":{"allow":["GET"]}}],"collection":[{"href":"https:\/\/www.mpal.mp.br\/index.php?rest_route=\/wp\/v2\/posts"}],"about":[{"href":"https:\/\/www.mpal.mp.br\/index.php?rest_route=\/wp\/v2\/types\/post"}],"author":[{"embeddable":true,"href":"https:\/\/www.mpal.mp.br\/index.php?rest_route=\/wp\/v2\/users\/5"}],"replies":[{"embeddable":true,"href":"https:\/\/www.mpal.mp.br\/index.php?rest_route=%2Fwp%2Fv2%2Fcomments&post=14032"}],"version-history":[{"count":1,"href":"https:\/\/www.mpal.mp.br\/index.php?rest_route=\/wp\/v2\/posts\/14032\/revisions"}],"predecessor-version":[{"id":14034,"href":"https:\/\/www.mpal.mp.br\/index.php?rest_route=\/wp\/v2\/posts\/14032\/revisions\/14034"}],"wp:featuredmedia":[{"embeddable":true,"href":"https:\/\/www.mpal.mp.br\/index.php?rest_route=\/wp\/v2\/media\/14029"}],"wp:attachment":[{"href":"https:\/\/www.mpal.mp.br\/index.php?rest_route=%2Fwp%2Fv2%2Fmedia&parent=14032"}],"wp:term":[{"taxonomy":"category","embeddable":true,"href":"https:\/\/www.mpal.mp.br\/index.php?rest_route=%2Fwp%2Fv2%2Fcategories&post=14032"},{"taxonomy":"post_tag","embeddable":true,"href":"https:\/\/www.mpal.mp.br\/index.php?rest_route=%2Fwp%2Fv2%2Ftags&post=14032"}],"curies":[{"name":"wp","href":"https:\/\/api.w.org\/{rel}","templated":true}]}}