{"id":14027,"date":"2014-09-24T09:49:37","date_gmt":"2014-09-24T12:49:37","guid":{"rendered":"https:\/\/www.mpal.mp.br\/?p=14027"},"modified":"2022-07-28T09:50:57","modified_gmt":"2022-07-28T12:50:57","slug":"abertura-do-v-encontro-nacional-de-memoriais-do-ministerio-publico-destaca-preservacao-da-memoria-do-mp-brasileiro","status":"publish","type":"post","link":"https:\/\/www.mpal.mp.br\/?p=14027","title":{"rendered":"Abertura do V Encontro Nacional de Memoriais do Minist\u00e9rio P\u00fablico destaca preserva\u00e7\u00e3o da mem\u00f3ria do MP brasileiro"},"content":{"rendered":"<p style=\"text-align: justify;\"><span style=\"font-size: 14pt;\">Come\u00e7ou na noite desta quarta-feira (24) o V Encontro Nacional de Memoriais do Minist\u00e9rio P\u00fablico, promovido pelo Minist\u00e9rio P\u00fablico do Estado de Alagoas (MPE\/AL). O evento seguir\u00e1 at\u00e9 sexta-feira com a participa\u00e7\u00e3o de representantes de \u00f3rg\u00e3os ministeriais de 19 estados. Ao final do encontro, os participantes v\u00e3o elaborar a Carta de Macei\u00f3 com o objetivo de definir pol\u00edticas para a \u00e1rea de mem\u00f3ria do MP Brasileiro.<\/span><\/p>\n<p style=\"text-align: justify;\"><span style=\"font-size: 14pt;\">Coube ao procurador-geral de Justi\u00e7a, S\u00e9rgio Juc\u00e1, realizar a abertura oficial do encontro, que aconteceu no audit\u00f3rio Edgar Valente de Lima Filho, do pr\u00e9dio-sede da Procuradoria Geral de Justi\u00e7a, no bairro do Po\u00e7o. \u201cNossa pequena unidade do Minist\u00e9rio P\u00fablico Brasileiro tamb\u00e9m possui membros da melhor qualidade que se mant\u00eam firme na luta pelos direitos coletivos, difusos e indispon\u00edveis da popula\u00e7\u00e3o. O pr\u00f3prio desembargador H\u00e9lio Cabral, que d\u00e1 nome ao nosso memorial, foi uma grande promotor de Justi\u00e7a, tanto que sua hist\u00f3ria \u00e9 ligada diretamente \u00e0 hist\u00f3ria do MP Alagoano. Assim, desejo que voc\u00eas possam aproveitar esses dias de enriquecimento cultural e tamb\u00e9m as belezas do nosso estado e o acolhimento do nosso povo hospitaleiro, a partir de Macei\u00f3&#8221;.<\/span><\/p>\n<p style=\"text-align: justify;\"><span style=\"font-size: 14pt;\">J\u00e1 o procurador de Justi\u00e7a Lean Ant\u00f4nio Ferreira de Ara\u00fajo, que era o chefe do MPE\/AL no momento da cria\u00e7\u00e3o do Memorial Desembargador H\u00e9lico Cabral, dividiu os m\u00e9ritos com os integrantes do Col\u00e9gio de Procuradores de Justi\u00e7a da \u00e9poca, a promotora de Justi\u00e7a K\u00edcia Cabral e outros membros. \u201cDemos os primeiros passos para garantir a preserva\u00e7\u00e3o da hist\u00f3ria do Minist\u00e9rio P\u00fablico de Alagoas. Est\u00e1 claro que a import\u00e2ncia do memorial vai al\u00e9m de garantir a nossa mem\u00f3ria enquanto institui\u00e7\u00e3o. Vale tamb\u00e9m pela participa\u00e7\u00e3o na forma\u00e7\u00e3o dos jovens e dos universit\u00e1rios, que devem ter a oportunidade de conhecer melhor esta Casa e, sempre que poss\u00edvel, conversar com promotores e procuradores de Justi\u00e7a sobre seu trabalho\u201d, destacou.<\/span><\/p>\n<p style=\"text-align: justify;\"><span style=\"font-size: 14pt;\"><strong>Primavera dos museus<\/strong><\/span><\/p>\n<p style=\"text-align: justify;\"><span style=\"font-size: 14pt;\">Em seguida, foi a vez do presidente do Instituto Brasileiro de Museus (Ibram), \u00c2ngelo Oswaldo de Ara\u00fajo Santos, discorrer sobre a import\u00e2ncia da preserva\u00e7\u00e3o da mem\u00f3ria brasileira. Satisfeito com o que encontrou no Memorial Desembargador H\u00e9lico Cabral (MDHC), ele deu in\u00edcio a palestra abordando o papel concedido pela Constitui\u00e7\u00e3o Federal de 1988 ao Minist\u00e9rio P\u00fablico de zelar pelo patrim\u00f4nio material e imaterial; neste, a cultura, a hist\u00f3ria e arte. \u00c2ngelo Oswaldo resgatou, em sua fala, a evolu\u00e7\u00e3o e os principais momentos do museu no pa\u00eds junto \u00e0s grandes manifesta\u00e7\u00f5es art\u00edsticas de ressignifica\u00e7\u00e3o da identidade brasileira. \u201cN\u00e3o se preserva a hist\u00f3ria apenas por preservar. Preserva-se para produzir refer\u00eancias, mem\u00f3rias, s\u00edmbolos. O homem est\u00e1 sempre produzindo signos, e \u00e9 nesse universo de signos que constru\u00edmos a cultura. Sem o resgate de nossa origem, \u00e9 imposs\u00edvel produzir algo realmente in\u00e9dito&#8221;, destacou.<\/span><\/p>\n<p style=\"text-align: justify;\"><span style=\"font-size: 14pt;\">\u201cPor outro lado, o cuidado com nossa hist\u00f3ria tamb\u00e9m faz parte da consolida\u00e7\u00e3o da cidadania e da democracia em nosso pa\u00eds. Vejo uma rela\u00e7\u00e3o direta com o abandono da nossa mem\u00f3ria com o aumento da viol\u00eancia urbana. Na medida e que se perde as refer\u00eancias, o crime cresce exatamente porque destr\u00f3i o sentimento de pertencimento \u00e0quele espa\u00e7o. O ambiente passa a n\u00e3o comunicar nada a seus moradores, que se tornam verdadeiros zumbis. Tanta mudan\u00e7a, tanta estereotipifica\u00e7\u00e3o apenas faz com que ningu\u00e9m mais consiga se identificar com o meio\u201d, completou o presidente do IPAM, que elogiou a realiza\u00e7\u00e3o do encontro em plena \u201cprimavera dos museus\u201d, completou o presidente do Ibram.<\/span><\/p>\n<p style=\"text-align: justify;\"><span style=\"font-size: 14pt;\">Os participantes tamb\u00e9m visitaram o Memorial Desembargador H\u00e9lio Cabral do MPE\/AL, onde tiveram acesso \u00e0 exposi\u00e7\u00e3o permanente sobre a hist\u00f3ria do Minist\u00e9rio P\u00fablico em Alagoas. L\u00e1, eles encontraram pe\u00e7as, joias, fotografias, documentos e publica\u00e7\u00f5es doados por promotores e procuradores de Justi\u00e7a ou por familiares de antigos membros.<\/span><\/p>\n<p style=\"text-align: justify;\"><span style=\"font-size: 14pt;\"><strong>Defesa da mem\u00f3ria<\/strong><\/span><\/p>\n<p style=\"text-align: justify;\"><span style=\"font-size: 14pt;\">O procurador de Justi\u00e7a Militar Clauro Roberto de Bortolli considerou que o encontro est\u00e1 sendo realizado num bom momento de consolida\u00e7\u00e3o das pol\u00edticas de preserva\u00e7\u00e3o da mem\u00f3ria do MP Brasileiro. \u201cNa atual conjuntura, podemos determinar resolu\u00e7\u00f5es para dar uma maior unidade nacional aos trabalhos desenvolvidos na \u00e1rea de mem\u00f3ria por meio de incentivos igualit\u00e1rios a cada institui\u00e7\u00e3o. Nesse sentido, crescemos muito nos \u00faltimos tempos e temos muito a crescer, principalmente com a cria\u00e7\u00e3o da Comiss\u00e3o Tempor\u00e1ria de Preserva\u00e7\u00e3o da Mem\u00f3ria Institucional do Minist\u00e9rio P\u00fablico.\u201d, disse.<\/span><\/p>\n<p style=\"text-align: justify;\"><span style=\"font-size: 14pt;\">Outra autoridade presente na abertura do V Encontro Nacional dos Memoriais foi a procuradora-geral de Justi\u00e7a do Minist\u00e9rio P\u00fablico do Distrito Federal e Territ\u00f3rios, Eunice Pereira Amorim Carvalhido. Ela, entende que a preserva\u00e7\u00e3o da mem\u00f3ria \u00e9 indispens\u00e1vel para toda e qualquer institui\u00e7\u00e3o. \u201cCom os memoriais, cria-se um elo entre ele e a sociedade, entre o interno e o externo. Al\u00e9m disso, no caso do MP Brasileiro, passamos a ter um olhar mais abrangente porque se, antes, t\u00ednhamos um cuidado apenas com o patrim\u00f4nio imaterial de outras institui\u00e7\u00f5es, agora, passamos a ter tamb\u00e9m com a nossa mem\u00f3ria\u201d, destacou.<\/span><\/p>\n<p style=\"text-align: justify;\"><span style=\"font-size: 14pt;\">\u201cA mem\u00f3ria do Minist\u00e9rio P\u00fablico deve ser preservada para as gera\u00e7\u00f5es futuras. O Conselho Nacional do Minist\u00e9rio P\u00fablico deve aplicar, em breve, um projeto para que todo \u00f3rg\u00e3o ministerial tenha um espa\u00e7o de mem\u00f3ria. Alagoas, por exemplo, \u00e9 um dos estados pioneiros nesse trabalho de preserva\u00e7\u00e3o da mem\u00f3ria\u201d, defendeu o subprocurador-geral do Minist\u00e9rio P\u00fablico Militar do Distrito Federal, Giovanni Rattacaso, que tamb\u00e9m representa a Associa\u00e7\u00e3o dos Procuradores-Gerais de Justi\u00e7a do Minist\u00e9rio P\u00fablico Militar.<\/span><\/p>\n","protected":false},"excerpt":{"rendered":"<p> [&hellip;]<\/p>\n","protected":false},"author":5,"featured_media":14030,"comment_status":"open","ping_status":"open","sticky":false,"template":"","format":"standard","meta":{"om_disable_all_campaigns":false,"_monsterinsights_skip_tracking":false,"_monsterinsights_sitenote_active":false,"_monsterinsights_sitenote_note":"","_monsterinsights_sitenote_category":0,"_uf_show_specific_survey":0,"_uf_disable_surveys":false,"footnotes":""},"categories":[2],"tags":[],"class_list":["post-14027","post","type-post","status-publish","format-standard","has-post-thumbnail","hentry","category-not_mpal"],"aioseo_notices":[],"_links":{"self":[{"href":"https:\/\/www.mpal.mp.br\/index.php?rest_route=\/wp\/v2\/posts\/14027","targetHints":{"allow":["GET"]}}],"collection":[{"href":"https:\/\/www.mpal.mp.br\/index.php?rest_route=\/wp\/v2\/posts"}],"about":[{"href":"https:\/\/www.mpal.mp.br\/index.php?rest_route=\/wp\/v2\/types\/post"}],"author":[{"embeddable":true,"href":"https:\/\/www.mpal.mp.br\/index.php?rest_route=\/wp\/v2\/users\/5"}],"replies":[{"embeddable":true,"href":"https:\/\/www.mpal.mp.br\/index.php?rest_route=%2Fwp%2Fv2%2Fcomments&post=14027"}],"version-history":[{"count":1,"href":"https:\/\/www.mpal.mp.br\/index.php?rest_route=\/wp\/v2\/posts\/14027\/revisions"}],"predecessor-version":[{"id":14031,"href":"https:\/\/www.mpal.mp.br\/index.php?rest_route=\/wp\/v2\/posts\/14027\/revisions\/14031"}],"wp:featuredmedia":[{"embeddable":true,"href":"https:\/\/www.mpal.mp.br\/index.php?rest_route=\/wp\/v2\/media\/14030"}],"wp:attachment":[{"href":"https:\/\/www.mpal.mp.br\/index.php?rest_route=%2Fwp%2Fv2%2Fmedia&parent=14027"}],"wp:term":[{"taxonomy":"category","embeddable":true,"href":"https:\/\/www.mpal.mp.br\/index.php?rest_route=%2Fwp%2Fv2%2Fcategories&post=14027"},{"taxonomy":"post_tag","embeddable":true,"href":"https:\/\/www.mpal.mp.br\/index.php?rest_route=%2Fwp%2Fv2%2Ftags&post=14027"}],"curies":[{"name":"wp","href":"https:\/\/api.w.org\/{rel}","templated":true}]}}