{"id":14017,"date":"2014-09-26T09:43:58","date_gmt":"2014-09-26T12:43:58","guid":{"rendered":"https:\/\/www.mpal.mp.br\/?p=14017"},"modified":"2022-07-28T09:44:50","modified_gmt":"2022-07-28T12:44:50","slug":"v-encontro-de-memoriais-gts-apontam-sugestoes-para-areas-de-memoria-institucional-gestao-documental-historia-oral-e-dialogo-com-a-comunidade","status":"publish","type":"post","link":"https:\/\/www.mpal.mp.br\/?p=14017","title":{"rendered":"V Encontro de Memoriais: GTs apontam sugest\u00f5es para \u00e1reas de mem\u00f3ria institucional, gest\u00e3o documental, hist\u00f3ria oral e di\u00e1logo com a comunidade"},"content":{"rendered":"<p style=\"text-align: justify;\"><span style=\"font-size: 14pt;\">Na manh\u00e3 desta sexta-feira (26), os participantes deram continuidade ao V Encontro Nacional de Memoriais do Minist\u00e9rio P\u00fablico com a apresenta\u00e7\u00e3o do conte\u00fado elaborado nos grupos de trabalho tem\u00e1ticos ainda na tarde do segundo dia de evento. Os temas em debate foram Mem\u00f3ria e Gest\u00e3o Documental, Mem\u00f3ria Institucional e Hist\u00f3ria Oral, e Mem\u00f3ria Institucional e Di\u00e1logo com a Comunidade. As sugest\u00f5es de cada um deles v\u00e3o integrar a Carta de Macei\u00f3.<\/span><\/p>\n<p style=\"text-align: justify;\"><span style=\"font-size: 14pt;\">No primeiro deles, o de Mem\u00f3ria e Gest\u00e3o Documental, ressaltou-se a necessidade de cria\u00e7\u00e3o e implanta\u00e7\u00e3o de um Programa Nacional de Gest\u00e3o Documental e Mem\u00f3ria do Minist\u00e9rio P\u00fablico, segundo normas gerais a serem estabelecidas pelo Conselho Nacional do Minist\u00e9rio P\u00fablico. A elabora\u00e7\u00e3o das normas tamb\u00e9m contaria com a participa\u00e7\u00e3o de especialistas e representantes dos Minist\u00e9rios P\u00fablicos (MPs).<\/span><\/p>\n<p style=\"text-align: justify;\"><span style=\"font-size: 14pt;\">Para isso, cada MP deve montar equipe t\u00e9cnica qualificada para subsidiar a implanta\u00e7\u00e3o e o funcionamento dos memoriais e dos sistemas de gest\u00e3o documental a fim de garantir a autenticidade da coleta das pesquisas e coleta dos conte\u00fados que compor\u00e3o seu acervo. Assim, no quadro funcional de cada institui\u00e7\u00e3o, deve ser previsto os cargos de historiadores, arquivistas, muse\u00f3logos e bibliotec\u00e1rios.<\/span><\/p>\n<p style=\"text-align: justify;\"><span style=\"font-size: 14pt;\">\u201cOs \u00f3rg\u00e3os de execu\u00e7\u00e3o do Minist\u00e9rio P\u00fablico com atribui\u00e7\u00f5es na defesa do patrim\u00f4nio cultural devem fiscalizar o estado de acondicionamento, conserva\u00e7\u00e3o, organiza\u00e7\u00e3o e preserva\u00e7\u00e3o dos livros, processos, documentos e objetos sob a guarda dos servi\u00e7os notariais e de registros, bem como autos processuais findos existentes na comarca, principalmente aqueles que remontam aos s\u00e9culos passados\u201d, destaca o grupo. Os integrantes refor\u00e7aram ainda a necessidade or\u00e7ament\u00e1ria espec\u00edfica ao desenvolvimento de a\u00e7\u00f5es voltadas para a gest\u00e3o de documentos e mem\u00f3ria.<\/span><\/p>\n<p style=\"text-align: justify;\"><span style=\"font-size: 14pt;\"><strong>Hist\u00f3ria Oral<\/strong><\/span><\/p>\n<p style=\"text-align: justify;\"><span style=\"font-size: 14pt;\">Os participantes do grupo de trabalho Mem\u00f3ria Institucional e Hist\u00f3ria Oral defenderam a coleta de depoimentos como estrat\u00e9gica para a potencializa\u00e7\u00e3o da hist\u00f3ria do Minist\u00e9rio P\u00fablico. A entrevista de personagens relacionadas a mem\u00f3ria da institui\u00e7\u00e3o se faz urgente para sua preserva\u00e7\u00e3o, ainda mais quando houver risco de perecimento das fontes.<\/span><\/p>\n<p style=\"text-align: justify;\"><span style=\"font-size: 14pt;\">\u201cA coleta da mem\u00f3ria oral deve ser precedida de metodologia adequada, de modo a garantir a seguran\u00e7a do conte\u00fado e preserva\u00e7\u00e3o dos direitos autorais. Ela tamb\u00e9m deve privilegiar a democratiza\u00e7\u00e3o da participa\u00e7\u00e3o de membros, servidores e destinat\u00e1rios da atua\u00e7\u00e3o institucional\u201d, destacaram os membros do grupo na apresenta\u00e7\u00e3o das suas resolu\u00e7\u00f5es.<\/span><\/p>\n<p style=\"text-align: justify;\"><span style=\"font-size: 14pt;\">O grupo tamb\u00e9m chamou a aten\u00e7\u00e3o para o fato da hist\u00f3ria oral possuir elementos \u00fanicos, tais como a subjetividade, uma vez que \u00e9 representa fonte documental constru\u00edda pelo historiador, com grande dimens\u00e3o para a percep\u00e7\u00e3o da hist\u00f3ria no futuro. Dessa forma, estimula-se o processo de pesquisa e cataloga\u00e7\u00e3o de documentos.<\/span><\/p>\n<p style=\"text-align: justify;\"><span style=\"font-size: 14pt;\"><strong>Di\u00e1logo com a comunidade<\/strong><\/span><\/p>\n<p style=\"text-align: justify;\"><span style=\"font-size: 14pt;\">Para o grupo de trabalho Mem\u00f3ria Institucional e Di\u00e1logo com a Comunidade, o Minist\u00e9rio P\u00fablico brasileiro deve promover a rela\u00e7\u00e3o da hist\u00f3ria do \u00f3rg\u00e3o com a sociedade a partir de duas vertentes. Uma delas seria voltada para jovens e adultos, atrav\u00e9s de simp\u00f3sios e semin\u00e1rios, com acad\u00eamicos e profissionais da \u00e1rea de Direito, Hist\u00f3ria, Arquivologia, Comunica\u00e7\u00e3o Social, Biblioteconomia e \u00e1reas afins.<\/span><\/p>\n<p style=\"text-align: justify;\"><span style=\"font-size: 14pt;\">J\u00e1 a segunda vertente teria como alvo crian\u00e7as e adolescentes, por meio de din\u00e2micas com estudantes de ensino fundamental e m\u00e9dio, nas depend\u00eancias do Memorial e do Minist\u00e9rio P\u00fablico, tais como visita\u00e7\u00e3o, apresenta\u00e7\u00e3o art\u00edstica, atividades pedag\u00f3gicas, condecora\u00e7\u00f5es ou premia\u00e7\u00e3o dos estudantes e distribui\u00e7\u00e3o de material promocional\/informativo.<\/span><\/p>\n<p style=\"text-align: justify;\"><span style=\"font-size: 14pt;\">\u201cA interlocu\u00e7\u00e3o e a articula\u00e7\u00e3o do Minist\u00e9rio P\u00fablico tanto internamente quanto com os diversos atores envolvidos na defesa do patrim\u00f4nio cultural e a sociedade \u00e9 o que garante resultados significativos das a\u00e7\u00f5es de preserva\u00e7\u00e3o e promo\u00e7\u00e3o da mem\u00f3ria coletiva\u201d, disse a servidora do Minist\u00e9rio P\u00fablico do Estado do Esp\u00edrito Santo, Simone da Silva \u00c1vila, em nome do grupo.<\/span><\/p>\n<p style=\"text-align: justify;\"><span style=\"font-size: 14pt;\">Simone \u00c1vila tamb\u00e9m usou sua interven\u00e7\u00e3o para informar que o VI Encontro Nacional de Memorias ser\u00e1 promovido pela MP capixaba no segundo semestre. \u201cTodos est\u00e3o convidados para participar do evento e constru\u00ed-lo coletivamente, como estamos fazendo at\u00e9 agora\u201d, completou.<\/span><\/p>\n","protected":false},"excerpt":{"rendered":"<p> [&hellip;]<\/p>\n","protected":false},"author":5,"featured_media":14019,"comment_status":"open","ping_status":"open","sticky":false,"template":"","format":"standard","meta":{"om_disable_all_campaigns":false,"_monsterinsights_skip_tracking":false,"_monsterinsights_sitenote_active":false,"_monsterinsights_sitenote_note":"","_monsterinsights_sitenote_category":0,"_uf_show_specific_survey":0,"_uf_disable_surveys":false,"footnotes":""},"categories":[2],"tags":[],"class_list":["post-14017","post","type-post","status-publish","format-standard","has-post-thumbnail","hentry","category-not_mpal"],"aioseo_notices":[],"_links":{"self":[{"href":"https:\/\/www.mpal.mp.br\/index.php?rest_route=\/wp\/v2\/posts\/14017","targetHints":{"allow":["GET"]}}],"collection":[{"href":"https:\/\/www.mpal.mp.br\/index.php?rest_route=\/wp\/v2\/posts"}],"about":[{"href":"https:\/\/www.mpal.mp.br\/index.php?rest_route=\/wp\/v2\/types\/post"}],"author":[{"embeddable":true,"href":"https:\/\/www.mpal.mp.br\/index.php?rest_route=\/wp\/v2\/users\/5"}],"replies":[{"embeddable":true,"href":"https:\/\/www.mpal.mp.br\/index.php?rest_route=%2Fwp%2Fv2%2Fcomments&post=14017"}],"version-history":[{"count":1,"href":"https:\/\/www.mpal.mp.br\/index.php?rest_route=\/wp\/v2\/posts\/14017\/revisions"}],"predecessor-version":[{"id":14021,"href":"https:\/\/www.mpal.mp.br\/index.php?rest_route=\/wp\/v2\/posts\/14017\/revisions\/14021"}],"wp:featuredmedia":[{"embeddable":true,"href":"https:\/\/www.mpal.mp.br\/index.php?rest_route=\/wp\/v2\/media\/14019"}],"wp:attachment":[{"href":"https:\/\/www.mpal.mp.br\/index.php?rest_route=%2Fwp%2Fv2%2Fmedia&parent=14017"}],"wp:term":[{"taxonomy":"category","embeddable":true,"href":"https:\/\/www.mpal.mp.br\/index.php?rest_route=%2Fwp%2Fv2%2Fcategories&post=14017"},{"taxonomy":"post_tag","embeddable":true,"href":"https:\/\/www.mpal.mp.br\/index.php?rest_route=%2Fwp%2Fv2%2Ftags&post=14017"}],"curies":[{"name":"wp","href":"https:\/\/api.w.org\/{rel}","templated":true}]}}