{"id":14006,"date":"2014-11-28T09:40:43","date_gmt":"2014-11-28T11:40:43","guid":{"rendered":"https:\/\/www.mpal.mp.br\/?p=14006"},"modified":"2022-07-28T09:41:35","modified_gmt":"2022-07-28T12:41:35","slug":"conselheiro-do-cnmp-visita-memorial-desembargador-helio-cabral","status":"publish","type":"post","link":"https:\/\/www.mpal.mp.br\/?p=14006","title":{"rendered":"Conselheiro do CNMP visita Memorial Desembargador H\u00e9lio Cabral"},"content":{"rendered":"<p style=\"text-align: justify;\"><span style=\"font-size: 14pt;\">O Memorial Desembargador H\u00e9lio Cabral do Minist\u00e9rio P\u00fablico do Estado de Alagoas (MDHC-MPE\/AL) recebeu, nesta quinta-feira (27), a visita do membro do Conselho Nacional do Minist\u00e9rio P\u00fablico, Jarbas Soares J\u00fanior, que \u00e9 procurador de Justi\u00e7a por Minas Gerais.<\/span><\/p>\n<p style=\"text-align: justify;\"><span style=\"font-size: 14pt;\">O conselheiro conheceu um pouco mais da hist\u00f3ria do Parquet alagoano ao lado do procurador-geral de Justi\u00e7a, S\u00e9rgio Juc\u00e1, e da curadora do memorial, promotora de Justi\u00e7a K\u00edcia Cabral.<\/span><\/p>\n<p style=\"text-align: justify;\"><span style=\"font-size: 14pt;\">Jarbas Soares veio \u00e0 Macei\u00f3 para participar do XII Congresso Nacional do Minist\u00e9rio P\u00fablico de Contas, que segue at\u00e9 esta sexta-feira. Na visita ao MPE\/AL, ele elogiou o espa\u00e7o destinado \u00e0 narrativa hist\u00f3ria da institui\u00e7\u00e3o.<\/span><\/p>\n<p style=\"text-align: justify;\"><span style=\"font-size: 14pt;\">\u201cO Minist\u00e9rio P\u00fablico de Alagoas se encontra num est\u00e1gio avan\u00e7ado na preserva\u00e7\u00e3o de sua mem\u00f3ria, informatiza\u00e7\u00e3o do acervo hist\u00f3rico e muito bem estruturado no que toca o memorial\u201d, disse.<\/span><\/p>\n<p style=\"text-align: justify;\"><span style=\"font-size: 14pt;\"><strong>Jarbas Soares<\/strong><\/span><\/p>\n<p style=\"text-align: justify;\"><span style=\"font-size: 14pt;\">O conselheiro foi procurador-geral de Justi\u00e7a de Minas Gerais por duas vezes, nos bi\u00eanios de 2004 a 2006 e de 2006 a 2008. J\u00e1 foi tamb\u00e9m vice-presidente do Conselho Nacional dos Procuradores-Gerais dos Minist\u00e9rios P\u00fablicos dos Estados e da Uni\u00e3o (CNPG) e presidente da Associa\u00e7\u00e3o Brasileira do Minist\u00e9rio P\u00fablico do Meio Ambiente (ABRAMPA).<\/span><\/p>\n<p style=\"text-align: justify;\"><span style=\"font-size: 14pt;\">Ele \u00c9 um dos autores do \u201cManual de Atua\u00e7\u00e3o do Promotor de Justi\u00e7a\u201d e coordenou a edi\u00e7\u00e3o de obras como \u201cO Meio Ambiente na vis\u00e3o do Minist\u00e9rio P\u00fablico e da Magistratura\u201d e \u201cEfetividade do Direito Ambiental\u201d, ambas de 2008.<\/span><\/p>\n","protected":false},"excerpt":{"rendered":"<p> [&hellip;]<\/p>\n","protected":false},"author":5,"featured_media":14007,"comment_status":"open","ping_status":"open","sticky":false,"template":"","format":"standard","meta":{"om_disable_all_campaigns":false,"_monsterinsights_skip_tracking":false,"_monsterinsights_sitenote_active":false,"_monsterinsights_sitenote_note":"","_monsterinsights_sitenote_category":0,"_uf_show_specific_survey":0,"_uf_disable_surveys":false,"footnotes":""},"categories":[2],"tags":[],"class_list":["post-14006","post","type-post","status-publish","format-standard","has-post-thumbnail","hentry","category-not_mpal"],"aioseo_notices":[],"_links":{"self":[{"href":"https:\/\/www.mpal.mp.br\/index.php?rest_route=\/wp\/v2\/posts\/14006","targetHints":{"allow":["GET"]}}],"collection":[{"href":"https:\/\/www.mpal.mp.br\/index.php?rest_route=\/wp\/v2\/posts"}],"about":[{"href":"https:\/\/www.mpal.mp.br\/index.php?rest_route=\/wp\/v2\/types\/post"}],"author":[{"embeddable":true,"href":"https:\/\/www.mpal.mp.br\/index.php?rest_route=\/wp\/v2\/users\/5"}],"replies":[{"embeddable":true,"href":"https:\/\/www.mpal.mp.br\/index.php?rest_route=%2Fwp%2Fv2%2Fcomments&post=14006"}],"version-history":[{"count":1,"href":"https:\/\/www.mpal.mp.br\/index.php?rest_route=\/wp\/v2\/posts\/14006\/revisions"}],"predecessor-version":[{"id":14008,"href":"https:\/\/www.mpal.mp.br\/index.php?rest_route=\/wp\/v2\/posts\/14006\/revisions\/14008"}],"wp:featuredmedia":[{"embeddable":true,"href":"https:\/\/www.mpal.mp.br\/index.php?rest_route=\/wp\/v2\/media\/14007"}],"wp:attachment":[{"href":"https:\/\/www.mpal.mp.br\/index.php?rest_route=%2Fwp%2Fv2%2Fmedia&parent=14006"}],"wp:term":[{"taxonomy":"category","embeddable":true,"href":"https:\/\/www.mpal.mp.br\/index.php?rest_route=%2Fwp%2Fv2%2Fcategories&post=14006"},{"taxonomy":"post_tag","embeddable":true,"href":"https:\/\/www.mpal.mp.br\/index.php?rest_route=%2Fwp%2Fv2%2Ftags&post=14006"}],"curies":[{"name":"wp","href":"https:\/\/api.w.org\/{rel}","templated":true}]}}