{"id":14001,"date":"2015-06-11T09:39:23","date_gmt":"2015-06-11T12:39:23","guid":{"rendered":"https:\/\/www.mpal.mp.br\/?p=14001"},"modified":"2022-07-28T09:40:15","modified_gmt":"2022-07-28T12:40:15","slug":"estudante-da-escola-campos-teixeira-visitam-memorial-desembargador-helio-cabral","status":"publish","type":"post","link":"https:\/\/www.mpal.mp.br\/?p=14001","title":{"rendered":"Estudante da Escola Campos Teixeira visitam Memorial Desembargador H\u00e9lio Cabral"},"content":{"rendered":"<p style=\"text-align: justify;\"><span style=\"font-size: 14pt;\">Em mais uma a\u00e7\u00e3o do projeto \u201cA Escola Vai ao Memorial e ao Minist\u00e9rio P\u00fablico\u201d, estudantes da Escola Estadual Campos Teixeira visitaram, nesta quarta-feira (11), o Memorial Desembargador H\u00e9lio Cabral. Acompanhados da professora Idalene Siqueira, os discentes do Ensino M\u00e9dio tiveram acesso \u00e0 exposi\u00e7\u00e3o permanente sobre a hist\u00f3ria do Minist\u00e9rio P\u00fablico em Alagoas.<\/span><\/p>\n<p style=\"text-align: justify;\"><span style=\"font-size: 14pt;\">Eles conheceram pe\u00e7as, joias, fotografias, documentos e publica\u00e7\u00f5es doados por promotores e procuradores de Justi\u00e7a ou por familiares de antigos membros. Ap\u00f3s a apresenta\u00e7\u00e3o do espa\u00e7o, a coordenadora do memorial, Gisela Pfau, convidou os jovens a relatarem por meio de texto a experi\u00eancia da visita.<\/span><\/p>\n<p style=\"text-align: justify;\"><span style=\"font-size: 14pt;\">Em resposta a estudante Ana Beatriz, de 17 anos, disse que o museu representa hist\u00f3rias passadas, que, agora, a popula\u00e7\u00e3o pode conhecer. \u201cConhecemos pessoas que j\u00e1 tiveram hist\u00f3ria para contar, objetos interessantes e pe\u00e7as de outros tempos que mostram como se vivia antigamente\u201d, disse. J\u00e1 a discente Lav\u00ednia Stephanny, de 16 anos, falou sobre a institui\u00e7\u00e3o: \u201cO Minist\u00e9rio P\u00fablico representa, para mim, a seguran\u00e7a de que nossos direitos e os do povo sejam exercidos constantemente\u201d.<\/span><\/p>\n<p style=\"text-align: justify;\"><span style=\"font-size: 14pt;\"><strong>O projeto<\/strong><\/span><\/p>\n<p style=\"text-align: justify;\"><span style=\"font-size: 14pt;\">Ao lado do procurador-geral de Justi\u00e7a, S\u00e9rgio Juc\u00e1, a promotora de Justi\u00e7a K\u00edcia Oliveira de Cabral Vasconcelos foi uma das principais respons\u00e1veis por retomar a visita das escolas ao Memorial Desembargador H\u00e9lio Cabral. A promotora destacou que o contato dos estudantes com a hist\u00f3ria do Minist\u00e9rio P\u00fablico Estadual faz parte do projeto \u201cA Escola Vai ao Memorial e ao Minist\u00e9rio P\u00fablico\u201d, que, em outras \u00e9pocas, levou centenas de alunos ao museu da institui\u00e7\u00e3o.<\/span><\/p>\n<p style=\"text-align: justify;\"><span style=\"font-size: 14pt;\">\u201cO projeto permite que esses jovens saibam qual \u00e9 o papel do Minist\u00e9rio P\u00fablico e o quanto cada um deles pode contar com os membros e servidores desta Casa. Veja, estamos falando de uma parcela da popula\u00e7\u00e3o altamente vulner\u00e1vel, n\u00e3o s\u00f3 por conta da idade, como tamb\u00e9m pelas condi\u00e7\u00f5es sociais em que se encontram. Eles precisam e devem saber que a institui\u00e7\u00e3o pode sim ajud\u00e1-los em eventuais dificuldades por meio do contato direto conosco ou mesmo por den\u00fancia an\u00f4nima f\u00edsica ou virtual\u201d, considerou K\u00edcia Cabral.<\/span><\/p>\n<p style=\"text-align: justify;\"><span style=\"font-size: 14pt;\">A coordenadora do memorial, Gisela Pfau, afirmou que as visitas das escolas \u00e0 exposi\u00e7\u00e3o \u201cA hist\u00f3ria do Minist\u00e9rio P\u00fablico em Alagoas\u201d deve continuar ao longo do ano. \u201cQueremos garantir, pelo menos, duas visitas de estudantes por m\u00eas. J\u00e1 contatamos a Secretaria de Estado da Educa\u00e7\u00e3o para motivar os diretores a trazerem os jovens neste momento em que o nosso foco \u00e9 a rede estadual de ensino. Na sequ\u00eancia, vamos contatar a rede municipal e, em seguida, as escolas de cidades do interior. \u00c9 necess\u00e1rio que o poder p\u00fablico garanta a estrutura necess\u00e1ria para os alunos conhecerem o MPE\/A\u201d, disse.<\/span><\/p>\n","protected":false},"excerpt":{"rendered":"<p> [&hellip;]<\/p>\n","protected":false},"author":5,"featured_media":14003,"comment_status":"open","ping_status":"open","sticky":false,"template":"","format":"standard","meta":{"om_disable_all_campaigns":false,"_monsterinsights_skip_tracking":false,"_monsterinsights_sitenote_active":false,"_monsterinsights_sitenote_note":"","_monsterinsights_sitenote_category":0,"_uf_show_specific_survey":0,"_uf_disable_surveys":false,"footnotes":""},"categories":[2],"tags":[],"class_list":["post-14001","post","type-post","status-publish","format-standard","has-post-thumbnail","hentry","category-not_mpal"],"aioseo_notices":[],"_links":{"self":[{"href":"https:\/\/www.mpal.mp.br\/index.php?rest_route=\/wp\/v2\/posts\/14001","targetHints":{"allow":["GET"]}}],"collection":[{"href":"https:\/\/www.mpal.mp.br\/index.php?rest_route=\/wp\/v2\/posts"}],"about":[{"href":"https:\/\/www.mpal.mp.br\/index.php?rest_route=\/wp\/v2\/types\/post"}],"author":[{"embeddable":true,"href":"https:\/\/www.mpal.mp.br\/index.php?rest_route=\/wp\/v2\/users\/5"}],"replies":[{"embeddable":true,"href":"https:\/\/www.mpal.mp.br\/index.php?rest_route=%2Fwp%2Fv2%2Fcomments&post=14001"}],"version-history":[{"count":1,"href":"https:\/\/www.mpal.mp.br\/index.php?rest_route=\/wp\/v2\/posts\/14001\/revisions"}],"predecessor-version":[{"id":14004,"href":"https:\/\/www.mpal.mp.br\/index.php?rest_route=\/wp\/v2\/posts\/14001\/revisions\/14004"}],"wp:featuredmedia":[{"embeddable":true,"href":"https:\/\/www.mpal.mp.br\/index.php?rest_route=\/wp\/v2\/media\/14003"}],"wp:attachment":[{"href":"https:\/\/www.mpal.mp.br\/index.php?rest_route=%2Fwp%2Fv2%2Fmedia&parent=14001"}],"wp:term":[{"taxonomy":"category","embeddable":true,"href":"https:\/\/www.mpal.mp.br\/index.php?rest_route=%2Fwp%2Fv2%2Fcategories&post=14001"},{"taxonomy":"post_tag","embeddable":true,"href":"https:\/\/www.mpal.mp.br\/index.php?rest_route=%2Fwp%2Fv2%2Ftags&post=14001"}],"curies":[{"name":"wp","href":"https:\/\/api.w.org\/{rel}","templated":true}]}}