{"id":13958,"date":"2011-08-17T10:32:54","date_gmt":"2011-08-17T13:32:54","guid":{"rendered":"https:\/\/www.mpal.mp.br\/?p=13958"},"modified":"2022-07-27T10:34:39","modified_gmt":"2022-07-27T13:34:39","slug":"esmp-promove-palestra-sobre-prisao-preventiva","status":"publish","type":"post","link":"https:\/\/www.mpal.mp.br\/?p=13958","title":{"rendered":"ESMP promove palestra sobre Pris\u00e3o Preventiva"},"content":{"rendered":"<p style=\"text-align: justify;\"><span style=\"font-size: 14pt;\">A Escola Superior do Minist\u00e9rio P\u00fablico Estadual (ESMP) promove um debate, na pr\u00f3xima segunda-feira (22), a partir das 9h, sobre a \u201cNova Sistem\u00e1tica da Pris\u00e3o Preventiva\u201d. O juiz Alberto Jorge Correia de Barros Lima, auxiliar da presid\u00eancia do Tribunal de Justi\u00e7a de Alagoas ser\u00e1 o palestrante. Ele vai explicar detalhes sobre a Lei n\u00ba 12.403, de 4 de maio de 2011, que alterou dispositivos do Decreto-Lei n\u00ba 3.689, de 3 de outubro de 1941 \u2013 C\u00f3digo de Processo Penal, relativos \u00e0 pris\u00e3o processual, fian\u00e7a, liberdade provis\u00f3ria, demais medidas cautelares, e outras provid\u00eancias. O evento ser\u00e1 realizado no audit\u00f3rio do pr\u00e9dio-sede do MP, no Po\u00e7o.<\/span><br \/>\n<span style=\"font-size: 14pt;\">Professor universit\u00e1rio e reconhecido como um dos maiores especialistas no Direito Penal em Alagoas, ele foi convidado para palestrar pelo diretor da ESMP, o procurador de Justi\u00e7a S\u00e9rgio Juc\u00e1. Para o procurador, a escolha de um jurista demonstra a preocupa\u00e7\u00e3o da Escola em atualizar os membros do MPE com os temas atuais do mundo jur\u00eddico. Este \u00e9 o terceiro evento relacionado a mudan\u00e7as no CPP. Nas outras duas oportunidades os promotores Marcus Mousinho e Alfredo de Oliveira Silva apresentaram novos aspectos a partir da altera\u00e7\u00e3o na legisla\u00e7\u00e3o.<\/span><br \/>\n<span style=\"font-size: 14pt;\">Alberto Jorge Correia de Barros Lima \u00e9 juiz da 17\u00aa Vara C\u00edvel da Capital &#8211; Fazenda P\u00fablica Estadual, professor doutor da UFAL e coordenador-geral de Cursos da Escola Superior da Magistratura de Alagoas. O semin\u00e1rio \u00e9 voltado para promotores e procuradores de Justi\u00e7a, servidores e estagi\u00e1rios do MPE, mas tamb\u00e9m ser\u00e1 aberto para comunidade. As inscri\u00e7\u00f5es devem ser realizadas at\u00e9 a sexta-feira (19), das 8h \u00e0s 13h, atrav\u00e9s do email\u00a0<a href=\"mailto:esmpal@yahoo.com.br\">esmpal@yahoo.com.br<\/a>, ou atrav\u00e9s do telefone 2122-3716 ou 2122-3701, com os servidores Jo\u00e3o Marcello e Genilson.<\/span><\/p>\n<p style=\"text-align: justify;\"><span style=\"font-size: 14pt;\"><strong>Programa\u00e7\u00e3o:<br \/>\n<\/strong><\/span><\/p>\n<p style=\"text-align: justify;\"><span style=\"font-size: 14pt;\">\u201dA NOVA SISTEM\u00c1TICA DA PRIS\u00c3O PREVENTIVA\u201d<\/span><\/p>\n<p style=\"text-align: justify;\"><span style=\"font-size: 14pt;\">Lei n\u00ba 12.403, de 4 de maio de 2011<\/span><br \/>\n<span style=\"font-size: 14pt;\">(Altera dispositivos do Decreto-Lei n\u00ba 3.689, de 3 de outubro de 1941 \u2013 C\u00f3digo de Processo Penal,<\/span><br \/>\n<span style=\"font-size: 14pt;\">relativos \u00e0 pris\u00e3o processual, fian\u00e7a, liberdade provis\u00f3ria, demais medidas cautelares, e d\u00e1 outras provid\u00eancias)<\/span><\/p>\n<h4 style=\"text-align: justify;\"><span style=\"font-size: 14pt;\">9h \u2013 ABERTURA<\/span><\/h4>\n<p style=\"text-align: justify;\"><span style=\"font-size: 14pt;\">Dr. S\u00e9rgio Rocha Cavalcanti Juc\u00e1<\/span><br \/>\n<span style=\"font-size: 14pt;\">Procurador de Justi\u00e7a<\/span><br \/>\n<span style=\"font-size: 14pt;\">Diretor da ESMP-AL<\/span><\/p>\n<p style=\"text-align: justify;\"><span style=\"font-size: 14pt;\">Dr. Cl\u00e1udio Jos\u00e9 Brand\u00e3o S\u00e1<\/span><br \/>\n<span style=\"font-size: 14pt;\">Promotor de Justi\u00e7a<\/span><\/p>\n<p style=\"text-align: justify;\"><span style=\"font-size: 14pt;\">Secret\u00e1rio de Planejamento da ESMP-AL<\/span><br \/>\n<span style=\"font-size: 14pt;\">Dra. Stela Val\u00e9ria Cavalcanti<\/span><\/p>\n<p style=\"text-align: justify;\"><span style=\"font-size: 14pt;\">Promotora de Justi\u00e7a<\/span><br \/>\n<span style=\"font-size: 14pt;\">Secret\u00e1ria Executiva da ESMP-AL<\/span><\/p>\n<h4 style=\"text-align: justify;\"><span style=\"font-size: 14pt;\">9h30min &#8211; A NOVA SISTEM\u00c1TICA DA PRIS\u00c3O PREVENTIVA<\/span><\/h4>\n<p style=\"text-align: justify;\"><span style=\"font-size: 14pt;\">Alberto Jorge Correia de Barros Lima<\/span><br \/>\n<span style=\"font-size: 14pt;\">Juiz da 17\u00aa Vara C\u00edvel da Capital &#8211; Fazenda P\u00fablica Estadual<\/span><\/p>\n<p style=\"text-align: justify;\"><span style=\"font-size: 14pt;\">Professor Doutor da UFAL<\/span><br \/>\n<span style=\"font-size: 14pt;\">Coordenador Geral de Cursos da ESMAL<\/span><\/p>\n<h4 style=\"text-align: justify;\"><span style=\"font-size: 14pt;\">10h30min \u2013 DEBATE<\/span><\/h4>\n<p style=\"text-align: justify;\"><span style=\"font-size: 14pt;\">22 de AGOSTO de 2011 (segunda-feira) \u2013 9 horas<\/span><br \/>\n<span style=\"font-size: 14pt;\">Audit\u00f3rio da Procuradoria Geral de Justi\u00e7a do Estado de Alagoas<\/span><br \/>\n<span style=\"font-size: 14pt;\">Rua Dr. Pedro Jorge de Melo e Silva, 79, Edf. Carlos Guido Ferr\u00e1rio Lobo, 5\u00ba andar, Po\u00e7o, Macei\u00f3\/AL.<\/span><\/p>\n<p style=\"text-align: justify;\"><span style=\"font-size: 14pt;\">VAGAS LIMITADAS. Inscri\u00e7\u00f5es at\u00e9 19 de agosto (sexta-feira), das 8h \u00e0s 13h.<\/span><\/p>\n<p style=\"text-align: justify;\"><span style=\"font-size: 14pt;\">ESMP-AL \u2013 Escola Superior do Minist\u00e9rio P\u00fablico de Alagoas<\/span><br \/>\n<span style=\"font-size: 14pt;\">Telefone: 2122-3716 \/ E-mail\u00a0<a href=\"mailto:esmpal@yahoo.com.br\">esmpal@yahoo.com.br<\/a><\/span><\/p>\n","protected":false},"excerpt":{"rendered":"<p> [&hellip;]<\/p>\n","protected":false},"author":4,"featured_media":13959,"comment_status":"open","ping_status":"open","sticky":false,"template":"","format":"standard","meta":{"om_disable_all_campaigns":false,"_monsterinsights_skip_tracking":false,"_monsterinsights_sitenote_active":false,"_monsterinsights_sitenote_note":"","_monsterinsights_sitenote_category":0,"_uf_show_specific_survey":0,"_uf_disable_surveys":false,"footnotes":""},"categories":[19,2],"tags":[],"class_list":["post-13958","post","type-post","status-publish","format-standard","has-post-thumbnail","hentry","category-not_esmp","category-not_mpal"],"aioseo_notices":[],"_links":{"self":[{"href":"https:\/\/www.mpal.mp.br\/index.php?rest_route=\/wp\/v2\/posts\/13958","targetHints":{"allow":["GET"]}}],"collection":[{"href":"https:\/\/www.mpal.mp.br\/index.php?rest_route=\/wp\/v2\/posts"}],"about":[{"href":"https:\/\/www.mpal.mp.br\/index.php?rest_route=\/wp\/v2\/types\/post"}],"author":[{"embeddable":true,"href":"https:\/\/www.mpal.mp.br\/index.php?rest_route=\/wp\/v2\/users\/4"}],"replies":[{"embeddable":true,"href":"https:\/\/www.mpal.mp.br\/index.php?rest_route=%2Fwp%2Fv2%2Fcomments&post=13958"}],"version-history":[{"count":2,"href":"https:\/\/www.mpal.mp.br\/index.php?rest_route=\/wp\/v2\/posts\/13958\/revisions"}],"predecessor-version":[{"id":13961,"href":"https:\/\/www.mpal.mp.br\/index.php?rest_route=\/wp\/v2\/posts\/13958\/revisions\/13961"}],"wp:featuredmedia":[{"embeddable":true,"href":"https:\/\/www.mpal.mp.br\/index.php?rest_route=\/wp\/v2\/media\/13959"}],"wp:attachment":[{"href":"https:\/\/www.mpal.mp.br\/index.php?rest_route=%2Fwp%2Fv2%2Fmedia&parent=13958"}],"wp:term":[{"taxonomy":"category","embeddable":true,"href":"https:\/\/www.mpal.mp.br\/index.php?rest_route=%2Fwp%2Fv2%2Fcategories&post=13958"},{"taxonomy":"post_tag","embeddable":true,"href":"https:\/\/www.mpal.mp.br\/index.php?rest_route=%2Fwp%2Fv2%2Ftags&post=13958"}],"curies":[{"name":"wp","href":"https:\/\/api.w.org\/{rel}","templated":true}]}}