{"id":13955,"date":"2011-11-19T10:29:44","date_gmt":"2011-11-19T12:29:44","guid":{"rendered":"https:\/\/www.mpal.mp.br\/?p=13955"},"modified":"2022-07-27T10:32:49","modified_gmt":"2022-07-27T13:32:49","slug":"esmp-promove-palestra-sobre-armas-de-fogo-no-dia-28","status":"publish","type":"post","link":"https:\/\/www.mpal.mp.br\/?p=13955","title":{"rendered":"ESMP promove palestra sobre armas de fogo no dia 28"},"content":{"rendered":"<p style=\"text-align: justify;\"><span style=\"font-size: 14pt;\">O promotor de Justi\u00e7a do Tocantins, Fel\u00edcio Soares, \u00e9 o convidado da Escola Superior do Minist\u00e9rio P\u00fablico Estadual (ESMP) para uma palestra sobre armas de fogo. No encontro, ele tamb\u00e9m lan\u00e7ar\u00e1 seu livro: Manual sobre Armas de Fogo &#8211; para Operadores do Direito. O autor compilou, em um \u00fanico volume, material te\u00f3rico-pr\u00e1tico das diversas vertentes sobre armas de fogo, assunto de conhecimento imprescind\u00edvel aos operadores do Direito, como explicou o diretor da ESMP, o procurador de Justi\u00e7a S\u00e9rgio Juc\u00e1. O evento est\u00e1 marcado para a segunda-feira (28), a partir das 9h30, no audit\u00f3rio do pr\u00e9dio-sede do MPE, no Po\u00e7o.<\/span><br \/>\n<span style=\"font-size: 14pt;\">Promotor de Justi\u00e7a no Tocantins, Fel\u00edcio Soares foi aluno do Complexo Jur\u00eddico Dam\u00e1sio de Jesus. Articulista, Conferencista e Ex-Professor Universit\u00e1rio, ele \u00e9 p\u00f3s-graduado em Direito Penal pela Escola Superior do Minist\u00e9rio P\u00fablico de S\u00e3o Paulo. Com linguagem clara e direta, o promotor promete uma explana\u00e7\u00e3o multidisciplinar sobre o tema, proporcionando uma abordagem sobre Bal\u00edstica forense, Medicina Legal, aspectos administrativos e doutrina sobre legisla\u00e7\u00e3o criminal, entre outros assuntos do mundo das armas de fogo.<\/span><br \/>\n<span style=\"font-size: 14pt;\">O semin\u00e1rio \u00e9 voltado para promotores e procuradores de Justi\u00e7a, servidores e estagi\u00e1rios do MPE, mas tamb\u00e9m ser\u00e1 aberto para comunidade. As inscri\u00e7\u00f5es devem ser realizadas at\u00e9 a sexta-feira (25), das 8h \u00e0s 13h, atrav\u00e9s do email\u00a0<a href=\"mailto:esmpal@yahoo.com.br\">esmpal@yahoo.com.br<\/a>, ou atrav\u00e9s do telefone 2122-3700, com os servidores Jo\u00e3o Marcello e Genilson.<\/span><\/p>\n<p style=\"text-align: justify;\"><span style=\"font-size: 14pt;\"><strong>PROGRAMA\u00c7\u00c3O:<br \/>\n<\/strong>9h30 \u2013 ABERTURA<\/span><br \/>\n<span style=\"font-size: 14pt;\">Dr. S\u00e9rgio Rocha Cavalcanti Juc\u00e1<\/span><br \/>\n<span style=\"font-size: 14pt;\">Procurador de Justi\u00e7a<\/span><br \/>\n<span style=\"font-size: 14pt;\">Diretor da ESMP-AL<\/span><br \/>\n<span style=\"font-size: 14pt;\">Dr. Cl\u00e1udio Jos\u00e9 Brand\u00e3o S\u00e1<\/span><br \/>\n<span style=\"font-size: 14pt;\">Promotor de Justi\u00e7a<\/span><br \/>\n<span style=\"font-size: 14pt;\">Secret\u00e1rio de Planejamento da ESMP-AL<\/span><br \/>\n<span style=\"font-size: 14pt;\">Dr. Edelzito Santos Andrade<\/span><br \/>\n<span style=\"font-size: 14pt;\">Promotor de Justi\u00e7a<\/span><br \/>\n<span style=\"font-size: 14pt;\">Secret\u00e1rio Executivo da ESMP-AL<\/span><br \/>\n<span style=\"font-size: 14pt;\">9h45 \u2013 PALESTRA FEL\u00cdCIO SOARES<\/span><br \/>\n<span style=\"font-size: 14pt;\">Promotor de Justi\u00e7a<\/span><br \/>\n<span style=\"font-size: 14pt;\">10h45 \u2013 DEBATE<\/span><br \/>\n<span style=\"font-size: 14pt;\">11h15 \u2013 APRESENTA\u00c7\u00c3O DO LIVRO: MANUAL SOBRE ARMAS DE FOGO \u2013 PARA OPERADORES DO DIREITO<\/span><\/p>\n<p style=\"text-align: justify;\"><span style=\"font-size: 14pt;\"><strong>SERVI\u00c7O:<br \/>\n<\/strong>28 de NOVEMBRO de 2011 (sexta-feira) \u2013 9h30<\/span><br \/>\n<span style=\"font-size: 14pt;\">Audit\u00f3rio da Procuradoria Geral de Justi\u00e7a do Estado de Alagoas<\/span><br \/>\n<span style=\"font-size: 14pt;\">Rua Dr. Pedro Jorge de Melo e Silva, 79, Edf. Carlos Guido Ferr\u00e1rio Lobo, 5\u00ba andar, Po\u00e7o, Macei\u00f3\/AL.<\/span><br \/>\n<span style=\"font-size: 14pt;\">VAGAS LIMITADAS. Inscri\u00e7\u00f5es at\u00e9 25 de novembro (sexta-feira), das 8h \u00e0s 13h.<\/span><br \/>\n<span style=\"font-size: 14pt;\">ESMP-AL \u2013 Escola Superior do Minist\u00e9rio P\u00fablico de Alagoas<\/span><br \/>\n<span style=\"font-size: 14pt;\">Telefone: 2122-3700 \/ E-mail\u00a0<a href=\"mailto:esmpal@yahoo.com.br\">esmpal@yahoo.com.br<\/a><\/span><\/p>\n<p style=\"text-align: justify;\"><span style=\"font-size: 14pt;\"><strong>Sobre o Livro<br \/>\n<\/strong>Fel\u00edcio Soares e a Editora Impetus lan\u00e7am a 1\u00aa edi\u00e7\u00e3o do Manual sobre Armas de Fogo &#8211; para Operadores do Direito. O autor compilou, em um \u00fanico volume, material te\u00f3rico-pr\u00e1tico das diversas vertentes sobre armas de fogo, assunto de conhecimento imprescind\u00edvel aos intervenientes na \u00e1rea criminal, tais como membros do Minist\u00e9rio P\u00fablico e da Magistratura, Delegados de Pol\u00edcia, Advogados, Defensores, Peritos etc. Com linguagem clara e direta, o autor faz uma explana\u00e7\u00e3o multidisciplinar sobre o tema, proporcionando ao leitor um livro que aborda Bal\u00edstica forense, Medicina Legal, aspectos administrativos e doutrina sobre legisla\u00e7\u00e3o criminal (sob uma vertente ainda in\u00e9dita no mercado editorial), entre outros assuntos. A obra traz ainda sugest\u00f5es de quesitos para cada aspecto pericial analisado, proporcionando ao operador do Direito obter base te\u00f3rica para uma interpreta\u00e7\u00e3o precisa sobre fatos que envolvem a din\u00e2mica de armas de fogo; o que resulta na sustenta\u00e7\u00e3o (ou refuta\u00e7\u00e3o) de uma tese, baseada em t\u00e9cnicas cient\u00edficas das mais modernas. Al\u00e9m de vasta compila\u00e7\u00e3o de jurisprud\u00eancia dos tribunais superiores e da principal legisla\u00e7\u00e3o sobre o tema, a obra j\u00e1 vem atualizada pela recente reforma processual sobre medidas cautelares (Lei Federal n\u00ba 12.403\/2011.<\/span><\/p>\n","protected":false},"excerpt":{"rendered":"<p> [&hellip;]<\/p>\n","protected":false},"author":4,"featured_media":13956,"comment_status":"open","ping_status":"open","sticky":false,"template":"","format":"standard","meta":{"om_disable_all_campaigns":false,"_monsterinsights_skip_tracking":false,"_monsterinsights_sitenote_active":false,"_monsterinsights_sitenote_note":"","_monsterinsights_sitenote_category":0,"_uf_show_specific_survey":0,"_uf_disable_surveys":false,"footnotes":""},"categories":[19,2],"tags":[],"class_list":["post-13955","post","type-post","status-publish","format-standard","has-post-thumbnail","hentry","category-not_esmp","category-not_mpal"],"aioseo_notices":[],"_links":{"self":[{"href":"https:\/\/www.mpal.mp.br\/index.php?rest_route=\/wp\/v2\/posts\/13955","targetHints":{"allow":["GET"]}}],"collection":[{"href":"https:\/\/www.mpal.mp.br\/index.php?rest_route=\/wp\/v2\/posts"}],"about":[{"href":"https:\/\/www.mpal.mp.br\/index.php?rest_route=\/wp\/v2\/types\/post"}],"author":[{"embeddable":true,"href":"https:\/\/www.mpal.mp.br\/index.php?rest_route=\/wp\/v2\/users\/4"}],"replies":[{"embeddable":true,"href":"https:\/\/www.mpal.mp.br\/index.php?rest_route=%2Fwp%2Fv2%2Fcomments&post=13955"}],"version-history":[{"count":1,"href":"https:\/\/www.mpal.mp.br\/index.php?rest_route=\/wp\/v2\/posts\/13955\/revisions"}],"predecessor-version":[{"id":13957,"href":"https:\/\/www.mpal.mp.br\/index.php?rest_route=\/wp\/v2\/posts\/13955\/revisions\/13957"}],"wp:featuredmedia":[{"embeddable":true,"href":"https:\/\/www.mpal.mp.br\/index.php?rest_route=\/wp\/v2\/media\/13956"}],"wp:attachment":[{"href":"https:\/\/www.mpal.mp.br\/index.php?rest_route=%2Fwp%2Fv2%2Fmedia&parent=13955"}],"wp:term":[{"taxonomy":"category","embeddable":true,"href":"https:\/\/www.mpal.mp.br\/index.php?rest_route=%2Fwp%2Fv2%2Fcategories&post=13955"},{"taxonomy":"post_tag","embeddable":true,"href":"https:\/\/www.mpal.mp.br\/index.php?rest_route=%2Fwp%2Fv2%2Ftags&post=13955"}],"curies":[{"name":"wp","href":"https:\/\/api.w.org\/{rel}","templated":true}]}}